{"id":76421,"date":"2020-02-17T12:59:42","date_gmt":"2020-02-17T17:59:42","guid":{"rendered":"https:\/\/linitiative.ca\/International\/camtel-projette-1152-milliards-de-chiffre-daffaires-en-2020\/"},"modified":"2020-02-17T12:59:42","modified_gmt":"2020-02-17T17:59:42","slug":"camtel-projette-1152-milliards-de-chiffre-daffaires-en-2020","status":"publish","type":"post","link":"https:\/\/linitiative.ca\/International\/camtel-projette-1152-milliards-de-chiffre-daffaires-en-2020\/","title":{"rendered":"Camtel projette 115,2 milliards de chiffre d\u2019affaires en 2020"},"content":{"rendered":"<div class=\"featured-area featured-area-inner\"><img loading=\"lazy\" decoding=\"async\" width=\"563\" height=\"405\" src=\"https:\/\/i2.wp.com\/ecomatin.net\/wp-content\/uploads\/2020\/02\/Camtel.png?resize=563%2C405&#038;ssl=1&#038;is-pending-load=1\" class=\"attachment-jannah-image-post size-jannah-image-post wp-post-image jetpack-lazy-image\" alt=\"\" srcset=\"data:image\/gif;base64,R0lGODlhAQABAIAAAAAAAP\/\/\/yH5BAEAAAAALAAAAAABAAEAAAIBRAA7\"\/> Camtel<\/div>\n<div class=\"entry-content entry clearfix\" readability=\"56.3897216274\">\n<p class=\"ydp5bf1c07cyiv9397602987ydp13a8aab4yiv6337512453ydp49b5113dyiv1711928014MsoNormal\">\u00ab\u00a0Customer centricity\u00a0\u00bb et \u00ab\u00a0change management\u00a0\u00bb. Ce sont l\u00e0 les deux principaux axes de la strat\u00e9gie voulue par le top management de la Cameroon Telecommunications (Camtel) pour le d\u00e9veloppement des activit\u00e9s de l\u2019entreprise. Elle a \u00e9t\u00e9 d\u00e9clin\u00e9e le 14 f\u00e9vrier par Judith Yah Sunday Achidi, directrice g\u00e9n\u00e9rale de cette entreprise \u00e0 capitaux publics, \u00e0 l\u2019occasion du lancement de la strat\u00e9gie 2020 de Camtel.<\/p>\n<p class=\"ydp5bf1c07cyiv9397602987ydp13a8aab4yiv6337512453ydp49b5113dyiv1711928014MsoNormal\">Les objectifs de Camtel au cours de cette ann\u00e9e budg\u00e9taire sont donc clairs. Sur le plan financier, la DG de Camtel demande de travailler de sorte que la soci\u00e9t\u00e9 du secteur des t\u00e9l\u00e9coms enregistre un chiffre d\u2019affaires de 115,2 milliards de FCFA, de recouvrer au moins 95% des cr\u00e9ances, et de mettre en place le budget programme.<\/p>\n<p class=\"ydp5bf1c07cyiv9397602987ydp13a8aab4yiv6337512453ydp49b5113dyiv1711928014MsoNormal\">S\u2019agissant de l\u2019axe clients, il est question de fid\u00e9liser au moins 85% des clients, en satisfaire au moins 80% et respecter le cahier des charges de l\u2019Agence de r\u00e9gulation des t\u00e9l\u00e9communications (ART). Le Top management de Camtel commande aussi une atteinte de 85% des objectifs au minimum par processus et de se conformer aux exigences internes, l\u00e9gales et r\u00e9glementaires applicables. Enfin, la motivation du personnel, principale ressource de l\u2019entreprise, devra \u00eatre accrue de 25% et lui sera demand\u00e9 d\u2019atteindre un niveau de rendement de l\u2019ordre de 100%.<\/p>\n<div class=\"sharedaddy sd-sharing-enabled robots-nocontent sd-block sd-social sd-social-icon-text sd-sharing\">\n<h3 class=\"sd-title\">Partager\u00a0:<\/h3>\n<\/div>\n<p><h3 class=\"jp-relatedposts-headline\"><em>Articles similaires<\/em><\/h3>\n<\/p>\n<\/div>\n<div class=\"toggle-post-content clearfix\"><a id=\"toggle-post-button\" class=\"button\" href=\"#\">Afficher plus <\/a><\/div>\n<p>Auteur: Joel Abissek<br \/>\n<a href=\"https:\/\/ecomatin.net\/camtel-projette-1152-milliards-de-chiffre-daffaires-en-2020\/\">Cliquez ici pour lire l&rsquo;article depuis sa source.<\/a><\/p>\n","protected":false},"excerpt":{"rendered":"<p>Camtel \u00ab\u00a0Customer centricity\u00a0\u00bb et \u00ab\u00a0change management\u00a0\u00bb. Ce sont l\u00e0 les deux principaux axes de la strat\u00e9gie voulue par le top management de la Cameroon Telecommunications (Camtel) pour le d\u00e9veloppement des activit\u00e9s de l\u2019entreprise. Elle a \u00e9t\u00e9 d\u00e9clin\u00e9e le 14 f\u00e9vrier par Judith Yah Sunday Achidi, directrice g\u00e9n\u00e9rale de cette entreprise \u00e0 capitaux publics, \u00e0 l\u2019occasion [&hellip;]<\/p>\n","protected":false},"author":1969,"featured_media":0,"comment_status":"closed","ping_status":"closed","sticky":false,"template":"","format":"standard","meta":{"fifu_image_url":"","fifu_image_alt":"","footnotes":""},"categories":[82,78],"tags":[],"class_list":["post-76421","post","type-post","status-publish","format-standard","hentry","category-cameroun","category-economie"],"_links":{"self":[{"href":"https:\/\/linitiative.ca\/International\/wp-json\/wp\/v2\/posts\/76421","targetHints":{"allow":["GET"]}}],"collection":[{"href":"https:\/\/linitiative.ca\/International\/wp-json\/wp\/v2\/posts"}],"about":[{"href":"https:\/\/linitiative.ca\/International\/wp-json\/wp\/v2\/types\/post"}],"author":[{"embeddable":true,"href":"https:\/\/linitiative.ca\/International\/wp-json\/wp\/v2\/users\/1969"}],"replies":[{"embeddable":true,"href":"https:\/\/linitiative.ca\/International\/wp-json\/wp\/v2\/comments?post=76421"}],"version-history":[{"count":0,"href":"https:\/\/linitiative.ca\/International\/wp-json\/wp\/v2\/posts\/76421\/revisions"}],"wp:attachment":[{"href":"https:\/\/linitiative.ca\/International\/wp-json\/wp\/v2\/media?parent=76421"}],"wp:term":[{"taxonomy":"category","embeddable":true,"href":"https:\/\/linitiative.ca\/International\/wp-json\/wp\/v2\/categories?post=76421"},{"taxonomy":"post_tag","embeddable":true,"href":"https:\/\/linitiative.ca\/International\/wp-json\/wp\/v2\/tags?post=76421"}],"curies":[{"name":"wp","href":"https:\/\/api.w.org\/{rel}","templated":true}]}}