{"id":76422,"date":"2020-02-17T13:10:52","date_gmt":"2020-02-17T18:10:52","guid":{"rendered":"https:\/\/linitiative.ca\/International\/la-banque-mondiale-accuse-la-bad-dalourdir-la-dette-des-pays-africains\/"},"modified":"2020-02-17T13:10:52","modified_gmt":"2020-02-17T18:10:52","slug":"la-banque-mondiale-accuse-la-bad-dalourdir-la-dette-des-pays-africains","status":"publish","type":"post","link":"https:\/\/linitiative.ca\/International\/la-banque-mondiale-accuse-la-bad-dalourdir-la-dette-des-pays-africains\/","title":{"rendered":"La Banque mondiale accuse la BAD d\u2019alourdir la dette des pays africains"},"content":{"rendered":"<div><img loading=\"lazy\" decoding=\"async\" width=\"390\" height=\"220\" src=\"https:\/\/i1.wp.com\/ecomatin.net\/wp-content\/uploads\/2020\/02\/BAD.png?resize=390%2C220&#038;ssl=1\" class=\"webfeedsFeaturedVisual wp-post-image\" alt=\"\" style=\"display: block; margin: auto; margin-bottom: 5px;max-width: 100%;\" link_thumbnail=\"\"><\/p>\n<p class=\"yiv9332842609ydp4313b525yiv5537837688msonormal\">La Banque Africaine de D\u00e9veloppement (<b>BAD<\/b>), contributeur continental du d\u00e9veloppement africain est accus\u00e9e au m\u00eame titre que la Banque asiatique de d\u00e9veloppement et la Banque europ\u00e9enne pour la reconstruction et le d\u00e9veloppement d\u2019aggraver le probl\u00e8me de la dette des pays africains. C\u2019est ce qui ressort du\u00a0<span lang=\"FR-CM\">forum de la Banque mondiale tenu \u00e0 Washington\u00a0<\/span>le 10 f\u00e9vrier 2020. Le directeur de cette instance mondiale financi\u00e8re\u00a0<b>David Malpass<\/b>, a reproch\u00e9 \u00e0 ces trois banques de\u00a0\u00ab\u00a0<i>pr\u00eater trop rapidement et d\u2019aggraver le probl\u00e8me de la dette\u00a0<\/i>\u00bb.<\/p>\n<p class=\"yiv9332842609ydp4313b525yiv5537837688msonormal\">Suite \u00e0 cette sortie, la r\u00e9action de la BAD ne s\u2019est pas fait attendre. Dans un communiqu\u00e9 officiel rendu public le vendredi 14 f\u00e9vrier, l\u2019instance dirig\u00e9e par\u00a0<b>Akinwumi Adesina<\/b>\u00a0<span lang=\"FR-CM\">a d\u00e9nonc\u00e9 des propos \u00ab<i>\u00a0inexacts et infond\u00e9s\u2026 mettant en cause l\u2019int\u00e9grit\u00e9\u00a0<\/i>\u00bb de l\u2019institution. La BAD a aussi \u00e9t\u00e9 critiqu\u00e9e par le directeur de la Banque mondiale pour son action au\u00a0<b>Nigeria<\/b>\u00a0et en\u00a0<b>Afrique du Sud<\/b>\u00a0plongeant les deux pays dans une situation budg\u00e9taire difficile. Mais, l\u2019institution d\u00e9montre, chiffres \u00e0 l\u2019appui, qu\u2019elle pr\u00eate \u00e0 ces deux pays beaucoup moins d\u2019argent que la Banque mondiale. Soit respectivement pour le\u00a0<b>Nig\u00e9ria<\/b>\u00a0et l\u2019<b>Afrique du Sud<\/b>\u00a0<b>8,3 milliards de dollars<\/b>\u00a0et\u00a0<b>2,4 milliards de dollars<\/b>\u00a0en\u00a0<b>2018<\/b>\u00a0contre\u00a0<b>2,1 milliards de dollars<\/b>\u00a0et\u00a0<b>2 milliards de dollars<\/b>\u00a0pour la\u00a0<b>BAD<\/b>.<\/span><\/p>\n<div class=\"yiv9332842609ydp4313b525yiv5537837688msonormal\"><span lang=\"FR-CM\">La Banque panafricaine a aussi r\u00e9fut\u00e9 les accusations de manque de transparence, soulignant qu\u2019elle applique les normes internationales adopt\u00e9es par la Banque mondiale. La\u00a0<b>BAD<\/b>\u00a0rappelle enfin qu\u2019elle\u00a0<\/span>reconnait la tendance d\u2019aggravation de la dette des pays africains, mais note \u00e9galement qu\u2019il est imp\u00e9ratif de continuer d\u2019aider ces \u00e9conomies vu l\u2019ampleur des besoins en financement du continent africain<i>,<\/i>\u00a0d\u2019autant que si cela ne d\u00e9pendait que de ces pays, il faudrait en faire plus.<\/div>\n<\/div>\n<p>Auteur: Joel Abissek<br \/>\n<a href=\"https:\/\/ecomatin.net\/la-banque-mondiale-accuse-la-bad-dalourdir-la-dette-des-pays-africains\/\">Cliquez ici pour lire l&rsquo;article depuis sa source.<\/a><\/p>\n","protected":false},"excerpt":{"rendered":"<p>La Banque Africaine de D\u00e9veloppement (BAD), contributeur continental du d\u00e9veloppement africain est accus\u00e9e au m\u00eame titre que la Banque asiatique de d\u00e9veloppement et la Banque europ\u00e9enne pour la reconstruction et le d\u00e9veloppement d\u2019aggraver le probl\u00e8me de la dette des pays africains. C\u2019est ce qui ressort du\u00a0forum de la Banque mondiale tenu \u00e0 Washington\u00a0le 10 f\u00e9vrier [&hellip;]<\/p>\n","protected":false},"author":1969,"featured_media":0,"comment_status":"closed","ping_status":"closed","sticky":false,"template":"","format":"standard","meta":{"fifu_image_url":"","fifu_image_alt":"","footnotes":""},"categories":[82,78],"tags":[],"class_list":["post-76422","post","type-post","status-publish","format-standard","hentry","category-cameroun","category-economie"],"_links":{"self":[{"href":"https:\/\/linitiative.ca\/International\/wp-json\/wp\/v2\/posts\/76422","targetHints":{"allow":["GET"]}}],"collection":[{"href":"https:\/\/linitiative.ca\/International\/wp-json\/wp\/v2\/posts"}],"about":[{"href":"https:\/\/linitiative.ca\/International\/wp-json\/wp\/v2\/types\/post"}],"author":[{"embeddable":true,"href":"https:\/\/linitiative.ca\/International\/wp-json\/wp\/v2\/users\/1969"}],"replies":[{"embeddable":true,"href":"https:\/\/linitiative.ca\/International\/wp-json\/wp\/v2\/comments?post=76422"}],"version-history":[{"count":0,"href":"https:\/\/linitiative.ca\/International\/wp-json\/wp\/v2\/posts\/76422\/revisions"}],"wp:attachment":[{"href":"https:\/\/linitiative.ca\/International\/wp-json\/wp\/v2\/media?parent=76422"}],"wp:term":[{"taxonomy":"category","embeddable":true,"href":"https:\/\/linitiative.ca\/International\/wp-json\/wp\/v2\/categories?post=76422"},{"taxonomy":"post_tag","embeddable":true,"href":"https:\/\/linitiative.ca\/International\/wp-json\/wp\/v2\/tags?post=76422"}],"curies":[{"name":"wp","href":"https:\/\/api.w.org\/{rel}","templated":true}]}}