{"id":76424,"date":"2020-02-18T07:25:29","date_gmt":"2020-02-18T12:25:29","guid":{"rendered":"https:\/\/linitiative.ca\/International\/jeux-olympiques-2020-tokyo-revele-la-devise-officielle\/"},"modified":"2020-02-18T07:25:29","modified_gmt":"2020-02-18T12:25:29","slug":"jeux-olympiques-2020-tokyo-revele-la-devise-officielle","status":"publish","type":"post","link":"https:\/\/linitiative.ca\/International\/jeux-olympiques-2020-tokyo-revele-la-devise-officielle\/","title":{"rendered":"Jeux olympiques-2020 :  Tokyo r\u00e9v\u00e8le la devise officielle"},"content":{"rendered":"<header>\n<div class=\"entry-post-meta\">\n<div class=\"author-link\">Publi\u00e9 par <a itemprop=\"author\" itemscope=\"\" itemtype=\"https:\/\/schema.org\/Person\" href=\"http:\/\/aujourdhui.ma\/profile\/kaid\" rel=\"author\"><span itemprop=\"name\">ALM<\/span><\/a><\/div>\n<p>Date\u00a0:<time content=\"2020-02-18T13:25:29+00:00\" class=\"entry-date updated\" datetime=\"2020-02-18T13:25:29+00:00\">f\u00e9vrier 18, 2020<\/time><\/p>\n<div class=\"entry-cat\">dans:<a href=\"http:\/\/aujourdhui.ma\/category\/sports\" rel=\"category tag\">Sports<\/a><\/div>\n<p>0Vues<\/p>\n<\/div>\n<\/header>\n<div class=\"entry-content clearfix\" readability=\"60\"><img decoding=\"async\" class=\"post_layout_5_img\" src=\"http:\/\/aujourdhui.ma\/wp-content\/uploads\/2018\/04\/Jeux-olympiques-JO.jpg?x29840\" alt=\"Jeux olympiques-2020 : Tokyo r\u00e9v\u00e8le la devise officielle\"\/><\/p>\n<p class=\"p1\"><span class=\"c4\"><strong><span class=\"s1\">Les organisateurs des Jeux olympiques de Tokyo-2020 ont d\u00e9voil\u00e9 lundi la devise de la comp\u00e9tition, \u00abUnis par l\u2019\u00e9motion\u00bb, qui refl\u00e8te selon eux les \u00abvaleurs universelles\u00bb et le \u00abpouvoir unificateur du sport\u00bb.<\/span><\/strong><\/span><span id=\"more-333694\"\/><\/p>\n<p class=\"p1\"><span class=\"s1\"><em>\u00abDes foules de spectateurs qui ne se connaissaient pas avant les Jeux se rassembleront et apprendront qu\u2019il y a plus qui les unit compar\u00e9 \u00e0 ce qui les divise\u00bb<\/em>, a d\u00e9clar\u00e9 le comit\u00e9 d\u2019organisation Tokyo 2020 en d\u00e9voilant la devise dans une vid\u00e9o post\u00e9e sur Internet.<\/span><\/p>\n<p class=\"p1\"><span class=\"s1\">La devise olympique officielle est \u00abCitius, Altius, Fortius\u00bb, en latin, soit \u00abPlus vite, plus haut, plus fort\u00bb, mais chaque ville h\u00f4te choisit son propre slogan pour accompagner son \u00e9dition. En 2016, les JO de Rio avaient pour mantra <em>\u00abUn nouveau monde\u00bb, et ceux de 2012 \u00e0 Londres \u00abInspirer une g\u00e9n\u00e9ration\u00bb.<\/em><\/span><\/p>\n<p class=\"p1\"><span class=\"s1\"><em>En 2004, Ath\u00e8nes avait choisi \u00abBienvenue \u00e0 la maison\u00bb,<\/em> en r\u00e9f\u00e9rence \u00e0 la cr\u00e9ation des Jeux \u00e0 Olympie.<\/span><\/p>\n<\/div>\n<p>Auteur: ALM<br \/>\n<a href=\"http:\/\/aujourdhui.ma\/sports\/jeux-olympiques-2020-tokyo-revele-la-devise-officielle\">Cliquez ici pour lire l&rsquo;article depuis sa source.<\/a><\/p>\n","protected":false},"excerpt":{"rendered":"<p>Publi\u00e9 par ALM Date\u00a0:f\u00e9vrier 18, 2020 dans:Sports 0Vues Les organisateurs des Jeux olympiques de Tokyo-2020 ont d\u00e9voil\u00e9 lundi la devise de la comp\u00e9tition, \u00abUnis par l\u2019\u00e9motion\u00bb, qui refl\u00e8te selon eux les \u00abvaleurs universelles\u00bb et le \u00abpouvoir unificateur du sport\u00bb. \u00abDes foules de spectateurs qui ne se connaissaient pas avant les Jeux se rassembleront et apprendront [&hellip;]<\/p>\n","protected":false},"author":1759,"featured_media":0,"comment_status":"closed","ping_status":"closed","sticky":false,"template":"","format":"standard","meta":{"fifu_image_url":"","fifu_image_alt":"","footnotes":""},"categories":[73,54],"tags":[],"class_list":["post-76424","post","type-post","status-publish","format-standard","hentry","category-actualite","category-maroc"],"_links":{"self":[{"href":"https:\/\/linitiative.ca\/International\/wp-json\/wp\/v2\/posts\/76424","targetHints":{"allow":["GET"]}}],"collection":[{"href":"https:\/\/linitiative.ca\/International\/wp-json\/wp\/v2\/posts"}],"about":[{"href":"https:\/\/linitiative.ca\/International\/wp-json\/wp\/v2\/types\/post"}],"author":[{"embeddable":true,"href":"https:\/\/linitiative.ca\/International\/wp-json\/wp\/v2\/users\/1759"}],"replies":[{"embeddable":true,"href":"https:\/\/linitiative.ca\/International\/wp-json\/wp\/v2\/comments?post=76424"}],"version-history":[{"count":0,"href":"https:\/\/linitiative.ca\/International\/wp-json\/wp\/v2\/posts\/76424\/revisions"}],"wp:attachment":[{"href":"https:\/\/linitiative.ca\/International\/wp-json\/wp\/v2\/media?parent=76424"}],"wp:term":[{"taxonomy":"category","embeddable":true,"href":"https:\/\/linitiative.ca\/International\/wp-json\/wp\/v2\/categories?post=76424"},{"taxonomy":"post_tag","embeddable":true,"href":"https:\/\/linitiative.ca\/International\/wp-json\/wp\/v2\/tags?post=76424"}],"curies":[{"name":"wp","href":"https:\/\/api.w.org\/{rel}","templated":true}]}}