{"id":76425,"date":"2020-02-18T07:58:33","date_gmt":"2020-02-18T12:58:33","guid":{"rendered":"https:\/\/linitiative.ca\/International\/developpement-inclusif-et-durable-dans-le-monde-rural-la-province-de-rhamna-lance-son-initiative-territorial-innovation-lab\/"},"modified":"2020-02-18T07:58:33","modified_gmt":"2020-02-18T12:58:33","slug":"developpement-inclusif-et-durable-dans-le-monde-rural-la-province-de-rhamna-lance-son-initiative-territorial-innovation-lab","status":"publish","type":"post","link":"https:\/\/linitiative.ca\/International\/developpement-inclusif-et-durable-dans-le-monde-rural-la-province-de-rhamna-lance-son-initiative-territorial-innovation-lab\/","title":{"rendered":"D\u00e9veloppement inclusif et durable dans le monde rural : La province de Rhamna lance son initiative \u00abTerritorial Innovation Lab\u00bb"},"content":{"rendered":"<p><img decoding=\"async\" class=\"post_layout_5_img\" src=\"http:\/\/aujourdhui.ma\/wp-content\/uploads\/2020\/02\/Rhamna-lance-son-initiative-Territorial-Innovation-Lab.jpg?x29840\" alt=\"D\u00e9veloppement inclusif et durable dans le monde rural : La province de Rhamna lance son initiative \u00abTerritorial Innovation Lab\u00bb\"\/><\/p>\n<p class=\"p1\"><em><span class=\"c4\"><strong>Elaborer de nouvelles solutions et encourager les innovations locales en mati\u00e8re de d\u00e9veloppement territorial.<\/strong><\/span><\/em> <span id=\"more-333676\"\/><\/p>\n<p class=\"p1\"><em>C\u2019est la finalit\u00e9 derri\u00e8re le \u00abTerritorial Innovation Lab\u00bb lanc\u00e9 le 15 f\u00e9vrier 2020 par la province de Rhamna qui entend mobiliser l\u2019intelligence collective pour un d\u00e9veloppement inclusif et durable. Il s\u2019agit de la mise en place d\u2019une initiative d\u2019open innovation qui regroupe des comp\u00e9tences d\u2019horizons divers et dont l\u2019objectif serait de trouver des r\u00e9ponses concert\u00e9es \u00e0 des fragilit\u00e9s ou des probl\u00e9matiques territoriales. C\u2019est ainsi que pr\u00e8s de 150 personnes se sont rendues \u00e0 cet \u00e9v\u00e8nement qui s\u2019est d\u00e9roul\u00e9 \u00e0 Douar Skoura, repr\u00e9sentant l\u2019ensemble des acteurs publics et priv\u00e9s de la province qui se sont donn\u00e9 rendez-vous pour cet \u00e9v\u00e8nement de lancement.<\/em><\/p>\n<p class=\"p1\"><em>\u00abDans la droite ligne des Hautes orientations de Sa Majest\u00e9 le Roi en mati\u00e8re de d\u00e9veloppement humain, nous sommes persuad\u00e9s que la cl\u00e9 de r\u00e9ussite r\u00e9side en la force de l\u2019ambition et de l\u2019action collective. En mettant en commun nos savoirs, nos comp\u00e9tences et nos capacit\u00e9s, nous les multiplions et nous pourrons ainsi \u0153uvrer diff\u00e9remment \u00e0 l\u2019\u00e9dification collective de piliers solides de d\u00e9veloppement pour la province de Rhamna\u00bb, indique Aziz Bouignane, gouverneur de la province. Pour sa part, Lex Paulson, directeur de l\u2019Ecole d\u2019intelligence collective de l\u2019UMVIP, a relev\u00e9 que \u00abl\u2019Universit\u00e9 Mohammed VI Polytechnique se fait une joie et un devoir d\u2019accompagner le laboratoire. Pens\u00e9 comme un r\u00e9seau de comp\u00e9tences r\u00e9unies autour de sujets territoriaux, \u00abRhamna Territorial Innovation Lab\u00bb jouera un r\u00f4le f\u00e9d\u00e9rateur et catalyseur pour faire na\u00eetre des solutions nouvelles et pour accompagner leur impl\u00e9mentation, par la recherche et l\u2019action participative et en mettant \u00e0 profit les derni\u00e8res m\u00e9thodes de co-design\u00bb.<\/em><\/p>\n<p class=\"p1\"><em>Lors de cette journ\u00e9e les participants ont r\u00e9pondu collectivement aux questions de l\u2019ambition et de la projection co-construite de l\u2019avenir de la province, ainsi qu\u2019aux modalit\u00e9s de travail du laboratoire et aux questions \u00e0 adresser en urgence. Pour les organisateurs de cette initiative, la force de l\u2019open innovation impliquant des parties prenantes de comp\u00e9tences et d\u2019horizons divers, anim\u00e9es par le d\u00e9sir de d\u00e9battre des probl\u00e9matiques de d\u00e9veloppement territorial de leur r\u00e9gion, permettra de proposer des solutions innovantes, efficaces, prenant en consid\u00e9ration le g\u00e9nie du territoire et les visions de chaque intervenant territorial.<\/em><\/p>\n<p class=\"p1\"><em>Notons que Douar Skoura est un village de la commune de Sidi Boubker et qu\u2019en 2008 l\u2019association Terre et Humanisme Maroc l\u2019a choisi pour r\u00e9aliser une ferme p\u00e9dagogique construite avec des mat\u00e9riaux locaux et dot\u00e9e de citernes de r\u00e9cup\u00e9ration d\u2019eau de pluie.<\/em><\/p>\n<p><a href=\"http:\/\/aujourdhui.ma\/wp-content\/uploads\/2020\/02\/Rhamna-lance-son-initiative-Territorial-Innovation-Lab-1.jpg?x29840\"><img loading=\"lazy\" decoding=\"async\" class=\"size-full wp-image-333679 aligncenter\" src=\"http:\/\/aujourdhui.ma\/wp-content\/uploads\/2020\/02\/Rhamna-lance-son-initiative-Territorial-Innovation-Lab-1.jpg?x29840\" alt=\"\" width=\"461\" height=\"731\" srcset=\"http:\/\/aujourdhui.ma\/wp-content\/uploads\/2020\/02\/Rhamna-lance-son-initiative-Territorial-Innovation-Lab-1.jpg 461w, http:\/\/aujourdhui.ma\/wp-content\/uploads\/2020\/02\/Rhamna-lance-son-initiative-Territorial-Innovation-Lab-1-189x300.jpg 189w\" sizes=\"auto, (max-width: 461px) 100vw, 461px\"\/><\/a><\/p>\n<p>Auteur: Ouchagour Leila<br \/>\n<a href=\"http:\/\/aujourdhui.ma\/societe\/developpement-inclusif-et-durable-dans-le-monde-rural-la-province-de-rhamna-lance-son-initiative-territorial-innovation-lab\">Cliquez ici pour lire l&rsquo;article depuis sa source.<\/a><\/p>\n","protected":false},"excerpt":{"rendered":"<p>Elaborer de nouvelles solutions et encourager les innovations locales en mati\u00e8re de d\u00e9veloppement territorial. C\u2019est la finalit\u00e9 derri\u00e8re le \u00abTerritorial Innovation Lab\u00bb lanc\u00e9 le 15 f\u00e9vrier 2020 par la province de Rhamna qui entend mobiliser l\u2019intelligence collective pour un d\u00e9veloppement inclusif et durable. Il s\u2019agit de la mise en place d\u2019une initiative d\u2019open innovation qui [&hellip;]<\/p>\n","protected":false},"author":1759,"featured_media":0,"comment_status":"closed","ping_status":"closed","sticky":false,"template":"","format":"standard","meta":{"fifu_image_url":"","fifu_image_alt":"","footnotes":""},"categories":[73,54],"tags":[],"class_list":["post-76425","post","type-post","status-publish","format-standard","hentry","category-actualite","category-maroc"],"_links":{"self":[{"href":"https:\/\/linitiative.ca\/International\/wp-json\/wp\/v2\/posts\/76425","targetHints":{"allow":["GET"]}}],"collection":[{"href":"https:\/\/linitiative.ca\/International\/wp-json\/wp\/v2\/posts"}],"about":[{"href":"https:\/\/linitiative.ca\/International\/wp-json\/wp\/v2\/types\/post"}],"author":[{"embeddable":true,"href":"https:\/\/linitiative.ca\/International\/wp-json\/wp\/v2\/users\/1759"}],"replies":[{"embeddable":true,"href":"https:\/\/linitiative.ca\/International\/wp-json\/wp\/v2\/comments?post=76425"}],"version-history":[{"count":0,"href":"https:\/\/linitiative.ca\/International\/wp-json\/wp\/v2\/posts\/76425\/revisions"}],"wp:attachment":[{"href":"https:\/\/linitiative.ca\/International\/wp-json\/wp\/v2\/media?parent=76425"}],"wp:term":[{"taxonomy":"category","embeddable":true,"href":"https:\/\/linitiative.ca\/International\/wp-json\/wp\/v2\/categories?post=76425"},{"taxonomy":"post_tag","embeddable":true,"href":"https:\/\/linitiative.ca\/International\/wp-json\/wp\/v2\/tags?post=76425"}],"curies":[{"name":"wp","href":"https:\/\/api.w.org\/{rel}","templated":true}]}}