{"id":76426,"date":"2020-02-18T09:00:30","date_gmt":"2020-02-18T14:00:30","guid":{"rendered":"https:\/\/linitiative.ca\/International\/la-sdl-agadir-souss-massa-desormais-operationnelle\/"},"modified":"2020-02-18T09:00:30","modified_gmt":"2020-02-18T14:00:30","slug":"la-sdl-agadir-souss-massa-desormais-operationnelle","status":"publish","type":"post","link":"https:\/\/linitiative.ca\/International\/la-sdl-agadir-souss-massa-desormais-operationnelle\/","title":{"rendered":"La SDL Agadir Souss-Massa d\u00e9sormais op\u00e9rationnelle"},"content":{"rendered":"<p><img decoding=\"async\" class=\"post_layout_5_img\" src=\"http:\/\/aujourdhui.ma\/wp-content\/uploads\/2018\/06\/Agadir.jpg?x29840\" alt=\"La SDL Agadir Souss-Massa d\u00e9sormais op\u00e9rationnelle\"\/><\/p>\n<p class=\"p1\"><span class=\"c5\"><strong><span class=\"c4\"><em>Elle supervisera l\u2019ex\u00e9cution du programme de d\u00e9veloppement urbain<\/em><\/span><\/strong><\/span> <span id=\"more-333669\"\/><\/p>\n<div class=\"base-box mom_box_sc_custom mom_box_sc clear c6\" readability=\"11\">\n<p class=\"p1\"><strong><span class=\"s1\"><em>La soci\u00e9t\u00e9 sera notamment charg\u00e9e des axes li\u00e9s au renforcement des infrastructures de base, \u00e0 la pr\u00e9servation de l\u2019environnement, l\u2019am\u00e9nagement des espaces verts et la promotion de la ville en tant que destination touristique.<\/em><\/span><\/strong><\/p>\n<\/div>\n<p class=\"p1\"><span class=\"s1\">La Soci\u00e9t\u00e9 de d\u00e9veloppement local (SDL) \u00abAgadir Souss-Massa Am\u00e9nagement\u00bb a tenu vendredi dernier son premier conseil d\u2019administration (CA), sous la pr\u00e9sidence d\u2019Ahmed Hajji, wali de la r\u00e9gion, ainsi que les membres de son CA. Celle-ci supervisera le programme de d\u00e9veloppement urbain de la ville d\u2019Agadir (2020-2024), lanc\u00e9 par SM le Roi Mohammed VI d\u00e9but de ce mois.<\/span><\/p>\n<p class=\"p1\"><span class=\"s1\">Lors de son intervention par l\u2019occasion, Mounir Jbilou, nouveau directeur de la SDL, a pr\u00e9sent\u00e9 les grandes lignes du programme d\u2019action de la soci\u00e9t\u00e9 relatif \u00e0 la p\u00e9riode 2020-2024, et qui rentre dans le cadre de l\u2019application des dispositions de la convention relative au programme de d\u00e9veloppement urbain d\u2019Agadir (2020-2024), sign\u00e9e devant le Souverain.<\/span><\/p>\n<p class=\"p1\"><span class=\"s1\">La soci\u00e9t\u00e9 sera charg\u00e9e des axes li\u00e9s au renforcement des infrastructures de base, \u00e0 la pr\u00e9servation de l\u2019environnement, l\u2019am\u00e9nagement des espaces verts, la promotion de la ville en tant que destination touristique, ainsi qu\u2019\u00e0 la promotion culturelle et la mise en valeur du patrimoine et des lieux de culte. Le CA a \u00e9galement approuv\u00e9 \u00e0 l\u2019unanimit\u00e9 l\u2019organigramme, le code des march\u00e9s publics et le budget de gestion de la SDL au titre de 2020.<\/span><\/p>\n<p class=\"p1\"><span class=\"s1\">Intervenant \u00e0 cette r\u00e9union, Ahmed Hajji a salu\u00e9 les chantiers d\u2019envergure lanc\u00e9s par SM le Roi dans la ville d\u2019Agadir et sa r\u00e9gion, notamment le programme de d\u00e9veloppement urbain d\u2019Agadir et sa convention-cadre.<\/span><\/p>\n<p class=\"p1\"><span class=\"s1\">D\u2019apr\u00e8s lui, <em>\u00able lancement de la SDL Agadir Souss-Massa s\u2019inscrit dans le cadre du renforcement et de la mise en \u0153uvre des m\u00e9canismes de la bonne gouvernance et constitue une cons\u00e9cration de ses principes pour garantir la transparence, l\u2019efficience, la justesse et la promptitude n\u00e9cessaires \u00e0 la gestion et \u00e0 la mise en \u0153uvre des march\u00e9s\u00bb.<\/em><\/span><\/p>\n<p class=\"p1\"><span class=\"s1\">Cette nouvelle entit\u00e9, deuxi\u00e8me de son genre cr\u00e9\u00e9e par le Conseil de la r\u00e9gion du Souss-Massa apr\u00e8s la Soci\u00e9t\u00e9 r\u00e9gionale de d\u00e9veloppement touristique, est g\u00e9r\u00e9e par un conseil d\u2019administration compos\u00e9 des repr\u00e9sentants de la r\u00e9gion Souss-Massa et des collectivit\u00e9s territoriales d\u2019Agadir, Aourir, Drarga et Taghazout, et qui ont d\u00e9j\u00e0 tenu des sessions extraordinaires pour valider leur adh\u00e9sion \u00e0 ladite soci\u00e9t\u00e9.<\/span><\/p>\n<p class=\"p1\"><span class=\"s1\">Pour rappel, le programme de d\u00e9veloppement urbain est \u00e9rig\u00e9 au centre des missions de cette nouvelle soci\u00e9t\u00e9. Ce dernier porte sur six principaux axes et qui mobiliseront des investissements de l\u2019ordre de 6 milliards de dirhams. Ce programme vise la cons\u00e9cration du positionnement de la ville et le renforcement de son attractivit\u00e9 en tant que destination touristique nationale et internationale, l\u2019am\u00e9lioration des indices de d\u00e9veloppement humain, la promotion des conditions de vie des populations, notamment des habitants des quartiers sous-\u00e9quip\u00e9s, le renforcement des infrastructures de base et la consolidation du r\u00e9seau routier de la ville pour une mobilit\u00e9 meilleure.<\/span><\/p>\n<p>Auteur: Mohamed Laabid<br \/>\n<a href=\"http:\/\/aujourdhui.ma\/economie\/la-sdl-agadir-souss-massa-desormais-operationnelle\">Cliquez ici pour lire l&rsquo;article depuis sa source.<\/a><\/p>\n","protected":false},"excerpt":{"rendered":"<p>Elle supervisera l\u2019ex\u00e9cution du programme de d\u00e9veloppement urbain La soci\u00e9t\u00e9 sera notamment charg\u00e9e des axes li\u00e9s au renforcement des infrastructures de base, \u00e0 la pr\u00e9servation de l\u2019environnement, l\u2019am\u00e9nagement des espaces verts et la promotion de la ville en tant que destination touristique. La Soci\u00e9t\u00e9 de d\u00e9veloppement local (SDL) \u00abAgadir Souss-Massa Am\u00e9nagement\u00bb a tenu vendredi dernier [&hellip;]<\/p>\n","protected":false},"author":1759,"featured_media":0,"comment_status":"closed","ping_status":"closed","sticky":false,"template":"","format":"standard","meta":{"fifu_image_url":"","fifu_image_alt":"","footnotes":""},"categories":[73,54],"tags":[],"class_list":["post-76426","post","type-post","status-publish","format-standard","hentry","category-actualite","category-maroc"],"_links":{"self":[{"href":"https:\/\/linitiative.ca\/International\/wp-json\/wp\/v2\/posts\/76426","targetHints":{"allow":["GET"]}}],"collection":[{"href":"https:\/\/linitiative.ca\/International\/wp-json\/wp\/v2\/posts"}],"about":[{"href":"https:\/\/linitiative.ca\/International\/wp-json\/wp\/v2\/types\/post"}],"author":[{"embeddable":true,"href":"https:\/\/linitiative.ca\/International\/wp-json\/wp\/v2\/users\/1759"}],"replies":[{"embeddable":true,"href":"https:\/\/linitiative.ca\/International\/wp-json\/wp\/v2\/comments?post=76426"}],"version-history":[{"count":0,"href":"https:\/\/linitiative.ca\/International\/wp-json\/wp\/v2\/posts\/76426\/revisions"}],"wp:attachment":[{"href":"https:\/\/linitiative.ca\/International\/wp-json\/wp\/v2\/media?parent=76426"}],"wp:term":[{"taxonomy":"category","embeddable":true,"href":"https:\/\/linitiative.ca\/International\/wp-json\/wp\/v2\/categories?post=76426"},{"taxonomy":"post_tag","embeddable":true,"href":"https:\/\/linitiative.ca\/International\/wp-json\/wp\/v2\/tags?post=76426"}],"curies":[{"name":"wp","href":"https:\/\/api.w.org\/{rel}","templated":true}]}}