{"id":76427,"date":"2020-02-18T09:25:42","date_gmt":"2020-02-18T14:25:42","guid":{"rendered":"https:\/\/linitiative.ca\/International\/festival-national-du-film-de-tanger-voici-les-15-fictions-retenues\/"},"modified":"2020-02-18T09:25:42","modified_gmt":"2020-02-18T14:25:42","slug":"festival-national-du-film-de-tanger-voici-les-15-fictions-retenues","status":"publish","type":"post","link":"https:\/\/linitiative.ca\/International\/festival-national-du-film-de-tanger-voici-les-15-fictions-retenues\/","title":{"rendered":"Festival national du film de Tanger : Voici les 15 fictions retenues"},"content":{"rendered":"<p><img decoding=\"async\" class=\"post_layout_5_img\" src=\"http:\/\/aujourdhui.ma\/wp-content\/uploads\/2020\/02\/Festival-national-du-film-de-Tanger-1.jpg?x29840\" alt=\"Festival national du film de Tanger : Voici les 15 fictions retenues\"\/><\/p>\n<p class=\"p1\"><span class=\"c4\"><strong><span class=\"s1\"><em>Une \u00e9dition marqu\u00e9e par des hommages \u00e0 Abdelmajid Rechiche, Farida Bourquia et autres<\/em><\/span><\/strong><\/span> <span id=\"more-333702\"\/><\/p>\n<div class=\"base-box mom_box_sc_custom mom_box_sc clear c5\" readability=\"9\">\n<p class=\"p1\"><strong><span class=\"s1\"><em>Farida Bourquia elle est l\u2019une des r\u00e9alisatrices confirm\u00e9es. Durant son parcours professionnel, elle a port\u00e9 la voix des femmes dans toutes ses \u0153uvres cin\u00e9matographiques\u00a0<\/em><\/span><\/strong><strong><span class=\"s1\"><em>et t\u00e9l\u00e9visuelles.<\/em><\/span><\/strong><\/p>\n<\/div>\n<p class=\"p1\"><span class=\"s1\">Les longs m\u00e9trages de fiction en lice pour la comp\u00e9tition du 21\u00e8me Festival national du film, pr\u00e9vu du 28 f\u00e9vrier au 7 mars, sont d\u00e9sormais connus. Ainsi la commission de s\u00e9lection a choisi 15 longs m\u00e9trages, apr\u00e8s en avoir visionn\u00e9 21.<\/span><\/p>\n<p class=\"p1\"><span class=\"s1\">Il y a lieu de citer \u00abAdam\u00bb de Maryam Touzani, \u00abKhamiss 1984\u00bb de Mohamed Bouzaggou, \u00abLalla Aicha\u00bb de Mohamed El Badaoui, \u00abLa Mora, l\u2019amour au temps de guerre\u00bb de Mohamed Ismail, \u00abL\u2019automne des pommiers\u00bb de Mohamed Mouftakir, \u00abLes portes du ciel\u00bb de Mourad El Khaoudy, \u00abPetits r\u00eaves\u00bb de Mohammed Kerrat, \u00abPour la cause\u00bb de Hassan Benjelloun, \u00abLe miracle du saint inconnu\u00bb de Alaa Eddine Aljem, \u00abUne femme dans l\u2019ombre\u00bb de Jamal Belmejdoub et \u00abThe punch\u00bb de Mohamed Amine Mouna. Outre cette comp\u00e9tition, cette \u00e9dition sera marqu\u00e9e par des hommages rendus \u00e0 plusieurs figures du cin\u00e9ma marocain \u00e0 l\u2019instar de Feu Mohamed Tazi Ben Abdelouahed, Abdelmajid Rechiche, Farida Bourquia et Mohamed Razine. Consid\u00e9r\u00e9 comme un des pionniers du cin\u00e9ma marocain, Mohamed Tazi Ben Abdelouahed a r\u00e9alis\u00e9 son premier long m\u00e9trage \u00abAlerte \u00e0 la drogue\u00bb en 1966, suivi de \u00abAmina\u00bb (1980), \u00abLalla Chafia\u00bb (1982) et \u00abAbbes ou Joha n\u2019est pas mort\u00bb (1986).<span class=\"Apple-converted-space\">\u00a0<\/span> En ce qui concerne Abdelmajid Rechiche, il a int\u00e9gr\u00e9 le Centre cin\u00e9matographique marocain en 1964.<\/span><\/p>\n<p class=\"p1\"><span class=\"s1\">Directeur de la photographie de formation, il a r\u00e9alis\u00e9 plusieurs num\u00e9ros des \u00abActualit\u00e9s Marocaines\u00bb, ainsi que des films de court m\u00e9trage tels que \u00abSix et douze\u00bb (collectif- 1968), \u00abLa for\u00eat\u00bb (1970), \u00abAl Boraq\u00bb (1973). Il est aussi auteur de trois longs m\u00e9trages de fiction: \u00abHistoire d\u2019une rose\u00bb (2000), \u00abLes ailes bris\u00e9es\u00bb (2004) et \u00abM\u00e9moire d\u2019argile\u00bb (2010).<\/span><\/p>\n<p class=\"p1\"><span class=\"s1\">En ce qui concerne Farida Bourquia, elle est l\u2019une des r\u00e9alisatrices confirm\u00e9es. Durant son parcours professionnel, elle a port\u00e9 la voix des femmes dans toutes ses \u0153uvres cin\u00e9matographiques et t\u00e9l\u00e9<\/span><span class=\"s2\">visuelles. Pour le cin\u00e9ma, elle a r\u00e9alis\u00e9 \u00abLa braise\u00bb (1982), \u00abDeux femmes sur la route\u00bb (2007) et \u00abZaynab, la rose d\u2019Aghmat\u00bb (2013).<\/span><\/p>\n<p class=\"p1\"><span class=\"s2\">Mohamed Razine a fait ses d\u00e9buts sur les planches avant de devenir com\u00e9dien de cin\u00e9ma et de t\u00e9l\u00e9vision. Au cours de 40 ans de carri\u00e8re professionnelle, il a particip\u00e9 \u00e0 plusieurs films cin\u00e9matographiques et t\u00e9l\u00e9visuels marocains et internationaux.<\/span><\/p>\n<p>Auteur: ALM<br \/>\n<a href=\"http:\/\/aujourdhui.ma\/autre\/festival-national-du-film-de-tanger-voici-les-15-fictions-retenues\">Cliquez ici pour lire l&rsquo;article depuis sa source.<\/a><\/p>\n","protected":false},"excerpt":{"rendered":"<p>Une \u00e9dition marqu\u00e9e par des hommages \u00e0 Abdelmajid Rechiche, Farida Bourquia et autres Farida Bourquia elle est l\u2019une des r\u00e9alisatrices confirm\u00e9es. Durant son parcours professionnel, elle a port\u00e9 la voix des femmes dans toutes ses \u0153uvres cin\u00e9matographiques\u00a0et t\u00e9l\u00e9visuelles. Les longs m\u00e9trages de fiction en lice pour la comp\u00e9tition du 21\u00e8me Festival national du film, pr\u00e9vu [&hellip;]<\/p>\n","protected":false},"author":1759,"featured_media":0,"comment_status":"closed","ping_status":"closed","sticky":false,"template":"","format":"standard","meta":{"fifu_image_url":"","fifu_image_alt":"","footnotes":""},"categories":[73,54],"tags":[],"class_list":["post-76427","post","type-post","status-publish","format-standard","hentry","category-actualite","category-maroc"],"_links":{"self":[{"href":"https:\/\/linitiative.ca\/International\/wp-json\/wp\/v2\/posts\/76427","targetHints":{"allow":["GET"]}}],"collection":[{"href":"https:\/\/linitiative.ca\/International\/wp-json\/wp\/v2\/posts"}],"about":[{"href":"https:\/\/linitiative.ca\/International\/wp-json\/wp\/v2\/types\/post"}],"author":[{"embeddable":true,"href":"https:\/\/linitiative.ca\/International\/wp-json\/wp\/v2\/users\/1759"}],"replies":[{"embeddable":true,"href":"https:\/\/linitiative.ca\/International\/wp-json\/wp\/v2\/comments?post=76427"}],"version-history":[{"count":0,"href":"https:\/\/linitiative.ca\/International\/wp-json\/wp\/v2\/posts\/76427\/revisions"}],"wp:attachment":[{"href":"https:\/\/linitiative.ca\/International\/wp-json\/wp\/v2\/media?parent=76427"}],"wp:term":[{"taxonomy":"category","embeddable":true,"href":"https:\/\/linitiative.ca\/International\/wp-json\/wp\/v2\/categories?post=76427"},{"taxonomy":"post_tag","embeddable":true,"href":"https:\/\/linitiative.ca\/International\/wp-json\/wp\/v2\/tags?post=76427"}],"curies":[{"name":"wp","href":"https:\/\/api.w.org\/{rel}","templated":true}]}}