{"id":76429,"date":"2020-02-18T06:06:04","date_gmt":"2020-02-18T11:06:04","guid":{"rendered":"https:\/\/linitiative.ca\/International\/une-nouvelle-case-de-depart-pour-un-secteur-vital-de-leconomie\/"},"modified":"2020-02-18T06:06:04","modified_gmt":"2020-02-18T11:06:04","slug":"une-nouvelle-case-de-depart-pour-un-secteur-vital-de-leconomie","status":"publish","type":"post","link":"https:\/\/linitiative.ca\/International\/une-nouvelle-case-de-depart-pour-un-secteur-vital-de-leconomie\/","title":{"rendered":"Une nouvelle case de d\u00e9part pour un secteur vital de l\u2019\u00e9conomie"},"content":{"rendered":"<p class=\"has-text-color has-vivid-red-color c2\"><strong>Nouvelle strat\u00e9gie agricole G\u00e9n\u00e9ration Green 2020- 2030<\/strong><\/p>\n<p class=\"c3\"><strong>Par Fairouz El Mouden<\/strong><\/p>\n<p class=\"has-text-color c4\"><strong>Le Plan Maroc Vert (PMV) est d\u00e9sormais plac\u00e9 au second plan. La strat\u00e9gie Green 2020-2030 se veut tr\u00e8s ambitieuse et fixe des objectifs de d\u00e9veloppement assez diversifi\u00e9s qui touchent le monde rural et agricole. En fait deux fondamentaux sont essentiels pour mettre en place la nouvelle strat\u00e9gie \u00e0 savoir la valorisation du capital humain et la poursuite d\u2019une certaine\u00a0 dynamique enclench\u00e9e depuis l\u2019annonce du PMV. Or c\u2019est sur cette dynamique ou pr\u00e9cis\u00e9ment ce manque de dynamique que revient la probl\u00e9matique de la politique agricole du Maroc. Le PMV n\u2019a pas r\u00e9ussi \u00e0 faire sortir le secteur agricole de sa l\u00e9thargie d\u2019antan. D\u2019ailleurs les constats sont annonciateurs de nombreuses d\u00e9faillances, de retard d\u2019ex\u00e9cution\u00a0 de projets et d\u2019avancement dans d\u2019autres.<\/strong><\/p>\n<p>On se rappelle\u00a0 des sept fondamentaux du plan Maroc vert. Le premier visait de faire du secteur agricole le principal levier de croissance sur les 10 \u00e0 15 ann\u00e9es \u00e0 venir avec des objectifs chiffr\u00e9s pour faire augmenter le PIB agricole, cr\u00e9er 1,5 Millions d\u2019emplois suppl\u00e9mentaires, am\u00e9liorer le\u00a0 revenu agricole et accroitre la valeur des exportations agricoles. Apr\u00e8s plus de deux ans d\u2019application, le ministre de tutelle fixe dans le cadre de la strat\u00e9gie G\u00e9n\u00e9ration Green 2020-2030 la \u00a0consolidation des fili\u00e8res agricoles qui passe par le doublement du PIB agricole, pour atteindre 200 \u00e0 250 milliards de dirhams (MMDH) \u00e0 l\u2019horizon 2030, et la multiplication\u00a0 par deux de la valeur des exportations marocaines pour atteindre 50 \u00e0 60 MMDH.<\/p>\n<p>Le second fondement du PMV\u00a0 renvoie \u00e0 l\u2019adoption de l\u2019agr\u00e9gation comme mod\u00e8le d\u2019organisation agricole avec notamment la mise en \u00a0place de nouveau syst\u00e8me de subvention, un acc\u00e8s pr\u00e9f\u00e9rentiel au foncier, au financement et aussi la cr\u00e9ation d\u2019un fonds de garantie de l\u2018investissement. En 2020 Akannouch annonce une fois encore le lancement d\u2019une nouvelle g\u00e9n\u00e9ration d\u2019organisations agricoles\u00a0 innovantes qui\u00a0 multiplie par 5 le taux de regroupement, et assure\u00a0 la promotion de nouveaux mod\u00e8les de coop\u00e9ratives et le renforcement de l\u2019ind\u00e9pendance de ces interprofessions dans la structuration des cha\u00eenes de production.<\/p>\n<p>Un autre fondement du PMV concerne le d\u00e9veloppement agricole moderne et \u00e0 haute valeur ajout\u00e9e dans le cadre du pilier I et l\u2019accompagnement solidaire de la petite agricole Pilier II. Il \u00e9tait aussi question de promouvoir l\u2019investissement priv\u00e9 et l\u2019aide publique. A d\u00e9faut, l\u2019artisan du PMV revient dans le cadre de la G\u00e9n\u00e9ration Green 2020-2030 sur la n\u00e9cessit\u00e9 de faire \u00e9merger une nouvelle\u00a0\u00a0 nouvelle g\u00e9n\u00e9ration de classe moyenne agricole en am\u00e9liorant les revenus des agriculteurs , g\u00e9n\u00e9raliser \u00a0l\u2019assurance maladie et la protection sociale et\u00a0 pr\u00e9voir la r\u00e9duction de la diff\u00e9rence entre le salaire minimum l\u00e9gal agricole (SMAG) et le salaire minimum l\u00e9gal des autres secteurs (SMIG) \u00e0 l\u2019horizon 2030.<\/p>\n<p>Le Plan Maroc Vert tablait, par ailleurs, sur la lutte contre la pauvret\u00e9, sur\u00a0 l\u2019am\u00e9lioration du pouvoir d\u2019achat et de la qualit\u00e9 sur le march\u00e9 local et le r\u00e9\u00e9quilibrage \u00e0 long terme du d\u00e9ficit de la balance alimentaire avec aussi comme objectif la s\u00e9curisation des \u00e9changes commerciaux. La distribution ainsi que la commercialisation et le conditionnement \u00a0posent toujours probl\u00e9matique.\u00a0 L\u00e0 encore tout laisse \u00e0 d\u00e9sirer et le Maroc importe une bonne partie de ses besoins alimentaires de l\u2019ext\u00e9rieur.\u00a0 Ce la est \u00e0 nouveau confirm\u00e9 dans la pr\u00e9sentation de Akhannouch de la nouvelle strat\u00e9gie de d\u00e9veloppement agricole 2020-2030. Il s\u2019agit pour lui d\u2019am\u00e9liorer les chaines de distribution via la modernisation de 12 march\u00e9s de gros et de souks. La question de l\u2019am\u00e9lioration de la qualit\u00e9 et de la capacit\u00e9 d\u2019innovation\u00a0 est \u00e0 l\u2019ordre du jour.\u00a0 On veut accorder \u00a0l\u2019agr\u00e9ment \u00e0 120 abattoirs modernes tout en doublant les contr\u00f4les sanitaires conform\u00e9ment aux normes internationales et r\u00e9pondre aux besoins des consommateurs, tout en faisant du produit \u00ab\u00a0origine Maroc\u00a0\u00bb un gage de qualit\u00e9\u2026<\/p>\n<p>La G\u00e9n\u00e9ration Green 2020-2030 est certes ambitieuse. Mais il est aujourd\u2019hui question de s\u2019assurer de la viabilit\u00e9 des diff\u00e9rents projets et des priorit\u00e9s qui urgent pour sauver la communaut\u00e9 des agriculteurs et de la\u00a0 population rurale et permettre \u00e0 tout un secteur vital de l\u2019\u00e9conomie national de jouer son r\u00f4le comme il se doit ind\u00e9pendamment des al\u00e9as climatiques et d\u2019autres facteurs exog\u00e8nes.<\/p>\n<p class=\"has-text-color has-vivid-red-color c2\"><strong>D\u00e9veloppement du secteur des eaux et for\u00eats\u00a0<\/strong><\/p>\n<p><strong>Les Constats\u00a0:<\/strong><\/p>\n<ul>\n<li>Les espaces forestiers, dont la superficie est estim\u00e9e \u00e0 9 millions de hectares, se trouvent dans un \u00e9tat d\u00e9labr\u00e9, \u00e0 cause de la d\u00e9t\u00e9rioration de 17.000 ha de terres de for\u00eats chaque ann\u00e9e\u00a0;<\/li>\n<li>\u00a0la capacit\u00e9 limit\u00e9e de production des bois de for\u00eats destin\u00e9es \u00e0 la protection intensive est d\u2019\u2019environ 20% \u00e0 30%,<\/li>\n<li>la faiblesse de la valorisation des for\u00eats de ch\u00eane-li\u00e8ge, l<\/li>\n<li>sur-pr\u00e9l\u00e8vement en bois de feu et la surexploitation des zones de p\u00e2turage.<\/li>\n<\/ul>\n<p>\u00a0<strong>Objectifs\u00a0:<\/strong><\/p>\n<ul>\n<li>\u00a0rattraper, \u00e0 l\u2019horizon 2030, 30 ans de d\u00e9t\u00e9rioration du couvert forestier, \u00e0 travers le repeuplement de 133.000 ha de for\u00eats,<\/li>\n<li>reboisement de 50.000 ha chaque ann\u00e9e en vue d\u2019atteindre l\u2019objectif de 100.000 ha rebois\u00e9s chaque ann\u00e9e \u00e0 la fin de la strat\u00e9gie, a dit le ministre.<\/li>\n<li>cr\u00e9ation de 27.500 postes d\u2019emplois directs suppl\u00e9mentaires, outre l\u2019am\u00e9lioration des revenus des fili\u00e8res de production et de l\u2019\u00e9co-tourisme pour atteindre une valeur marchande annuelle de 5 milliards de dirhams (MMDH), a-t-il encha\u00een\u00e9.<\/li>\n<\/ul>\n<p>Q<strong>uatre principaux axes<\/strong><\/p>\n<ul>\n<li>\u00a0la cr\u00e9ation d\u2019un nouveau mod\u00e8le bas\u00e9 sur une approche participative associant les populations \u00e0 la gestion,<\/li>\n<li>la gestion et le d\u00e9veloppement des espaces forestiers selon leurs richesses,<\/li>\n<li>la promotion et la modernisation des m\u00e9tiers forestiers via leur digitalisation<\/li>\n<li>la r\u00e9forme institutionnelle du secteur \u00e0 travers la cr\u00e9ation de deux agences et la qualification des ressources humaines\u00a0; cet axe \u00a0sera d\u00e9clin\u00e9 en la cr\u00e9ation d\u2019une Agence des eaux et for\u00eats, qui sera charg\u00e9e de la gestion souveraine de la propri\u00e9t\u00e9 foresti\u00e8re, et d\u2019une Agence de conservation de la nature, charg\u00e9e de la gestion des parcs nationaux.<\/li>\n<\/ul>\n<p>Auteur: M&rsquo;hammed rahal<br \/>\n<a href=\"http:\/\/albayane.press.ma\/85244.html\">Cliquez ici pour lire l&rsquo;article depuis sa source.<\/a><\/p>\n","protected":false},"excerpt":{"rendered":"<p>Nouvelle strat\u00e9gie agricole G\u00e9n\u00e9ration Green 2020- 2030 Par Fairouz El Mouden Le Plan Maroc Vert (PMV) est d\u00e9sormais plac\u00e9 au second plan. La strat\u00e9gie Green 2020-2030 se veut tr\u00e8s ambitieuse et fixe des objectifs de d\u00e9veloppement assez diversifi\u00e9s qui touchent le monde rural et agricole. En fait deux fondamentaux sont essentiels pour mettre en place [&hellip;]<\/p>\n","protected":false},"author":1760,"featured_media":0,"comment_status":"closed","ping_status":"closed","sticky":false,"template":"","format":"standard","meta":{"fifu_image_url":"","fifu_image_alt":"","footnotes":""},"categories":[73,54],"tags":[],"class_list":["post-76429","post","type-post","status-publish","format-standard","hentry","category-actualite","category-maroc"],"_links":{"self":[{"href":"https:\/\/linitiative.ca\/International\/wp-json\/wp\/v2\/posts\/76429","targetHints":{"allow":["GET"]}}],"collection":[{"href":"https:\/\/linitiative.ca\/International\/wp-json\/wp\/v2\/posts"}],"about":[{"href":"https:\/\/linitiative.ca\/International\/wp-json\/wp\/v2\/types\/post"}],"author":[{"embeddable":true,"href":"https:\/\/linitiative.ca\/International\/wp-json\/wp\/v2\/users\/1760"}],"replies":[{"embeddable":true,"href":"https:\/\/linitiative.ca\/International\/wp-json\/wp\/v2\/comments?post=76429"}],"version-history":[{"count":0,"href":"https:\/\/linitiative.ca\/International\/wp-json\/wp\/v2\/posts\/76429\/revisions"}],"wp:attachment":[{"href":"https:\/\/linitiative.ca\/International\/wp-json\/wp\/v2\/media?parent=76429"}],"wp:term":[{"taxonomy":"category","embeddable":true,"href":"https:\/\/linitiative.ca\/International\/wp-json\/wp\/v2\/categories?post=76429"},{"taxonomy":"post_tag","embeddable":true,"href":"https:\/\/linitiative.ca\/International\/wp-json\/wp\/v2\/tags?post=76429"}],"curies":[{"name":"wp","href":"https:\/\/api.w.org\/{rel}","templated":true}]}}