{"id":76431,"date":"2020-02-18T06:17:08","date_gmt":"2020-02-18T11:17:08","guid":{"rendered":"https:\/\/linitiative.ca\/International\/un-paysage-politique-recroqueville\/"},"modified":"2020-02-18T06:17:08","modified_gmt":"2020-02-18T11:17:08","slug":"un-paysage-politique-recroqueville","status":"publish","type":"post","link":"https:\/\/linitiative.ca\/International\/un-paysage-politique-recroqueville\/","title":{"rendered":"Un paysage politique recroquevill\u00e9!"},"content":{"rendered":"<p class=\"has-text-color c2\"><strong>La sc\u00e8ne politique nationale moisit dans la l\u00e9thargie tant que l\u2019Ex\u00e9cutif ne porte pas son discours au sein d\u2019un peuple si emport\u00e9 par ses affres au quotidien.<\/strong><\/p>\n<p>Qui entend parler du gouvernement, m\u00eame s\u2019il croit s\u2019ing\u00e9nier \u00e0 bien faire\u00a0? Mais, son action demeure atone et inaudible\u00a0! Il s\u2019embourbe en revanche, dans des coups de bec sans rel\u00e2che, entre ses composantes, les plus en vue. Cette apathie d\u00e9routante ne fait qu\u2019affecter le climat politique du pays et fait sombrer, dans l\u2019expectative, les diff\u00e9rents \u00a0acteurs dont le r\u00f4le d\u00e9cisif de m\u00e9diation est quasiment renvoy\u00e9 aux calendes grecques.<\/p>\n<p>On a plut\u00f4t l\u2019impression que, d\u2019un c\u00f4t\u00e9, l\u2019Ex\u00e9cutif pagaie \u00e0 contre courant, en de\u00e7\u00e0 de ce que le peuple attend de lui et, de l\u2019autre, une flop\u00e9e d\u2019entit\u00e9s partisanes, en mal de rep\u00e8res, se d\u00e9marque, de gr\u00e9 ou parfois de mal gr\u00e9, des populations, les plus d\u00e9munies, en particulier.<\/p>\n<p>Cette situation ambigu\u00eb que la nation n\u2019a jamais connue, m\u00eame au temps des ann\u00e9es de plomb, car tout au moins, le mouvement national tenait t\u00eate aux oppressions, s\u00e9cr\u00e9tait, au fil du temps, une d\u00e9chirure d\u00e9concertante entre l\u2019Etat et le peuple, en l\u2019absence quasi-permanente des facteurs m\u00e9diateurs.<\/p>\n<p>A contrario, les forces de l\u2019ordre, toutes cat\u00e9gories confondues, occupent cette place contre-nature, non sans abus, car le souci excessivement s\u00e9curitaire m\u00e8ne \u00e0 l\u2019affront et l\u2019incarc\u00e9ration, comme ce fut le cas des d\u00e9tenus du Rif et d\u2019autres. C\u2019est immanquablement la r\u00e9sultante directe de la vacuit\u00e9 politique que l\u2019on \u00a0s\u2019efforce d\u2019exercer dans une exp\u00e9rience r\u00e9solument tourn\u00e9e vers la d\u00e9mocratie et les droits humains.<\/p>\n<p>Dans ce mutisme mortuaire qui \u00e9maille la sc\u00e8ne politique marocaine, on aura \u00absecou\u00e9\u00bb, quoique mollement, la vie partisane, \u00e0 travers deux \u00e9v\u00e9nements, \u00e0 plus d\u2019un titre. Le premier \u00e9tant le congr\u00e8s national du Parti d\u2019Authenticit\u00e9 et de Modernit\u00e9 que, selon le nouvel \u00e9lu \u00e0 sa t\u00eate, \u00abproclamait une n\u00e9o- natalit\u00e9 d\u2019un parti constamment blotti sous l\u2019aile de son cr\u00e9ateur\u00bb. Cette \u00abmue\u00bb qui se construisit apr\u00e8s \u00e2pres d\u00e9chirements et vives grossesses, aurait, sans doute, cr\u00e9\u00e9 un ballottage dans la physionomie politique nationale qui prendrait forme, au fur et \u00e0 mesure que les prochaines \u00e9lections s\u2019approchaient, \u00e0 grand pas.<\/p>\n<p>Le second n\u2019est autre que la reprise des relations amicales entre le PPS et le PI, sanctionn\u00e9es, entre autres, \u00a0par une r\u00e9cente rencontre de la direction des deux partis. Une initiative qui, elle aussi, aura \u00ab\u00e9branl\u00e9\u00bb l\u2019engourdissement qui frise la somnolence du gouvernement auquel l\u2019appel au sursaut est vivement lanc\u00e9 pour sortir de la torpeur g\u00e9n\u00e9rale.Un gouvernement mi\u00e8vre qui tarde \u00e0 montrer le bout du nez au grand public!<\/p>\n<p>Auteur: M&rsquo;hammed rahal<br \/>\n<a href=\"http:\/\/albayane.press.ma\/un-paysage-politique-recroqueville.html\">Cliquez ici pour lire l&rsquo;article depuis sa source.<\/a><\/p>\n","protected":false},"excerpt":{"rendered":"<p>La sc\u00e8ne politique nationale moisit dans la l\u00e9thargie tant que l\u2019Ex\u00e9cutif ne porte pas son discours au sein d\u2019un peuple si emport\u00e9 par ses affres au quotidien. Qui entend parler du gouvernement, m\u00eame s\u2019il croit s\u2019ing\u00e9nier \u00e0 bien faire\u00a0? Mais, son action demeure atone et inaudible\u00a0! Il s\u2019embourbe en revanche, dans des coups de bec [&hellip;]<\/p>\n","protected":false},"author":1760,"featured_media":0,"comment_status":"closed","ping_status":"closed","sticky":false,"template":"","format":"standard","meta":{"fifu_image_url":"","fifu_image_alt":"","footnotes":""},"categories":[73,54],"tags":[],"class_list":["post-76431","post","type-post","status-publish","format-standard","hentry","category-actualite","category-maroc"],"_links":{"self":[{"href":"https:\/\/linitiative.ca\/International\/wp-json\/wp\/v2\/posts\/76431","targetHints":{"allow":["GET"]}}],"collection":[{"href":"https:\/\/linitiative.ca\/International\/wp-json\/wp\/v2\/posts"}],"about":[{"href":"https:\/\/linitiative.ca\/International\/wp-json\/wp\/v2\/types\/post"}],"author":[{"embeddable":true,"href":"https:\/\/linitiative.ca\/International\/wp-json\/wp\/v2\/users\/1760"}],"replies":[{"embeddable":true,"href":"https:\/\/linitiative.ca\/International\/wp-json\/wp\/v2\/comments?post=76431"}],"version-history":[{"count":0,"href":"https:\/\/linitiative.ca\/International\/wp-json\/wp\/v2\/posts\/76431\/revisions"}],"wp:attachment":[{"href":"https:\/\/linitiative.ca\/International\/wp-json\/wp\/v2\/media?parent=76431"}],"wp:term":[{"taxonomy":"category","embeddable":true,"href":"https:\/\/linitiative.ca\/International\/wp-json\/wp\/v2\/categories?post=76431"},{"taxonomy":"post_tag","embeddable":true,"href":"https:\/\/linitiative.ca\/International\/wp-json\/wp\/v2\/tags?post=76431"}],"curies":[{"name":"wp","href":"https:\/\/api.w.org\/{rel}","templated":true}]}}