{"id":76432,"date":"2020-02-18T06:31:21","date_gmt":"2020-02-18T11:31:21","guid":{"rendered":"https:\/\/linitiative.ca\/International\/secousses-telluriques-au-maroc-la-terre-a-tremble\/"},"modified":"2020-02-18T06:31:21","modified_gmt":"2020-02-18T11:31:21","slug":"secousses-telluriques-au-maroc-la-terre-a-tremble","status":"publish","type":"post","link":"https:\/\/linitiative.ca\/International\/secousses-telluriques-au-maroc-la-terre-a-tremble\/","title":{"rendered":"Secousses telluriques: Au Maroc, la terre a trembl\u00e9"},"content":{"rendered":"<p class=\"has-text-color c2\"><strong>Des secousses telluriques ont \u00e9t\u00e9 ressenties, tard dans la nuit de dimanche \u00e0 lundi, dans plusieurs \u00a0provinces du Royaume. De Midelt \u00e0 Azrou en passant par Mekn\u00e8s, Rabat et Casablanca, ces s\u00e9ismes n\u2019ont, heureusement, pas fait de d\u00e9g\u00e2ts humains ou mat\u00e9riels.<\/strong><\/p>\n<p>Les Marocains on ressenti des secousses telluriques, tard dans la soir\u00e9e du dimanche 16 au lundi 17 f\u00e9vrier dans plusieurs provinces du Royaume. Les secousses les plus \u00e9lev\u00e9es ont atteint entre 4,2 \u00e0 5,3 degr\u00e9s sur l\u2019\u00e9chelle de Richter d\u2019apr\u00e8s l\u2019Institut national de g\u00e9ophysique (ING). Ils\u00a0 n\u2019ont pas fait de d\u00e9g\u00e2ts humains ou mat\u00e9riels.<\/p>\n<p>L\u2019\u00e9picentre du s\u00e9isme a \u00e9t\u00e9 enregistr\u00e9 quant \u00e0 lui dans la localit\u00e9 d\u2019Enzala pr\u00e8s de Midelt. Les secousses ont atteint pour cette localit\u00e9 5,3 degr\u00e9s sur l\u2019\u00e9chelle de Richter. Dans les provinces d\u2019Azrou et Mekn\u00e8s o\u00f9 les secousses ont \u00e9t\u00e9 les plus fortes, aucun d\u00e9g\u00e2t mat\u00e9riel ou humain n\u2019a \u00e9t\u00e9 enregistr\u00e9.<\/p>\n<p>Les deux secousses se sont produites respectivement \u00e0 22H 56min 52sec et 23H 06min 40sec (GMT+1), a affirm\u00e9 le R\u00e9seau national de surveillance et d\u2019alerte sismique de l\u2019ING dans un bulletin d\u2019alerte sismique.<\/p>\n<p>Selon la m\u00eame source, la premi\u00e8re secousse ressentie est d\u2019une profondeur de 04 km, d\u2019une latitude de 32.584 \u00b0N et d\u2019une longitude de 4.227 \u00b0W, tandis que la seconde est d\u2019une profondeur de 5 km, d\u2019une latitude de 32.571 \u00b0N et d\u2019une longitude de 4.185 \u00b0W.<\/p>\n<p>Ces secousses ont \u00e9t\u00e9 ressenties dans plusieurs villes du Royaume. Il s\u2019agit de \u00a0F\u00e8s, Mekn\u00e8s, Taza, Arfoud, Rabat, Casablanca, ainsi que plusieurs autres villes.<\/p>\n<p>Le directeur de l\u2019institut national de g\u00e9ophysique Lahcen\u00a0Henni a d\u00e9clar\u00e9 pour sa part que des r\u00e9pliques sont attendues ce lundi dans la province de Midelt. D\u00e9tail qui n\u2019est pas des moindres, les secousses seront moins violentes qui celles de la nuit derni\u00e8re.<\/p>\n<p>Les secousses telluriques se sont aussi fait ressentir en Alg\u00e9rie mais aussi en Tunisie, en Iran et en Russie. Aucun bilan n\u2019a pour le moment \u00e9t\u00e9 publi\u00e9.<\/p>\n<p>Chez notre voisin de l\u2019Est, un s\u00e9isme de magnitude 2,9 \u00e0 l\u2019\u00e9chelle de Richter s\u2019est fait ressentir \u00e0 proximit\u00e9 de Blida la semaine derni\u00e8re.<\/p>\n<p>La Tunisie n\u2019est pas en reste puisque pas plus tard qu\u2019il y a 6 jours, une secousse tellurique d\u2019une magnitude de 3,54 degr\u00e9s sur l\u2019\u00e9chelle de Richter, a \u00e9t\u00e9 enregistr\u00e9, mardi matin \u00e0 2h08 (heure locale), \u00e0 l\u2019Est de l\u2019\u00eele de Kuriat (Est du gouvernorat de Monastir), d\u2019apr\u00e8s l\u2019Institut national de la m\u00e9t\u00e9orologie (INM)). Les analyses pr\u00e9liminaires des stations sismologiques de l\u2019INM situent l\u2019\u00e9picentre de la secousse \u00e0 35,88 degr\u00e9s de latitude et 11,55 degr\u00e9s de longitude.<\/p>\n<p>En Iran, Un s\u00e9isme de magnitude mod\u00e9r\u00e9e a frapp\u00e9 le sud de l\u2019Iran hier, dimanche apr\u00e8s-midi, sans que les autorit\u00e9s ou les m\u00e9dias locaux ne fassent \u00e9tat imm\u00e9diatement de victimes.<\/p>\n<p>Selon l\u2019Institut d\u2019\u00e9tudes g\u00e9ologiques des Etats-Unis (USGS), la magnitude de ce tremblement de terre a atteint 5,5 sur l\u2019\u00e9chelle de magnitude.<\/p>\n<p>L\u2019\u00e9picentre du s\u00e9isme, qui a eu lieu \u00e0 16H00 locales (12H30 GMT), a \u00e9t\u00e9 localis\u00e9 \u00e0 13 km de profondeur, dans le Golfe, entre le continent et l\u2019\u00eele de Qeshm, \u00e0 49 km du port de Bandar Abass, d\u2019apr\u00e8s l\u2019Institut de g\u00e9ophysique de l\u2019Universit\u00e9 de T\u00e9h\u00e9ran.<\/p>\n<p class=\"c3\"><strong>Karim Ben Amar<\/strong><\/p>\n<p>Auteur: M&rsquo;hammed rahal<br \/>\n<a href=\"http:\/\/albayane.press.ma\/secousses-telluriques-au-maroc-la-terre-a-tremble.html\">Cliquez ici pour lire l&rsquo;article depuis sa source.<\/a><\/p>\n","protected":false},"excerpt":{"rendered":"<p>Des secousses telluriques ont \u00e9t\u00e9 ressenties, tard dans la nuit de dimanche \u00e0 lundi, dans plusieurs \u00a0provinces du Royaume. De Midelt \u00e0 Azrou en passant par Mekn\u00e8s, Rabat et Casablanca, ces s\u00e9ismes n\u2019ont, heureusement, pas fait de d\u00e9g\u00e2ts humains ou mat\u00e9riels. Les Marocains on ressenti des secousses telluriques, tard dans la soir\u00e9e du dimanche 16 [&hellip;]<\/p>\n","protected":false},"author":1760,"featured_media":0,"comment_status":"closed","ping_status":"closed","sticky":false,"template":"","format":"standard","meta":{"fifu_image_url":"","fifu_image_alt":"","footnotes":""},"categories":[73,54],"tags":[],"class_list":["post-76432","post","type-post","status-publish","format-standard","hentry","category-actualite","category-maroc"],"_links":{"self":[{"href":"https:\/\/linitiative.ca\/International\/wp-json\/wp\/v2\/posts\/76432","targetHints":{"allow":["GET"]}}],"collection":[{"href":"https:\/\/linitiative.ca\/International\/wp-json\/wp\/v2\/posts"}],"about":[{"href":"https:\/\/linitiative.ca\/International\/wp-json\/wp\/v2\/types\/post"}],"author":[{"embeddable":true,"href":"https:\/\/linitiative.ca\/International\/wp-json\/wp\/v2\/users\/1760"}],"replies":[{"embeddable":true,"href":"https:\/\/linitiative.ca\/International\/wp-json\/wp\/v2\/comments?post=76432"}],"version-history":[{"count":0,"href":"https:\/\/linitiative.ca\/International\/wp-json\/wp\/v2\/posts\/76432\/revisions"}],"wp:attachment":[{"href":"https:\/\/linitiative.ca\/International\/wp-json\/wp\/v2\/media?parent=76432"}],"wp:term":[{"taxonomy":"category","embeddable":true,"href":"https:\/\/linitiative.ca\/International\/wp-json\/wp\/v2\/categories?post=76432"},{"taxonomy":"post_tag","embeddable":true,"href":"https:\/\/linitiative.ca\/International\/wp-json\/wp\/v2\/tags?post=76432"}],"curies":[{"name":"wp","href":"https:\/\/api.w.org\/{rel}","templated":true}]}}