{"id":76433,"date":"2020-02-18T06:46:03","date_gmt":"2020-02-18T11:46:03","guid":{"rendered":"https:\/\/linitiative.ca\/International\/les-eclaircissements-du-hcp-et-les-commentaires-de-abdeslam-seddiki\/"},"modified":"2020-02-18T06:46:03","modified_gmt":"2020-02-18T11:46:03","slug":"les-eclaircissements-du-hcp-et-les-commentaires-de-abdeslam-seddiki","status":"publish","type":"post","link":"https:\/\/linitiative.ca\/International\/les-eclaircissements-du-hcp-et-les-commentaires-de-abdeslam-seddiki\/","title":{"rendered":"Les \u00e9claircissements du HCP et les commentaires de Abdeslam Seddiki"},"content":{"rendered":"<p class=\"has-text-color has-vivid-red-color c2\"><strong>D\u00e9bat sur la situation de l\u2019emploi au Maroc en 2019<\/strong><\/p>\n<p class=\"has-text-color c3\"><strong>A la suite de la publication de la derni\u00e8re chronique du professeur Abdeslam Seddiki sur la situation de l\u2019emploi en 2019 telle que vue par le Haut Commissariat au Plan (cf notre num\u00e9ro du mercredi\u00a0 12 f\u00e9vrier 2020), le Directeur de la Statistique du HCP a adress\u00e9 des \u00ab\u00e9claircissements\u00bb \u00e0 l\u2019auteur de la chronique qui a jug\u00e9 utile, des les commenter, afin, \u00e9crit-il de\u00a0\u00ab\u00a0relancer le d\u00e9bat auquel nous avons appel\u00e9 de nos v\u0153ux et \u00e0 contribuer au\u00a0 renforcement des pratiques d\u00e9mocratiques dans notre pays\u00bb.<\/strong><\/p>\n<p class=\"has-text-color has-vivid-red-color\"><strong>Nous reproduirons les textes du directeur des statistiques du HCP, Oussama Marseli, suivis des commentaires d\u2019Abdeslam Seddiki.<\/strong><\/p>\n<p class=\"has-text-color has-vivid-cyan-blue-color c2\"><strong>El\u00e9ments d\u2019\u00e9claircissement de la direction des statistiques du HCP<\/strong><\/p>\n<p class=\"c4\"><strong>Par Oussama Marseli*<\/strong><\/p>\n<p class=\"has-text-color has-vivid-cyan-blue-color\"><strong>Cher professeur, j\u2019ai l\u2019honneur de vous exprimer mes remerciements pour l\u2019int\u00e9r\u00eat que vous ne cessiez de porter aux informations diffus\u00e9es par le Haut-Commissariat au Plan et en particulier celles relatives \u00e0 la situation du march\u00e9 de travail dans notre pays et de vous informer que j\u2019ai re\u00e7u avec beaucoup d\u2019int\u00e9r\u00eat vos remarques \u00e9mises dans l\u2019article susmentionn\u00e9.<\/strong><\/p>\n<p>A cet \u00e9gard, je tiens \u00e0 vous remercier d\u2019avoir attir\u00e9 notre attention sur l\u2019omission de 3.000 postes d\u2019emploi au niveau des secteurs \u00e9conomiques et le questionnement qu\u2019elle ait suscit\u00e9. Ces postes d\u2019emploi, faut-il le pr\u00e9ciser, ont des activit\u00e9s non d\u00e9sign\u00e9es, selon la nomenclature marocaine des activit\u00e9s, et repr\u00e9sentent une part de 0,1% de l\u2019ensemble des actifs occup\u00e9s comme d\u00e9j\u00e0 signal\u00e9 dans le tableau 1 de la note du HCP sur le march\u00e9 de travail en 20191. Par la m\u00eame occasion, et conform\u00e9ment aux principaux fondamentaux de la statistique officielle2, je suis interpel\u00e9 \u00e0 partager avec vous les \u00e9clairages ci-apr\u00e8s sur les remarques \u00e9mises dans votre article. Partant de votre d\u00e9ontologie et de votre patriotisme progressiste, ainsi que de la notori\u00e9t\u00e9 nationale du journal Al Bayane, je suis convaincu que vous saurez mettre ces \u00e9claircissements \u00e0 la disposition de vos lecteurs et \u00e0 l\u2019opinion publique.<\/p>\n<p>\u2022 Les actifs occup\u00e9s sont class\u00e9s, abstraction faite de la nature de leur emploi (permanent, saisonnier, temporaire, formel, informel, etc.), selon l\u2019activit\u00e9 en se basant sur la nomenclature marocaine des activit\u00e9s (NMA 2010) comportant 650 activit\u00e9s dont 310 relevant du secteur des services. Il est \u00e0 signaler que les mendiants ne sont pas consid\u00e9r\u00e9s comme actifs occup\u00e9s.<\/p>\n<p>\u2022 En l\u2019absence d\u2019une nomenclature d\u00e9taill\u00e9e des activit\u00e9s artisanales, les statistiques publi\u00e9es, jusqu\u2019\u00e0 pr\u00e9sent, concernent le secteur de l\u2019industrie y compris l\u2019artisanat. Dans un souci de r\u00e9pondre aux besoins des utilisateurs, le HCP a introduit, depuis le troisi\u00e8me trimestre de 2019, dans son enqu\u00eate sur l\u2019emploi, une batterie de questions visant \u00e0 dissocier les activit\u00e9s artisanales de celles relevant de l\u2019industrie. 3.<\/p>\n<p>\u2022 Selon les r\u00e9sultats publi\u00e9s par le HCP1, le secteur de l\u2019agriculture, for\u00eat et p\u00eache a perdu 160.000 emplois dans le monde rural.<\/p>\n<p>\u2022 Le taux d\u2019activit\u00e9 est d\u00e9fini comme \u00e9tant la part des actifs dans la population en \u00e2ge d\u2019activit\u00e9 (\u00e2g\u00e9e de 15 ans et plus) qui est de l\u2019ordre de 26.360.000 personnes. Ainsi, 0,2 point de taux d\u2019activit\u00e9 correspond \u00e0 52.700 personnes.<\/p>\n<p>\u2022 Le HCP appr\u00e9hende le ph\u00e9nom\u00e8ne du sous-emploi conform\u00e9ment aux normes du BIT, selon deux composantes, la premi\u00e8re li\u00e9e au nombre d\u2019heures travaill\u00e9es et la deuxi\u00e8me \u00e0 l\u2019insuffisance du revenu ou \u00e0 l\u2019inad\u00e9quation entre la formation et emploi exerc\u00e9. En vous r\u00e9it\u00e9rant mes remerciements, et en restant \u00e0 votre enti\u00e8re disposition pour autres compl\u00e9ments d\u2019information, je vous prie d\u2019agr\u00e9er, cher professeur, l\u2019expression de ma haute consid\u00e9ration.<\/p>\n<p class=\"c4\"><strong>*(Directeur de la Statistique du HCP)<\/strong><\/p>\n<p class=\"c2\">***<\/p>\n<p class=\"has-text-color has-vivid-red-color c2\"><strong>Commentaires de Abdesslam Seddiki<\/strong><\/p>\n<p class=\"has-text-color has-vivid-cyan-blue-color\">Monsieur le Directeur de la Statistique n\u2019a pas manqu\u00e9 de r\u00e9agir \u00e0 notre chronique publi\u00e9e sur le journal\u00a0 Al Bayanedu 12 f\u00e9vrier portant sur \u00abla situation\u00a0 de l\u2019emploi en 2019\u00bb en apportant des pr\u00e9cisions qu\u2019il a jug\u00e9es utiles. Cela est de nature \u00e0 relancer le d\u00e9bat auquel nous avons appel\u00e9 de nos v\u0153ux et \u00e0 contribuer au\u00a0 renforcement des pratiques d\u00e9mocratiques dans notre pays.\u00a0 Tout en\u00a0 le remerciant pour son t\u00e9moignage \u00e0 mon \u00e9gard et au journal Al Bayane, j\u2019exprime mon respect\u00a0 et ma consid\u00e9ration aux\u00a0 cadres du HCP et \u00e0 mon coll\u00e8gue et ami Le Ministre qui\u00a0 \u0153uvre au d\u00e9veloppement de la notori\u00e9t\u00e9 de cette honorable institution qui occupe une place centrale dans la production des statistiques et\u00a0 la r\u00e9alisation des \u00e9tudes de haute facture\u00a0 scientifique.<\/p>\n<p>Ceci \u00e9tant, je dois constater que les pr\u00e9cisons qui ont \u00e9t\u00e9 apport\u00e9es ne touchent pas aux\u00a0 probl\u00e8mes de fond soulev\u00e9s dans mon article.\u00a0 On aurait aim\u00e9 avoir des explications sur le fait que l\u2019\u00e9conomie marocaine cr\u00e9e d\u00e9sormais 50000 emplois pour un point de croissance\u00a0 contre 15000 au cours des derni\u00e8res ann\u00e9es. Que s\u2019est-il pass\u00e9 au juste pour qu\u2019une telle \u00e9volution se produise?<\/p>\n<p>Par ailleurs, Mr Le Directeur me donne raison sur le fait que les emplois cr\u00e9\u00e9s ont \u00e9t\u00e9 pour l\u2019essentiel des emplois pr\u00e9caires puisque les secteurs\u00a0 structur\u00e9s\u00a0\u00a0 (formels)\u00a0 n\u2019y contribuent que d\u2019une fa\u00e7on marginale. Cela n\u2019apparait pas d\u2019une mani\u00e8re explicite dans la publication\u00a0 du HCP dans la mesure o\u00f9 \u00ables actifs occup\u00e9s sont class\u00e9s, abstraction faite de la nature de leur emploi\u00bb.<\/p>\n<p>Je dois \u00e9galement saluer les efforts en cours pour dissocier les activit\u00e9s industrielles et celles relevant de l\u2019artisanat. Ce qui contribuera, \u00e0 coup s\u00fbr, \u00e0 une meilleure connaissance de la dynamique sociale et des progr\u00e8s accomplis en mati\u00e8re d\u2019industrialisation.<\/p>\n<p>Pour ce qui est enfin du sous-emploi et du ch\u00f4mage d\u00e9guis\u00e9,\u00a0 il y a une diff\u00e9rence d\u2019approche \u00e9vidente.\u00a0\u00a0 Je persiste \u00e0 penser que ces deux ph\u00e9nom\u00e8nes constituent des cat\u00e9gories de ch\u00f4mage. C\u2019est l\u2019approche\u00a0 retenue par les Economistes et\u00a0 les Sociologues et qui n\u2019est pas\u00a0 forc\u00e9ment celle du BIT.<\/p>\n<p>En tout \u00e9tat de cause, tant que nous n\u2019aurons pas instaur\u00e9 et g\u00e9n\u00e9ralis\u00e9\u00a0 l\u2019assurance-ch\u00f4mage, nos statistiques en la mati\u00e8re demeureront partielles et imparfaites nonobstant la bonne volont\u00e9 des\u00a0 Statisticiens.<\/p>\n<p>Auteur: M&rsquo;hammed rahal<br \/>\n<a href=\"http:\/\/albayane.press.ma\/les-eclaircissements-du-hcp-et-les-commentaires-de-abdeslam-seddiki.html\">Cliquez ici pour lire l&rsquo;article depuis sa source.<\/a><\/p>\n","protected":false},"excerpt":{"rendered":"<p>D\u00e9bat sur la situation de l\u2019emploi au Maroc en 2019 A la suite de la publication de la derni\u00e8re chronique du professeur Abdeslam Seddiki sur la situation de l\u2019emploi en 2019 telle que vue par le Haut Commissariat au Plan (cf notre num\u00e9ro du mercredi\u00a0 12 f\u00e9vrier 2020), le Directeur de la Statistique du HCP [&hellip;]<\/p>\n","protected":false},"author":1760,"featured_media":0,"comment_status":"closed","ping_status":"closed","sticky":false,"template":"","format":"standard","meta":{"fifu_image_url":"","fifu_image_alt":"","footnotes":""},"categories":[73,54],"tags":[],"class_list":["post-76433","post","type-post","status-publish","format-standard","hentry","category-actualite","category-maroc"],"_links":{"self":[{"href":"https:\/\/linitiative.ca\/International\/wp-json\/wp\/v2\/posts\/76433","targetHints":{"allow":["GET"]}}],"collection":[{"href":"https:\/\/linitiative.ca\/International\/wp-json\/wp\/v2\/posts"}],"about":[{"href":"https:\/\/linitiative.ca\/International\/wp-json\/wp\/v2\/types\/post"}],"author":[{"embeddable":true,"href":"https:\/\/linitiative.ca\/International\/wp-json\/wp\/v2\/users\/1760"}],"replies":[{"embeddable":true,"href":"https:\/\/linitiative.ca\/International\/wp-json\/wp\/v2\/comments?post=76433"}],"version-history":[{"count":0,"href":"https:\/\/linitiative.ca\/International\/wp-json\/wp\/v2\/posts\/76433\/revisions"}],"wp:attachment":[{"href":"https:\/\/linitiative.ca\/International\/wp-json\/wp\/v2\/media?parent=76433"}],"wp:term":[{"taxonomy":"category","embeddable":true,"href":"https:\/\/linitiative.ca\/International\/wp-json\/wp\/v2\/categories?post=76433"},{"taxonomy":"post_tag","embeddable":true,"href":"https:\/\/linitiative.ca\/International\/wp-json\/wp\/v2\/tags?post=76433"}],"curies":[{"name":"wp","href":"https:\/\/api.w.org\/{rel}","templated":true}]}}