{"id":76435,"date":"2020-02-18T13:04:10","date_gmt":"2020-02-18T18:04:10","guid":{"rendered":"https:\/\/linitiative.ca\/International\/de-nos-freres-blesses-un-drame-de-guerre-poignant\/"},"modified":"2020-02-18T13:04:10","modified_gmt":"2020-02-18T18:04:10","slug":"de-nos-freres-blesses-un-drame-de-guerre-poignant","status":"publish","type":"post","link":"https:\/\/linitiative.ca\/International\/de-nos-freres-blesses-un-drame-de-guerre-poignant\/","title":{"rendered":"\u00ab\u00a0De nos fr\u00e8res bless\u00e9s\u00a0\u00bb, un drame de guerre poignant"},"content":{"rendered":"<div readability=\"42\">\n<p><strong>BEJAIA &#8211; La pi\u00e8ce \u00ab\u00a0De nos fr\u00e8res bless\u00e9s\u00a0\u00bb, de Joseph Andras, et mise scene, par Fabrice Henry, d\u00e9roul\u00e9e, lundi soir au theatre Abdelmalek Bouguermouh, au 3\u00e8me jour du festival international du th\u00e9\u00e2trede Bejaia, a \u00e9mue jusqu\u2019aux larmes tant la pi\u00e8ce \u00e9tait poignante et son r\u00e9cit bouleversant.<\/strong><\/p>\n<\/div>\n<div readability=\"116\">\n<p>L\u2019histoire, qui met \u00e0 jour, le parcours h\u00e9ro\u00efque mais singulier de Fernand Iveton, un travailleur algerien d\u2019origine Fran\u00e7aise, engag\u00e9 fonci\u00e8rement dans le combat de lib\u00e9ration nationale mais qui a du le payer de sa vie, ayant \u00e9t\u00e9 sauvagement tortur\u00e9, condamn\u00e9 \u00e0 mort \u00e0 l\u2019issue d\u2019un simulacre de proc\u00e8s puis guillotin\u00e9 en 1957, a secou\u00e9 et \u00e9branl\u00e9 tout le public, portant habitu\u00e9 a entendre des faits de guerre invraisemblable. Dans la r\u00e9gion, notamment dans ses montagnes il n\u2019y\u2019a pas de famille, sinon des cas rares, qui n\u2019aient \u00e9t\u00e9 confront\u00e9 ou entendue des r\u00e9cits sur des violences coloniales inou\u00efes.<\/p>\n<blockquote readability=\"18\">\n<p><em><strong>Et pourtant, ce soir, il a c\u00e9d\u00e9 au drame Iveton, dont beaucoup ignoraient peut-\u00eatre l\u2019existence mais qui le d\u00e9couvrent dans sa v\u00e9rit\u00e9, ses engagements, ses convictions mais aussi toute sa fragilit\u00e9, et surtout le martyr subit. Un homme dans la vie s\u2019est \u00a0bris\u00e9e tel une vase de porcelaine, dans le corridor de l\u2019aveuglement et de b\u00eatise et qui n\u2019a pu \u00e9chapper \u00e0 l\u2019\u00e9chafaud, malgr\u00e9 une forte mobilisation et les discours humanistes de l\u2019administration coloniale d\u2019alors, d\u2019autant que dans sa propagande, il n\u2019y\u2019avait pas de soul\u00e8vement encore moins de guerre mais juste des \u00ab\u00a0\u00e9v\u00e9nements\u00a0\u00bb.<\/strong><\/em><\/p>\n<\/blockquote>\n<p>Alors il a fallu le liquider brutalement pour en faire un exemple et conditionner, ainsi, tous les fran\u00e7ais d\u2019origine alg\u00e9rienne en situation d\u2019\u00eatre tent\u00e9s de suivre son mod\u00e8le. Car au niveau des arguments ayant pr\u00e9sid\u00e9 \u00e0 son ex\u00e9cution, la sentence a \u00e9t\u00e9 plus que disproportionn\u00e9e.<\/p>\n<p>Et pour cause ! Iveton, la trentaine non r\u00e9volue, a \u00e9t\u00e9 arr\u00eat\u00e9 \u00e0 Belcourt (Alger) pour avoir cach\u00e9 et d\u00e9pos\u00e9 une bombe dans son lieu de travail. Un engin toutefois, qui n\u2019a jamais explos\u00e9, ni tu\u00e9 quiconque, ayant \u00e9t\u00e9 dissimul\u00e9 dans endroit ou il ne pouvait faire de victime, son objectif n\u2019\u00e9tait autre que celui d\u2019\u00e9veiller les consciences et d\u2019attirer l\u2019attention sur les massacres d\u2019Alg\u00e9riens.<\/p>\n<p>Pour autant son geste a \u00e9t\u00e9 interpr\u00e9t\u00e9 comme un \u2018\u2018acte terroriste\u00a0\u00bb, et \u00e0 ce titre il a \u00e9t\u00e9 trait\u00e9 comme tel en l\u2019occurrence comme \u00ab\u00a0Un rebelle, un traitre, un f\u00e9lon, un blanc vendu aux crouilles\u00a0\u00bb. Et la demande de gr\u00e2ce, introduite aupr\u00e8s des autorit\u00e9s fran\u00e7aise, notamment, Fran\u00e7ois Mitt\u00e9rand, alors ministre de l\u2019Int\u00e9rieur et ult\u00e9rieurement devenu pr\u00e9sident et artisan en 1982, de la loi sur l\u2019abolition de la peine de mort et qui fut rejet\u00e9e.<\/p>\n<blockquote readability=\"17\">\n<p><em><strong>Pour mettre en sc\u00e8ne, ce drame, Fabrice Henri, n\u2019a pas eu recours \u00e0 quelques artifices se contentant, hormis quelques passages romanc\u00e9s, de reproduire fid\u00e8lement le livre de Joseph Andras, r\u00e9cipiendaire du prix Goncourt du \u00ab\u00a01er roman\u00a0\u00bb, en 2016, qu\u2019il a refus\u00e9, du reste, d\u2019accepter.<\/strong><\/em><\/p>\n<\/blockquote>\n<p>Le metteur en sc\u00e8ne \u00e0 fait la part belle \u00e0 la narration, laiss\u00e9 \u00e0 l\u2019apanage de 04 com\u00e9diens d\u2019exception (Fran\u00e7ois Copin, Cl\u00e9mentine Haro, vincent Poudroux, et Thomas R\u00e9sende), qui ont magnifi\u00e9, le texte original, en le d\u00e9clamant dans une \u00e9motion et un r\u00e9alisme \u00e9poustouflants.<\/p>\n<blockquote readability=\"16\">\n<p><em><strong>En fait, son succ\u00e8s, au-del\u00e0 de la performance des acteurs, doit beaucoup \u00e9galement \u00e0 la technique sc\u00e9nographique utilis\u00e9e, empruntant surtout au th\u00e9\u00e2tre actif qui associ\u00e9 dans un jeu commun acteurs et les spectateurs dans une dynamique partag\u00e9e d\u2019\u00e9coute et d\u2019engagement. Plusieurs spectateurs ont \u00e9t\u00e9 convi\u00e9s ainsi \u00e0 lire des passages de lettres d\u2019Iveton \u00e0 sa femme, ou campant sur sc\u00e8ne, quelques r\u00f4les de condamn\u00e9s \u00e0 mort, sur le point de passer sous la lame de la guillotine, sur fond d\u2019un chant r\u00e9volutionnaire \u00ab\u00a0Min djibalina\u00a0\u00bb entonn\u00e9 collectivement.<\/strong><\/em><\/p>\n<\/blockquote>\n<p>Un spectacle singulier, original, bien servi par les com\u00e9diens et surtout par la qualit\u00e9 et la puissance du texte, que d\u2019aucuns qualifient de chef-d\u2019\u0153uvre.<\/p>\n<\/div>\n<p>Auteur:<br \/>\n<a href=\"http:\/\/www.aps.dz\/culture\/101799-de-nos-freres-blesses-un-drame-de-guerre-poignant\">Cliquez ici pour lire l&rsquo;article depuis sa source.<\/a><\/p>\n","protected":false},"excerpt":{"rendered":"<p>BEJAIA &#8211; La pi\u00e8ce \u00ab\u00a0De nos fr\u00e8res bless\u00e9s\u00a0\u00bb, de Joseph Andras, et mise scene, par Fabrice Henry, d\u00e9roul\u00e9e, lundi soir au theatre Abdelmalek Bouguermouh, au 3\u00e8me jour du festival international du th\u00e9\u00e2trede Bejaia, a \u00e9mue jusqu\u2019aux larmes tant la pi\u00e8ce \u00e9tait poignante et son r\u00e9cit bouleversant. L\u2019histoire, qui met \u00e0 jour, le parcours h\u00e9ro\u00efque mais [&hellip;]<\/p>\n","protected":false},"author":1790,"featured_media":0,"comment_status":"closed","ping_status":"closed","sticky":false,"template":"","format":"standard","meta":{"fifu_image_url":"","fifu_image_alt":"","footnotes":""},"categories":[53,79],"tags":[],"class_list":["post-76435","post","type-post","status-publish","format-standard","hentry","category-algerie","category-culture"],"_links":{"self":[{"href":"https:\/\/linitiative.ca\/International\/wp-json\/wp\/v2\/posts\/76435","targetHints":{"allow":["GET"]}}],"collection":[{"href":"https:\/\/linitiative.ca\/International\/wp-json\/wp\/v2\/posts"}],"about":[{"href":"https:\/\/linitiative.ca\/International\/wp-json\/wp\/v2\/types\/post"}],"author":[{"embeddable":true,"href":"https:\/\/linitiative.ca\/International\/wp-json\/wp\/v2\/users\/1790"}],"replies":[{"embeddable":true,"href":"https:\/\/linitiative.ca\/International\/wp-json\/wp\/v2\/comments?post=76435"}],"version-history":[{"count":0,"href":"https:\/\/linitiative.ca\/International\/wp-json\/wp\/v2\/posts\/76435\/revisions"}],"wp:attachment":[{"href":"https:\/\/linitiative.ca\/International\/wp-json\/wp\/v2\/media?parent=76435"}],"wp:term":[{"taxonomy":"category","embeddable":true,"href":"https:\/\/linitiative.ca\/International\/wp-json\/wp\/v2\/categories?post=76435"},{"taxonomy":"post_tag","embeddable":true,"href":"https:\/\/linitiative.ca\/International\/wp-json\/wp\/v2\/tags?post=76435"}],"curies":[{"name":"wp","href":"https:\/\/api.w.org\/{rel}","templated":true}]}}