{"id":76437,"date":"2020-02-18T08:30:00","date_gmt":"2020-02-18T13:30:00","guid":{"rendered":"https:\/\/linitiative.ca\/International\/les-etudiants-en-force-au-52e-mardi-a-alger\/"},"modified":"2020-02-18T08:30:00","modified_gmt":"2020-02-18T13:30:00","slug":"les-etudiants-en-force-au-52e-mardi-a-alger","status":"publish","type":"post","link":"https:\/\/linitiative.ca\/International\/les-etudiants-en-force-au-52e-mardi-a-alger\/","title":{"rendered":"Les \u00e9tudiants en force au 52e mardi \u00e0 Alger"},"content":{"rendered":"<div id=\"originalText\" readability=\"94\">\n<p>A la veille de l\u2019anniversaire de l\u2019an \u00ab\u00a0I\u00a0\u00bb du hirak, les \u00e9tudiants ont manifest\u00e9 par milliers dans le rue d\u2019Alger, pour le 52e mardi cons\u00e9cutif, r\u00e9clamant ainsi un changement profond du syst\u00e8me.<\/p>\n<p><iframe loading=\"lazy\" allowfullscreen=\"true\" allowtransparency=\"true\" frameborder=\"0\" height=\"315\" scrolling=\"no\" src=\"https:\/\/www.facebook.com\/plugins\/video.php?href=https%3A%2F%2Fwww.facebook.com%2FJournaLiberteOfficiel%2Fvideos%2F231073371258906%2F&#038;show_text=0&#038;width=560\" class=\"c6\" width=\"560\">[embedded content]<\/iframe><\/p>\n<p>En entamant leur marche vers 11h, \u00e0 partir de la Place des Martyrs, les \u00e9tudiants ont exig\u00e9, dans leurs slogans comme dans leurs pancartes, l\u2019application des articles 7 et 8 de la constitution, et donc \u00abla restitution du pouvoir au peuple\u00bb.<\/p>\n<p><iframe loading=\"lazy\" allowfullscreen=\"true\" allowtransparency=\"true\" frameborder=\"0\" height=\"476\" scrolling=\"no\" src=\"https:\/\/www.facebook.com\/plugins\/video.php?href=https%3A%2F%2Fwww.facebook.com%2FJournaLiberteOfficiel%2Fvideos%2F536416046967080%2F&#038;show_text=0&#038;width=264\" class=\"c6\" width=\"264\">[embedded content]<\/iframe><\/p>\n<p>Ils ont \u00e9galement appel\u00e9 \u00e0 \u00abune presse libre\u00bb et \u00e0 \u00abune justice ind\u00e9pendante\u00bb.<\/p>\n<p><iframe loading=\"lazy\" allowfullscreen=\"true\" allowtransparency=\"true\" frameborder=\"0\" height=\"280\" scrolling=\"no\" src=\"https:\/\/www.facebook.com\/plugins\/video.php?href=https%3A%2F%2Fwww.facebook.com%2FJournaLiberteOfficiel%2Fvideos%2F286050549035438%2F&#038;show_text=0&#038;width=560\" class=\"c6\" width=\"560\">[embedded content]<\/iframe><\/p>\n<p>La marche, qui s\u2019est d\u00e9roul\u00e9e dans le calme jusqu\u2019\u00e0 la rue Larbi Ben M\u2019hidi, a \u00e9t\u00e9 cependant perturb\u00e9e par l\u2019intervention de la police qui a arr\u00eat\u00e9 un manifestant pour port du drapeau berb\u00e8re.<\/p>\n<p><iframe loading=\"lazy\" allowfullscreen=\"true\" allowtransparency=\"true\" frameborder=\"0\" height=\"280\" scrolling=\"no\" src=\"https:\/\/www.facebook.com\/plugins\/video.php?href=https%3A%2F%2Fwww.facebook.com%2FJournaLiberteOfficiel%2Fvideos%2F490908834904531%2F&#038;show_text=0&#038;width=560\" class=\"c6\" width=\"560\">[embedded content]<\/iframe><\/p>\n<p>Plus loin, et \u00e0 hauteur de la Grande Poste d\u2019Alger, la police a tent\u00e9 une violente r\u00e9pression de la marche, ce qui a provoqu\u00e9 une bousculade, pendant que les manifestants r\u00e9pliquaient en scandant \u00abest-ce un Etat ou une colonisation\u00bb.<\/p>\n<p><iframe loading=\"lazy\" allowfullscreen=\"true\" allowtransparency=\"true\" frameborder=\"0\" height=\"280\" scrolling=\"no\" src=\"https:\/\/www.facebook.com\/plugins\/video.php?href=https%3A%2F%2Fwww.facebook.com%2FJournaLiberteOfficiel%2Fvideos%2F2507235512832473%2F&#038;show_text=0&#038;width=560\" class=\"c6\" width=\"560\">[embedded content]<\/iframe><\/p>\n<p>Les marcheurs \u00a0ont, \u00e0 cet effet, remont\u00e9 la rue Didouche Mourad, pour emprunter l\u2019Avenue Victor Hugo et atterrir \u00e0 la place de la libert\u00e9 de la presse, rue Hassiba Ben Bouali, o\u00f9 un cordon s\u00e9curitaire les attendait pour emp\u00eacher leur progression.<\/p>\n<p><iframe loading=\"lazy\" allowfullscreen=\"true\" allowtransparency=\"true\" frameborder=\"0\" height=\"338\" scrolling=\"no\" src=\"https:\/\/www.facebook.com\/plugins\/video.php?href=https%3A%2F%2Fwww.facebook.com%2FJournaLiberteOfficiel%2Fvideos%2F2777143615656123%2F&#038;show_text=0&#038;width=560\" class=\"c6\" width=\"560\">[embedded content]<\/iframe><\/p>\n<p>Plusieurs agressions sur les manifestants ont d&rsquo;ailleurs \u00e9t\u00e9 enregistr\u00e9es \u00e0 la rue Hassiba Ben Bouali.<\/p>\n<p><img decoding=\"async\" alt=\"\" src=\"\/data\/upload\/86970012_184051529673470_1610546932806057984_n.jpg\"\/><\/p>\n<p>Les \u00e9tudiants ont d\u00fb alors avancer vers la Place Mauritania et emprunter la ruelle jouxtant le march\u00e9 Clausel pour contourner, encore une fois, le dispositif policier et revenir vers la rue Didouche Mourad. \u00a0<\/p>\n<p><img decoding=\"async\" alt=\"\" src=\"\/data\/upload\/86969860_3062709667097156_6349543637382070272_n.jpg\"\/><\/p>\n<p>A 14h pass\u00e9es donc, la marche des \u00e9tudiants se poursuivait toujours, alors que d\u2019ordinaire les manifestants commen\u00e7aient \u00e0 se disperser avant m\u00eame 13h. Mais pour ce 52e mardi, les \u00e9tudiants voulaient visiblement marquer l\u2019anniversaire de l\u2019an \u00abI\u00a0\u00bb du hirak en prolongeant leur marche.\u00a0<\/p>\n<p>Avant de se quitter, ils ont appel\u00e9 \u00e0 une marche millionnaire pour vendredi\u00a0et samedi prochains \u00e0 Alger.<\/p>\n<p><iframe loading=\"lazy\" allowfullscreen=\"true\" allowtransparency=\"true\" frameborder=\"0\" height=\"280\" scrolling=\"no\" src=\"https:\/\/www.facebook.com\/plugins\/video.php?href=https%3A%2F%2Fwww.facebook.com%2FJournaLiberteOfficiel%2Fvideos%2F208828796913878%2F&#038;show_text=0&#038;width=560\" class=\"c6\" width=\"560\">[embedded content]<\/iframe><\/p>\n<p class=\"c7\"><strong>\u00a0 R\u00e9daction Web \u00a0\u00a0\u00a0<\/strong>\u00a0<\/p>\n<\/div>\n<div id=\"text_core\" readability=\"94\">\n<p>A la veille de l\u2019anniversaire de l\u2019an \u00ab\u00a0I\u00a0\u00bb du hirak, les \u00e9tudiants ont manifest\u00e9 par milliers dans le rue d\u2019Alger, pour le 52e mardi cons\u00e9cutif, r\u00e9clamant ainsi un changement profond du syst\u00e8me.<\/p>\n<p><iframe loading=\"lazy\" allowfullscreen=\"true\" allowtransparency=\"true\" frameborder=\"0\" height=\"315\" scrolling=\"no\" src=\"https:\/\/www.facebook.com\/plugins\/video.php?href=https%3A%2F%2Fwww.facebook.com%2FJournaLiberteOfficiel%2Fvideos%2F231073371258906%2F&#038;show_text=0&#038;width=560\" class=\"c6\" width=\"560\">[embedded content]<\/iframe><\/p>\n<p>En entamant leur marche vers 11h, \u00e0 partir de la Place des Martyrs, les \u00e9tudiants ont exig\u00e9, dans leurs slogans comme dans leurs pancartes, l\u2019application des articles 7 et 8 de la constitution, et donc \u00abla restitution du pouvoir au peuple\u00bb.<\/p>\n<p><iframe loading=\"lazy\" allowfullscreen=\"true\" allowtransparency=\"true\" frameborder=\"0\" height=\"476\" scrolling=\"no\" src=\"https:\/\/www.facebook.com\/plugins\/video.php?href=https%3A%2F%2Fwww.facebook.com%2FJournaLiberteOfficiel%2Fvideos%2F536416046967080%2F&#038;show_text=0&#038;width=264\" class=\"c6\" width=\"264\">[embedded content]<\/iframe><\/p>\n<p>Ils ont \u00e9galement appel\u00e9 \u00e0 \u00abune presse libre\u00bb et \u00e0 \u00abune justice ind\u00e9pendante\u00bb.<\/p>\n<p><iframe loading=\"lazy\" allowfullscreen=\"true\" allowtransparency=\"true\" frameborder=\"0\" height=\"280\" scrolling=\"no\" src=\"https:\/\/www.facebook.com\/plugins\/video.php?href=https%3A%2F%2Fwww.facebook.com%2FJournaLiberteOfficiel%2Fvideos%2F286050549035438%2F&#038;show_text=0&#038;width=560\" class=\"c6\" width=\"560\">[embedded content]<\/iframe><\/p>\n<p>La marche, qui s\u2019est d\u00e9roul\u00e9e dans le calme jusqu\u2019\u00e0 la rue Larbi Ben M\u2019hidi, a \u00e9t\u00e9 cependant perturb\u00e9e par l\u2019intervention de la police qui a arr\u00eat\u00e9 un manifestant pour port du drapeau berb\u00e8re.<\/p>\n<p><iframe loading=\"lazy\" allowfullscreen=\"true\" allowtransparency=\"true\" frameborder=\"0\" height=\"280\" scrolling=\"no\" src=\"https:\/\/www.facebook.com\/plugins\/video.php?href=https%3A%2F%2Fwww.facebook.com%2FJournaLiberteOfficiel%2Fvideos%2F490908834904531%2F&#038;show_text=0&#038;width=560\" class=\"c6\" width=\"560\">[embedded content]<\/iframe><\/p>\n<p>Plus loin, et \u00e0 hauteur de la Grande Poste d\u2019Alger, la police a tent\u00e9 une violente r\u00e9pression de la marche, ce qui a provoqu\u00e9 une bousculade, pendant que les manifestants r\u00e9pliquaient en scandant \u00abest-ce un Etat ou une colonisation\u00bb.<\/p>\n<p><iframe loading=\"lazy\" allowfullscreen=\"true\" allowtransparency=\"true\" frameborder=\"0\" height=\"280\" scrolling=\"no\" src=\"https:\/\/www.facebook.com\/plugins\/video.php?href=https%3A%2F%2Fwww.facebook.com%2FJournaLiberteOfficiel%2Fvideos%2F2507235512832473%2F&#038;show_text=0&#038;width=560\" class=\"c6\" width=\"560\">[embedded content]<\/iframe><\/p>\n<p>Les marcheurs \u00a0ont, \u00e0 cet effet, remont\u00e9 la rue Didouche Mourad, pour emprunter l\u2019Avenue Victor Hugo et atterrir \u00e0 la place de la libert\u00e9 de la presse, rue Hassiba Ben Bouali, o\u00f9 un cordon s\u00e9curitaire les attendait pour emp\u00eacher leur progression.<\/p>\n<p><iframe loading=\"lazy\" allowfullscreen=\"true\" allowtransparency=\"true\" frameborder=\"0\" height=\"338\" scrolling=\"no\" src=\"https:\/\/www.facebook.com\/plugins\/video.php?href=https%3A%2F%2Fwww.facebook.com%2FJournaLiberteOfficiel%2Fvideos%2F2777143615656123%2F&#038;show_text=0&#038;width=560\" class=\"c6\" width=\"560\">[embedded content]<\/iframe><\/p>\n<p>Plusieurs agressions sur les manifestants ont d&rsquo;ailleurs \u00e9t\u00e9 enregistr\u00e9es \u00e0 la rue Hassiba Ben Bouali.<\/p>\n<p><img decoding=\"async\" alt=\"\" src=\"\/data\/upload\/86970012_184051529673470_1610546932806057984_n.jpg\"\/><\/p>\n<p>Les \u00e9tudiants ont d\u00fb alors avancer vers la Place Mauritania et emprunter la ruelle jouxtant le march\u00e9 Clausel pour contourner, encore une fois, le dispositif policier et revenir vers la rue Didouche Mourad. \u00a0<\/p>\n<p><img decoding=\"async\" alt=\"\" src=\"\/data\/upload\/86969860_3062709667097156_6349543637382070272_n.jpg\"\/><\/p>\n<p>A 14h pass\u00e9es donc, la marche des \u00e9tudiants se poursuivait toujours, alors que d\u2019ordinaire les manifestants commen\u00e7aient \u00e0 se disperser avant m\u00eame 13h. Mais pour ce 52e mardi, les \u00e9tudiants voulaient visiblement marquer l\u2019anniversaire de l\u2019an \u00abI\u00a0\u00bb du hirak en prolongeant leur marche.\u00a0<\/p>\n<p>Avant de se quitter, ils ont appel\u00e9 \u00e0 une marche millionnaire pour vendredi\u00a0et samedi prochains \u00e0 Alger.<\/p>\n<p><iframe loading=\"lazy\" allowfullscreen=\"true\" allowtransparency=\"true\" frameborder=\"0\" height=\"280\" scrolling=\"no\" src=\"https:\/\/www.facebook.com\/plugins\/video.php?href=https%3A%2F%2Fwww.facebook.com%2FJournaLiberteOfficiel%2Fvideos%2F208828796913878%2F&#038;show_text=0&#038;width=560\" class=\"c6\" width=\"560\">[embedded content]<\/iframe><\/p>\n<p class=\"c7\"><strong>\u00a0 R\u00e9daction Web \u00a0\u00a0\u00a0<\/strong>\u00a0<\/p>\n<\/div>\n<p>Auteur:<br \/>\n<a href=\"https:\/\/www.liberte-algerie.com\/actualite\/les-etudiants-en-force-au-52e-mardi-a-alger-334161\">Cliquez ici pour lire l&rsquo;article depuis sa source.<\/a><\/p>\n","protected":false},"excerpt":{"rendered":"<p>A la veille de l\u2019anniversaire de l\u2019an \u00ab\u00a0I\u00a0\u00bb du hirak, les \u00e9tudiants ont manifest\u00e9 par milliers dans le rue d\u2019Alger, pour le 52e mardi cons\u00e9cutif, r\u00e9clamant ainsi un changement profond du syst\u00e8me. [embedded content] En entamant leur marche vers 11h, \u00e0 partir de la Place des Martyrs, les \u00e9tudiants ont exig\u00e9, dans leurs slogans comme [&hellip;]<\/p>\n","protected":false},"author":1742,"featured_media":76438,"comment_status":"closed","ping_status":"closed","sticky":false,"template":"","format":"standard","meta":{"fifu_image_url":"","fifu_image_alt":"","footnotes":""},"categories":[73,53],"tags":[],"class_list":["post-76437","post","type-post","status-publish","format-standard","has-post-thumbnail","hentry","category-actualite","category-algerie"],"_links":{"self":[{"href":"https:\/\/linitiative.ca\/International\/wp-json\/wp\/v2\/posts\/76437","targetHints":{"allow":["GET"]}}],"collection":[{"href":"https:\/\/linitiative.ca\/International\/wp-json\/wp\/v2\/posts"}],"about":[{"href":"https:\/\/linitiative.ca\/International\/wp-json\/wp\/v2\/types\/post"}],"author":[{"embeddable":true,"href":"https:\/\/linitiative.ca\/International\/wp-json\/wp\/v2\/users\/1742"}],"replies":[{"embeddable":true,"href":"https:\/\/linitiative.ca\/International\/wp-json\/wp\/v2\/comments?post=76437"}],"version-history":[{"count":0,"href":"https:\/\/linitiative.ca\/International\/wp-json\/wp\/v2\/posts\/76437\/revisions"}],"wp:featuredmedia":[{"embeddable":true,"href":"https:\/\/linitiative.ca\/International\/wp-json\/"}],"wp:attachment":[{"href":"https:\/\/linitiative.ca\/International\/wp-json\/wp\/v2\/media?parent=76437"}],"wp:term":[{"taxonomy":"category","embeddable":true,"href":"https:\/\/linitiative.ca\/International\/wp-json\/wp\/v2\/categories?post=76437"},{"taxonomy":"post_tag","embeddable":true,"href":"https:\/\/linitiative.ca\/International\/wp-json\/wp\/v2\/tags?post=76437"}],"curies":[{"name":"wp","href":"https:\/\/api.w.org\/{rel}","templated":true}]}}