{"id":76440,"date":"2020-02-18T10:00:00","date_gmt":"2020-02-18T15:00:00","guid":{"rendered":"https:\/\/linitiative.ca\/International\/amar-belhimer-annonce-prochainement-un-encadrement-juridique\/"},"modified":"2020-02-18T10:00:00","modified_gmt":"2020-02-18T15:00:00","slug":"amar-belhimer-annonce-prochainement-un-encadrement-juridique","status":"publish","type":"post","link":"https:\/\/linitiative.ca\/International\/amar-belhimer-annonce-prochainement-un-encadrement-juridique\/","title":{"rendered":"Amar Belhimer annonce prochainement un encadrement juridique"},"content":{"rendered":"<div id=\"originalText\" readability=\"109\">\n<p>Le ministre de la Communication, Porte parole du\u00a0 gouvernement, Amar Belhimer a indiqu\u00e9 mardi \u00e0 Alger, que l&rsquo;activit\u00e9 des\u00a0 m\u00e9dias audiovisuels et \u00e9lectroniques n\u00e9cessitait un \u00ab\u00a0encadrement\u00a0 juridique\u00a0\u00bb, en annon\u00e7ant dans la foul\u00e9e que les cha\u00eenes de t\u00e9l\u00e9vision\u00a0 relevant du secteur priv\u00e9 \u00ab\u00a0seront de droit alg\u00e9rien\u00a0\u00bb.<\/p>\n<p>\u00ab\u00a0Les m\u00e9dias audiovisuels et \u00e9lectroniques seront prochainement encadr\u00e9s\u00a0 juridiquement car ils sont d\u00e9j\u00e0 agr\u00e9\u00e9s. Le probl\u00e8me c&rsquo;est que ces m\u00e9dias\u00a0 \u00e9voluaient dans un secteur de non droit car le mode de gouvernance a fait\u00a0 tr\u00e8s peu cas de la place du droit comme mode de r\u00e9gulation (&#8230;) le droit\u00a0 de la force et non la force du droit qui a pr\u00e9valu\u00a0\u00bb, a d\u00e9plor\u00e9 M. Belhimer\u00a0 lors de son passage \u00e0 \u00ab\u00a0L&rsquo;invit\u00e9 de la r\u00e9daction\u00a0\u00bb de la Cha\u00eene III de la\u00a0 Radio alg\u00e9rienne.<\/p>\n<p>\u00ab\u00a0Nous allons faire rentrer dans la matrice juridique un certains nombre\u00a0 d&rsquo;activit\u00e9s, comme celles relatives \u00e0 l&rsquo;audiovisuel qui ob\u00e9issent \u00e0 des\u00a0 droits \u00e9trangers en ce moment et qui sont port\u00e9es par des organes de transmission \u00e9trangers. Parall\u00e8lement, nous allons encadrer \u00e9galement\u00a0 l&rsquo;activit\u00e9 de la presse \u00e9lectronique qui r\u00e9unit pour le moment quelque 150\u00a0 sites \u00e9lectroniques. Nous leur avons donn\u00e9 l&rsquo;autorisation d&rsquo;exercer leurs\u00a0 activit\u00e9s en attendant de les encadrer juridiquement \u00e0 partir de la semaine\u00a0 prochaine\u00a0\u00bb, lors du premier atelier de r\u00e9forme du secteur de la\u00a0 communication, consacr\u00e9 \u00e0 la presse \u00e9lectronique, pr\u00e9vu jeudi prochain.<\/p>\n<p>Les cha\u00eenes de t\u00e9l\u00e9vision relevant du secteur priv\u00e9 \u00ab\u00a0seront de droit\u00a0 alg\u00e9rien, et nous allons mettre dans la mesure du possible un syst\u00e8me qui\u00a0 les mettra sur le satellite alg\u00e9rien ALCOMSAT1&Prime;, a fait savoir M. Belhimer,\u00a0 affirmant, par ailleurs qu'\u00a0\u00bbaucun site \u00e9lectronique n&rsquo;est bloqu\u00e9\u00a0\u00bb.<\/p>\n<p>Concernant la libert\u00e9 de la presse en Alg\u00e9rie, le ministre a indiqu\u00e9: \u00ab\u00a0je\u00a0 pr\u00f4ne comme cadre commun d&rsquo;exercice du m\u00e9tier de journaliste, une matrice\u00a0 qui repose sur l&rsquo;\u00e9quation libert\u00e9-responsabilit\u00e9\u00a0\u00bb, pr\u00e9cisant que celle-ci\u00a0 \u00ab\u00a0mettra en harmonie une libert\u00e9 totale avec abolition du syst\u00e8me\u00a0 d&rsquo;agr\u00e9ment\u00a0\u00bb.<\/p>\n<p>Il a plaid\u00e9 en m\u00eame temps, pour \u00ab\u00a0un syst\u00e8me de responsabilit\u00e9 qui encadre\u00a0 l&rsquo;exercice de cette libert\u00e9\u00a0\u00bb laquelle doit \u00ab\u00a0respecter le droit \u00e0 l&rsquo;image d&rsquo;autrui, l&rsquo;honneur et la vie priv\u00e9 des personnes\u00a0\u00bb.<\/p>\n<p>Il a ajout\u00e9 que la matrice qu&rsquo;il d\u00e9fend \u00ab\u00a0repose aussi sur un certains\u00a0 nombre de valeurs partag\u00e9es relatives \u00e0 l&rsquo;\u00e9thique et la d\u00e9ontologie, ainsi\u00a0 qu&rsquo;\u00e0 l&rsquo;autor\u00e9gulation et la r\u00e9gulation de la profession\u00a0\u00bb. Concernant la presse \u00e9crite, M. Belhimer a indiqu\u00e9 qu'\u00a0\u00bbil n&rsquo;y a pas une\u00a0 seule entreprise de presse, publique ou priv\u00e9e, qui soit viable\u00a0\u00bb, ajoutant\u00a0 que \u00ab\u00a0toutes les entreprises rencontrent aujourd&rsquo;hui des difficult\u00e9s, dont\u00a0 celle de s&rsquo;adapter \u00e0 des mutations technologiques\u00a0\u00bb.<\/p>\n<p>En r\u00e9ponse \u00e0 une question sur une \u00e9ventuelle aide de l&rsquo;Etat pour les journaux en difficult\u00e9, le ministre a r\u00e9pondu: \u00ab\u00a0Pour l&rsquo;instant il n&rsquo;y a\u00a0 aucun outil financier pour soutenir la presse papier en difficult\u00e9 puisque\u00a0 le fonds de soutien \u00e0 la presse n&rsquo;est plus aliment\u00e9 depuis 2015\u00a0\u00bb.<\/p>\n<p>\u00ab\u00a0Les moyens de soutiens disponibles en ce moment se limitent aux dettes\u00a0 aupr\u00e8s des imprimeries, la publicit\u00e9 d&rsquo;Etat, et les maisons de la presse\u00a0 qui mettent des locaux \u00e0 la disposition des titres de la presse dans\u00a0 diff\u00e9rentes wilayas du pays\u00a0\u00bb, a-t-il pr\u00e9cis\u00e9.<\/p>\n<p>A propos des moyens de pr\u00e9server les droits des journalistes, le ministre\u00a0 a soulign\u00e9 l&rsquo;importance de la mise en place \u00ab\u00a0d&rsquo;associations et de syndicats\u00a0 repr\u00e9sentatifs, actifs, puissants et unitaires, qui valorisent le bon\u00a0 exercice du m\u00e9tier\u00a0\u00bb.<\/p>\n<p class=\"c6\"><strong>APS<\/strong><\/p>\n<\/div>\n<div id=\"text_core\" readability=\"109\">\n<p>Le ministre de la Communication, Porte parole du\u00a0 gouvernement, Amar Belhimer a indiqu\u00e9 mardi \u00e0 Alger, que l&rsquo;activit\u00e9 des\u00a0 m\u00e9dias audiovisuels et \u00e9lectroniques n\u00e9cessitait un \u00ab\u00a0encadrement\u00a0 juridique\u00a0\u00bb, en annon\u00e7ant dans la foul\u00e9e que les cha\u00eenes de t\u00e9l\u00e9vision\u00a0 relevant du secteur priv\u00e9 \u00ab\u00a0seront de droit alg\u00e9rien\u00a0\u00bb.<\/p>\n<p>\u00ab\u00a0Les m\u00e9dias audiovisuels et \u00e9lectroniques seront prochainement encadr\u00e9s\u00a0 juridiquement car ils sont d\u00e9j\u00e0 agr\u00e9\u00e9s. Le probl\u00e8me c&rsquo;est que ces m\u00e9dias\u00a0 \u00e9voluaient dans un secteur de non droit car le mode de gouvernance a fait\u00a0 tr\u00e8s peu cas de la place du droit comme mode de r\u00e9gulation (&#8230;) le droit\u00a0 de la force et non la force du droit qui a pr\u00e9valu\u00a0\u00bb, a d\u00e9plor\u00e9 M. Belhimer\u00a0 lors de son passage \u00e0 \u00ab\u00a0L&rsquo;invit\u00e9 de la r\u00e9daction\u00a0\u00bb de la Cha\u00eene III de la\u00a0 Radio alg\u00e9rienne.<\/p>\n<p>\u00ab\u00a0Nous allons faire rentrer dans la matrice juridique un certains nombre\u00a0 d&rsquo;activit\u00e9s, comme celles relatives \u00e0 l&rsquo;audiovisuel qui ob\u00e9issent \u00e0 des\u00a0 droits \u00e9trangers en ce moment et qui sont port\u00e9es par des organes de transmission \u00e9trangers. Parall\u00e8lement, nous allons encadrer \u00e9galement\u00a0 l&rsquo;activit\u00e9 de la presse \u00e9lectronique qui r\u00e9unit pour le moment quelque 150\u00a0 sites \u00e9lectroniques. Nous leur avons donn\u00e9 l&rsquo;autorisation d&rsquo;exercer leurs\u00a0 activit\u00e9s en attendant de les encadrer juridiquement \u00e0 partir de la semaine\u00a0 prochaine\u00a0\u00bb, lors du premier atelier de r\u00e9forme du secteur de la\u00a0 communication, consacr\u00e9 \u00e0 la presse \u00e9lectronique, pr\u00e9vu jeudi prochain.<\/p>\n<p>Les cha\u00eenes de t\u00e9l\u00e9vision relevant du secteur priv\u00e9 \u00ab\u00a0seront de droit\u00a0 alg\u00e9rien, et nous allons mettre dans la mesure du possible un syst\u00e8me qui\u00a0 les mettra sur le satellite alg\u00e9rien ALCOMSAT1&Prime;, a fait savoir M. Belhimer,\u00a0 affirmant, par ailleurs qu'\u00a0\u00bbaucun site \u00e9lectronique n&rsquo;est bloqu\u00e9\u00a0\u00bb.<\/p>\n<p>Concernant la libert\u00e9 de la presse en Alg\u00e9rie, le ministre a indiqu\u00e9: \u00ab\u00a0je\u00a0 pr\u00f4ne comme cadre commun d&rsquo;exercice du m\u00e9tier de journaliste, une matrice\u00a0 qui repose sur l&rsquo;\u00e9quation libert\u00e9-responsabilit\u00e9\u00a0\u00bb, pr\u00e9cisant que celle-ci\u00a0 \u00ab\u00a0mettra en harmonie une libert\u00e9 totale avec abolition du syst\u00e8me\u00a0 d&rsquo;agr\u00e9ment\u00a0\u00bb.<\/p>\n<p>Il a plaid\u00e9 en m\u00eame temps, pour \u00ab\u00a0un syst\u00e8me de responsabilit\u00e9 qui encadre\u00a0 l&rsquo;exercice de cette libert\u00e9\u00a0\u00bb laquelle doit \u00ab\u00a0respecter le droit \u00e0 l&rsquo;image d&rsquo;autrui, l&rsquo;honneur et la vie priv\u00e9 des personnes\u00a0\u00bb.<\/p>\n<p>Il a ajout\u00e9 que la matrice qu&rsquo;il d\u00e9fend \u00ab\u00a0repose aussi sur un certains\u00a0 nombre de valeurs partag\u00e9es relatives \u00e0 l&rsquo;\u00e9thique et la d\u00e9ontologie, ainsi\u00a0 qu&rsquo;\u00e0 l&rsquo;autor\u00e9gulation et la r\u00e9gulation de la profession\u00a0\u00bb. Concernant la presse \u00e9crite, M. Belhimer a indiqu\u00e9 qu'\u00a0\u00bbil n&rsquo;y a pas une\u00a0 seule entreprise de presse, publique ou priv\u00e9e, qui soit viable\u00a0\u00bb, ajoutant\u00a0 que \u00ab\u00a0toutes les entreprises rencontrent aujourd&rsquo;hui des difficult\u00e9s, dont\u00a0 celle de s&rsquo;adapter \u00e0 des mutations technologiques\u00a0\u00bb.<\/p>\n<p>En r\u00e9ponse \u00e0 une question sur une \u00e9ventuelle aide de l&rsquo;Etat pour les journaux en difficult\u00e9, le ministre a r\u00e9pondu: \u00ab\u00a0Pour l&rsquo;instant il n&rsquo;y a\u00a0 aucun outil financier pour soutenir la presse papier en difficult\u00e9 puisque\u00a0 le fonds de soutien \u00e0 la presse n&rsquo;est plus aliment\u00e9 depuis 2015\u00a0\u00bb.<\/p>\n<p>\u00ab\u00a0Les moyens de soutiens disponibles en ce moment se limitent aux dettes\u00a0 aupr\u00e8s des imprimeries, la publicit\u00e9 d&rsquo;Etat, et les maisons de la presse\u00a0 qui mettent des locaux \u00e0 la disposition des titres de la presse dans\u00a0 diff\u00e9rentes wilayas du pays\u00a0\u00bb, a-t-il pr\u00e9cis\u00e9.<\/p>\n<p>A propos des moyens de pr\u00e9server les droits des journalistes, le ministre\u00a0 a soulign\u00e9 l&rsquo;importance de la mise en place \u00ab\u00a0d&rsquo;associations et de syndicats\u00a0 repr\u00e9sentatifs, actifs, puissants et unitaires, qui valorisent le bon\u00a0 exercice du m\u00e9tier\u00a0\u00bb.<\/p>\n<p class=\"c6\"><strong>APS<\/strong><\/p>\n<\/div>\n<p>Auteur:<br \/>\n<a href=\"https:\/\/www.liberte-algerie.com\/actualite\/amar-belhimer-annonce-prochainement-un-encadrement-juridique-334163\">Cliquez ici pour lire l&rsquo;article depuis sa source.<\/a><\/p>\n","protected":false},"excerpt":{"rendered":"<p>Le ministre de la Communication, Porte parole du\u00a0 gouvernement, Amar Belhimer a indiqu\u00e9 mardi \u00e0 Alger, que l&rsquo;activit\u00e9 des\u00a0 m\u00e9dias audiovisuels et \u00e9lectroniques n\u00e9cessitait un \u00ab\u00a0encadrement\u00a0 juridique\u00a0\u00bb, en annon\u00e7ant dans la foul\u00e9e que les cha\u00eenes de t\u00e9l\u00e9vision\u00a0 relevant du secteur priv\u00e9 \u00ab\u00a0seront de droit alg\u00e9rien\u00a0\u00bb. \u00ab\u00a0Les m\u00e9dias audiovisuels et \u00e9lectroniques seront prochainement encadr\u00e9s\u00a0 juridiquement car [&hellip;]<\/p>\n","protected":false},"author":1742,"featured_media":0,"comment_status":"closed","ping_status":"closed","sticky":false,"template":"","format":"standard","meta":{"fifu_image_url":"","fifu_image_alt":"","footnotes":""},"categories":[73,53],"tags":[],"class_list":["post-76440","post","type-post","status-publish","format-standard","hentry","category-actualite","category-algerie"],"_links":{"self":[{"href":"https:\/\/linitiative.ca\/International\/wp-json\/wp\/v2\/posts\/76440","targetHints":{"allow":["GET"]}}],"collection":[{"href":"https:\/\/linitiative.ca\/International\/wp-json\/wp\/v2\/posts"}],"about":[{"href":"https:\/\/linitiative.ca\/International\/wp-json\/wp\/v2\/types\/post"}],"author":[{"embeddable":true,"href":"https:\/\/linitiative.ca\/International\/wp-json\/wp\/v2\/users\/1742"}],"replies":[{"embeddable":true,"href":"https:\/\/linitiative.ca\/International\/wp-json\/wp\/v2\/comments?post=76440"}],"version-history":[{"count":0,"href":"https:\/\/linitiative.ca\/International\/wp-json\/wp\/v2\/posts\/76440\/revisions"}],"wp:attachment":[{"href":"https:\/\/linitiative.ca\/International\/wp-json\/wp\/v2\/media?parent=76440"}],"wp:term":[{"taxonomy":"category","embeddable":true,"href":"https:\/\/linitiative.ca\/International\/wp-json\/wp\/v2\/categories?post=76440"},{"taxonomy":"post_tag","embeddable":true,"href":"https:\/\/linitiative.ca\/International\/wp-json\/wp\/v2\/tags?post=76440"}],"curies":[{"name":"wp","href":"https:\/\/api.w.org\/{rel}","templated":true}]}}