{"id":76442,"date":"2020-02-18T08:15:54","date_gmt":"2020-02-18T13:15:54","guid":{"rendered":"https:\/\/linitiative.ca\/International\/lancement-de-linitiative-territorial-innovation-lab\/"},"modified":"2020-02-18T08:15:54","modified_gmt":"2020-02-18T13:15:54","slug":"lancement-de-linitiative-territorial-innovation-lab","status":"publish","type":"post","link":"https:\/\/linitiative.ca\/International\/lancement-de-linitiative-territorial-innovation-lab\/","title":{"rendered":"Lancement de l\u2019initiative \u00ab\u00a0Territorial Innovation Lab\u00a0\u00bb"},"content":{"rendered":"<div readability=\"35\">\n<p>Commune Sidi Boubker (Province de Rehamna) \u2013 La province de Rehamna vient de lancer son \u00ab\u00a0Territorial Innovation Lab\u00a0\u00bb, une initiative visant \u00e0 mobiliser l\u2019intelligence collective pour un d\u00e9veloppement inclusif et durable.<\/p>\n<\/div>\n<div readability=\"130\">\n<p>Le lancement de cette initiative d\u2019open innovation r\u00e9unissant des comp\u00e9tences d\u2019horizons divers, anim\u00e9es par la volont\u00e9 de trouver des r\u00e9ponses concert\u00e9es \u00e0 des fragilit\u00e9s ou \u00e0 des probl\u00e9matiques territoriales, s\u2019est d\u00e9roul\u00e9e \u00e0 Douar Skoura, relevant de la commune de Sidi Boubker, en pr\u00e9sence notamment du gouverneur de la province, Aziz Bouignane, ainsi que de quelque 150 personnes repr\u00e9sentant l\u2019ensemble des acteurs publics et priv\u00e9s de la province.<\/p>\n<p>N\u00e9 \u00e0 l\u2019initiative de la province de Rehamna, ce \u00ab\u00a0Territorial Innovation Lab\u00a0\u00bb est un nouveau tiers-lieu ouvert permettant de travailler entre structures publiques et priv\u00e9es, collectivit\u00e9s locales, laboratoires universitaires, associations, citoyens, groupement d\u2019usagers et ONGs, le but \u00e9tant d\u2019\u00e9laborer de nouvelles solutions et d\u2019essaimer des innovations locales en mati\u00e8re de d\u00e9veloppement territorial.<\/p>\n<p>La force de l\u2019open innovation, impliquant des parties prenantes de comp\u00e9tences et d\u2019horizons divers, mues par le d\u00e9sir de d\u00e9battre des probl\u00e9matiques de d\u00e9veloppement territorial de leur r\u00e9gion, permettra de proposer des solutions innovantes et efficaces, prenant en consid\u00e9ration le g\u00e9nie du territoire et les visions de chaque intervenant territorial.<\/p>\n<p>Dans une allocution de circonstance, le gouverneur de la province a affirm\u00e9 que \u00ab\u00a0dans la droite ligne des Hautes Orientations de Sa Majest\u00e9 le Roi Mohammed VI en mati\u00e8re de d\u00e9veloppement humain, nous sommes persuad\u00e9s que la cl\u00e9 de r\u00e9ussite r\u00e9side en la force de l\u2019ambition et de l\u2019action collective\u00a0\u00bb.<\/p>\n<p>Et de poursuivre qu&rsquo;\u00a0\u00bben mettant en commun nos savoirs, nos comp\u00e9tences et nos capacit\u00e9s, nous les multiplions et nous pourrons ainsi oeuvrer diff\u00e9remment \u00e0 l\u2019\u00e9dification collective de piliers solides de d\u00e9veloppement pour la province de Rehamna\u00a0\u00bb.<\/p>\n<p>Et le gouverneur de faire remarquer que la mission de ce Laboratoire consiste \u00e0 favoriser l\u2019\u00e9mergence de projets innovants r\u00e9pondant \u00e0 des probl\u00e9matiques territoriales sp\u00e9cifiques, en privil\u00e9giant les strat\u00e9gies d\u2019alliance et l\u2019intelligence collective pour la cr\u00e9ation d\u2019\u00e9cosyst\u00e8mes g\u00e9n\u00e9rateurs de valeur partag\u00e9e au profit de tous.<\/p>\n<p>M. Bouignane a, dans ce sens, exhort\u00e9 le \u00ab\u00a0Territorial Innovation Lab\u00a0\u00bb de Rehamna \u00e0 faire intervenir et \u00e0 \u00e9couter toutes les voix engag\u00e9es du territoire et \u00e0 faire participer toutes les bonnes volont\u00e9s.<\/p>\n<p>Le Directeur OCP des Sites de Rehamna et Youssoufia, M. Ramzi Abdelkrim a fait part, quant \u00e0 lui, de sa joie de figurer parmi les membres fondateurs de cette initiative.<\/p>\n<p>\u00ab\u00a0Cette initiative va donner encore plus de force \u00e0 notre programme \u00ab\u00a0Act4Community\u00a0\u00bb au niveau de la province de Rehamna, d\u2019une part par la multiplication des canaux de concertation et de co-construction et d\u2019autre part, par le renforcement de nos \u00e9quipes par des experts b\u00e9n\u00e9voles de tous bords\u00a0\u00bb, a-t-il dit.<\/p>\n<p>\u00ab\u00a0L\u2019Universit\u00e9 Mohammed VI Polytechnique (UM6P) se fait une joie et un devoir d\u2019accompagner le Laboratoire. Pens\u00e9 comme un r\u00e9seau de comp\u00e9tences r\u00e9unies autour de sujets territoriaux, \u00ab\u00a0Rehamna Territorial Innovation Lab\u00a0\u00bb jouera un r\u00f4le f\u00e9d\u00e9rateur et catalyseur pour faire na\u00eetre des solutions nouvelles et accompagner leur impl\u00e9mentation, par la recherche et l\u2019action participative en mettant \u00e0 profit les derni\u00e8res m\u00e9thodes de co-design\u00a0\u00bb, a expliqu\u00e9, de son c\u00f4t\u00e9, Lex Paulson, directeur de l\u2019Ecole d\u2019Intelligence Collective de l\u2019UM6P.<\/p>\n<p>Durant cette rencontre de lancement de Rehamna Innovation Lab, les participants ont pris connaissance de l\u2019ambition et de la projection co-construite de l\u2019avenir de la province, ainsi que des diff\u00e9rentes modalit\u00e9s de fonctionnement et de travail du Laboratoire.<\/p>\n<p>A noter que le choix de Douar Skoura pour la tenue de cette rencontre a \u00e9t\u00e9 motiv\u00e9 par la volont\u00e9 de marquer l\u2019importance du d\u00e9veloppement inclusif et durable du monde rural.<\/p>\n<p>Les habitants de ce douar se sont joints aux groupes de travail et ont apport\u00e9 leurs t\u00e9moignages et leurs id\u00e9es pour une meilleure approche du d\u00e9veloppement rural.<\/p>\n<p>Douar Skoura, rappelle-t-on, est un village qui avait \u00e9t\u00e9 choisi en 2008 par l\u2019association \u00ab\u00a0Terre et Humanisme Maroc\u00a0\u00bb pour la r\u00e9alisation d\u2019une ferme p\u00e9dagogique construite avec des mat\u00e9riaux locaux et dot\u00e9e de citernes de r\u00e9cup\u00e9ration d\u2019eau de pluie.<\/p>\n<\/div>\n<p>Auteur: Meriem IGASS<br \/>\n<a href=\"http:\/\/www.mapmarrakech.ma\/fr\/lancement-de-linitiative-territorial-innovation-lab\/\">Cliquez ici pour lire l&rsquo;article depuis sa source.<\/a><\/p>\n","protected":false},"excerpt":{"rendered":"<p>Commune Sidi Boubker (Province de Rehamna) \u2013 La province de Rehamna vient de lancer son \u00ab\u00a0Territorial Innovation Lab\u00a0\u00bb, une initiative visant \u00e0 mobiliser l\u2019intelligence collective pour un d\u00e9veloppement inclusif et durable. Le lancement de cette initiative d\u2019open innovation r\u00e9unissant des comp\u00e9tences d\u2019horizons divers, anim\u00e9es par la volont\u00e9 de trouver des r\u00e9ponses concert\u00e9es \u00e0 des fragilit\u00e9s [&hellip;]<\/p>\n","protected":false},"author":1788,"featured_media":0,"comment_status":"closed","ping_status":"closed","sticky":false,"template":"","format":"standard","meta":{"fifu_image_url":"","fifu_image_alt":"","footnotes":""},"categories":[54,76],"tags":[],"class_list":["post-76442","post","type-post","status-publish","format-standard","hentry","category-maroc","category-regions"],"_links":{"self":[{"href":"https:\/\/linitiative.ca\/International\/wp-json\/wp\/v2\/posts\/76442","targetHints":{"allow":["GET"]}}],"collection":[{"href":"https:\/\/linitiative.ca\/International\/wp-json\/wp\/v2\/posts"}],"about":[{"href":"https:\/\/linitiative.ca\/International\/wp-json\/wp\/v2\/types\/post"}],"author":[{"embeddable":true,"href":"https:\/\/linitiative.ca\/International\/wp-json\/wp\/v2\/users\/1788"}],"replies":[{"embeddable":true,"href":"https:\/\/linitiative.ca\/International\/wp-json\/wp\/v2\/comments?post=76442"}],"version-history":[{"count":0,"href":"https:\/\/linitiative.ca\/International\/wp-json\/wp\/v2\/posts\/76442\/revisions"}],"wp:attachment":[{"href":"https:\/\/linitiative.ca\/International\/wp-json\/wp\/v2\/media?parent=76442"}],"wp:term":[{"taxonomy":"category","embeddable":true,"href":"https:\/\/linitiative.ca\/International\/wp-json\/wp\/v2\/categories?post=76442"},{"taxonomy":"post_tag","embeddable":true,"href":"https:\/\/linitiative.ca\/International\/wp-json\/wp\/v2\/tags?post=76442"}],"curies":[{"name":"wp","href":"https:\/\/api.w.org\/{rel}","templated":true}]}}