{"id":76443,"date":"2020-02-18T10:10:07","date_gmt":"2020-02-18T15:10:07","guid":{"rendered":"https:\/\/linitiative.ca\/International\/bechar-hommage-aux-10-chouhada-de-la-famille-zaoui\/"},"modified":"2020-02-18T10:10:07","modified_gmt":"2020-02-18T15:10:07","slug":"bechar-hommage-aux-10-chouhada-de-la-famille-zaoui","status":"publish","type":"post","link":"https:\/\/linitiative.ca\/International\/bechar-hommage-aux-10-chouhada-de-la-famille-zaoui\/","title":{"rendered":"Bechar: hommage aux 10 Chouhada de la famille Zaoui"},"content":{"rendered":"<div readability=\"35\">\n<p><strong>BECHAR &#8211; Un vibrant hommage a \u00e9t\u00e9 rendu mardi \u00e0 Bechar aux 10 Chouhada de la famille Zaoui de Bechar, morts les armes \u00e0 la main dans diff\u00e9rents combats et batailles livr\u00e9s par la glorieuse Arm\u00e9e de lib\u00e9ration nationale (ALN) \u00e0 travers la Zone huit de la wilaya 5 historique.<\/strong><\/p>\n<\/div>\n<div readability=\"70\">\n<p>L&rsquo;\u00e9v\u00e8nement, initi\u00e9 par l&rsquo;association \u00a0\u00bbMechaal Echahid\u00a0\u00bb, \u00e0 l&rsquo;occasion de la c\u00e9l\u00e9bration de la journ\u00e9e nationale du Chahid (18 f\u00e9vrier), au mus\u00e9e local du Moudjahid, est \u00ab\u00a0une \u00e9tape tr\u00e8s importante pour mettre en valeur le sacrifice supr\u00eame des membres d&rsquo;une famille enti\u00e8re pour la lib\u00e9ration du pays du joug coloniale\u00a0\u00bb, ont indiqu\u00e9 les responsables locaux de l&rsquo;association nationale.<\/p>\n<p>\u00ab\u00a0Les membres de la famille Zaoui (morts aux combats) ont toujours milit\u00e9 au sein du mouvement national. Les plus connus sont les chouhada Zaoui Diab et Zaoui Ahmed\u00a0\u00bb, a-t-on rappel\u00e9.<\/p>\n<p>Zaoui Diab, un des organisateurs et meneurs des toute premi\u00e8res actions de Fida contre les forces coloniales en juin 1956 \u00e0 Bechar, est mort au champ d&rsquo;honneur les armes \u00e0 la main le 25 octobre 1958 \u00e0 Bechar. Zaoui Ahmed, mort en martyr au cours de la bataille de Djebel-Bechar en compagnie du colonel Lotfi, chef de la wilaya 5 et de son adjoint le commandant Farradj, est un exemple du sacrifice supr\u00eame pour la libert\u00e9 de l&rsquo;Alg\u00e9rie, ont rappel\u00e9 les responsable de \u00ab\u00a0Mechaal Echahid\u00a0\u00bb.<\/p>\n<p>Des moudjahidine, citoyens et repr\u00e9sentants de la soci\u00e9t\u00e9 civile, ainsi que des \u00e9l\u00e8ves des diff\u00e9rents cycles de l&rsquo;enseignement, ont pris part \u00e0 la c\u00e9r\u00e9monie.<\/p>\n<p>A l&rsquo;occasion de la journ\u00e9e nationale du Chahid, plusieurs activit\u00e9s culturelles, sportives et sociales ont \u00e9t\u00e9 initi\u00e9es \u00e0 travers la wilaya notamment au chef lieu de la commune d&rsquo;El-Ouata (259 km au Sud de Bechar), o\u00f9 une c\u00e9r\u00e9monie de recueillement \u00e0 la m\u00e9moire des martyrs de la R\u00e9volution du 1er novembre 1954 a \u00e9t\u00e9 organis\u00e9e en pr\u00e9sence des autorit\u00e9s locales, de responsables locaux de l&rsquo;Organisation nationale des moudjahidine (ONM) et de citoyens de diff\u00e9rentes communes de la wilaya.<\/p>\n<\/div>\n<p>Auteur:<br \/>\n<a href=\"http:\/\/www.aps.dz\/regions\/101818-bechar-hommage-aux-10-chouhada-de-la-famille-zaoui\">Cliquez ici pour lire l&rsquo;article depuis sa source.<\/a><\/p>\n","protected":false},"excerpt":{"rendered":"<p>BECHAR &#8211; Un vibrant hommage a \u00e9t\u00e9 rendu mardi \u00e0 Bechar aux 10 Chouhada de la famille Zaoui de Bechar, morts les armes \u00e0 la main dans diff\u00e9rents combats et batailles livr\u00e9s par la glorieuse Arm\u00e9e de lib\u00e9ration nationale (ALN) \u00e0 travers la Zone huit de la wilaya 5 historique. L&rsquo;\u00e9v\u00e8nement, initi\u00e9 par l&rsquo;association \u00a0\u00bbMechaal [&hellip;]<\/p>\n","protected":false},"author":1790,"featured_media":0,"comment_status":"closed","ping_status":"closed","sticky":false,"template":"","format":"standard","meta":{"fifu_image_url":"","fifu_image_alt":"","footnotes":""},"categories":[53,76],"tags":[],"class_list":["post-76443","post","type-post","status-publish","format-standard","hentry","category-algerie","category-regions"],"_links":{"self":[{"href":"https:\/\/linitiative.ca\/International\/wp-json\/wp\/v2\/posts\/76443","targetHints":{"allow":["GET"]}}],"collection":[{"href":"https:\/\/linitiative.ca\/International\/wp-json\/wp\/v2\/posts"}],"about":[{"href":"https:\/\/linitiative.ca\/International\/wp-json\/wp\/v2\/types\/post"}],"author":[{"embeddable":true,"href":"https:\/\/linitiative.ca\/International\/wp-json\/wp\/v2\/users\/1790"}],"replies":[{"embeddable":true,"href":"https:\/\/linitiative.ca\/International\/wp-json\/wp\/v2\/comments?post=76443"}],"version-history":[{"count":0,"href":"https:\/\/linitiative.ca\/International\/wp-json\/wp\/v2\/posts\/76443\/revisions"}],"wp:attachment":[{"href":"https:\/\/linitiative.ca\/International\/wp-json\/wp\/v2\/media?parent=76443"}],"wp:term":[{"taxonomy":"category","embeddable":true,"href":"https:\/\/linitiative.ca\/International\/wp-json\/wp\/v2\/categories?post=76443"},{"taxonomy":"post_tag","embeddable":true,"href":"https:\/\/linitiative.ca\/International\/wp-json\/wp\/v2\/tags?post=76443"}],"curies":[{"name":"wp","href":"https:\/\/api.w.org\/{rel}","templated":true}]}}