{"id":76446,"date":"2020-02-18T12:47:48","date_gmt":"2020-02-18T17:47:48","guid":{"rendered":"https:\/\/linitiative.ca\/International\/journee-nationale-du-chahid-zitouni-preside-les-festivites-officielles-a-saida\/"},"modified":"2020-02-18T12:47:48","modified_gmt":"2020-02-18T17:47:48","slug":"journee-nationale-du-chahid-zitouni-preside-les-festivites-officielles-a-saida","status":"publish","type":"post","link":"https:\/\/linitiative.ca\/International\/journee-nationale-du-chahid-zitouni-preside-les-festivites-officielles-a-saida\/","title":{"rendered":"Journ\u00e9e nationale du chahid: Zitouni pr\u00e9side les festivit\u00e9s officielles \u00e0 Sa\u00efda"},"content":{"rendered":"<div readability=\"36\">\n<p><strong>SAIDA &#8211; Le ministre des Moudjahidine et des Ayants droit, Tayeb Zitouni, a pr\u00e9sid\u00e9 mardi dans la wilaya de Saida les festivit\u00e9s officielles c\u00e9l\u00e9brant la Journ\u00e9e nationale du chahid en pr\u00e9sence des autorit\u00e9s de wilaya et de membres de la famille r\u00e9volutionnaire.<\/strong><\/p>\n<\/div>\n<div readability=\"81.9264873058\">\n<p>La c\u00e9r\u00e9monie a \u00e9t\u00e9 marqu\u00e9e par la lecture d&rsquo;un message du Pr\u00e9sident de la R\u00e9publique, Abdelmadjid Tebboune, lu en son nom par le ministre des Moudjahidine et des Ayants droit \u00e0 l\u2019ouverture d\u2019une conf\u00e9rence, organis\u00e9e sous le th\u00e8me \u00ab\u00a0Journ\u00e9e du chahid, un anniversaire, une le\u00e7on et une symbolique historique\u00a0\u00bb par le Centre national des \u00e9tudes et recherches sur le mouvement national et la R\u00e9volution du 1er novembre 1954.<\/p>\n<blockquote readability=\"13\">\n<p><em><strong>La r\u00e9vision de la Constitution, dont la formulation est \u00e0 la charge d&rsquo;un comit\u00e9 d&rsquo;experts, \u00ab\u00a0constitue le premier jalon d&rsquo;une Alg\u00e9rie nouvelle, qui aspire au progr\u00e8s et \u00e0 la modernit\u00e9 fortement impr\u00e9gn\u00e9s de son histoire et de son authenticit\u00e9\u00a0\u00bb, a soulign\u00e9 le Pr\u00e9sident de la R\u00e9publique, affirmant que l&rsquo;Alg\u00e9rie \u00ab\u00a0ne tol\u00e8rera jamais l&rsquo;atteinte \u00e0 la m\u00e9moire des glorieux martyrs de la R\u00e9volution\u00a0\u00bb.<\/strong><\/em><\/p>\n<\/blockquote>\n<p>\u00ab\u00a0L&rsquo;\u00e9vocation des h\u00e9ro\u00efques et valeureux Chouhada ravive en nous le souvenir de la noble lutte qu&rsquo;ils ont men\u00e9e pour la pr\u00e9servation de l&rsquo;identit\u00e9 nationale contre toutes les politiques visant la religion du peuple et la francisation de la langue et du lieu\u00a0\u00bb, a soutenu le Pr\u00e9sident de la R\u00e9publique, ajoutant que c&rsquo;est pour \u00eatre \u00e0 la hauteur de la confiance des martyrs que \u00ab\u00a0nous nous tenons aujourd&rsquo;hui comme un rempart contre les manoeuvres, externes et internes, visant \u00e0 attenter \u00e0 leur m\u00e9moire\u00a0\u00bb.<\/p>\n<hr\/>\n<h3>Lire aussi:\u00a0<a href=\"http:\/\/www.aps.dz\/algerie\/101832-revision-de-la-constitution-l-algerie-nouvelle-aspire-a-la-modernite-et-s-attache-a-son-histoire-et-authenticite\" target=\"_blank\" rel=\"noopener noreferrer\">Constitution: l&rsquo;Alg\u00e9rie nouvelle aspire \u00e0 la modernit\u00e9 et s&rsquo;attache \u00e0 son histoire et authenticit\u00e9 (Pr\u00e9sident Tebboune)<\/a><\/h3>\n<hr\/>\n<p>Par ailleurs, Tayeb Zitouni a proc\u00e9d\u00e9 \u00e0 la d\u00e9nomination du nouveau lyc\u00e9e de hai \u00ab\u00a0Makhlouf Bendida\u00a0\u00bb de la ville de Saida au nom du chahid muezzin Bouziane, avant de pr\u00e9sider une c\u00e9r\u00e9monie de remise de 217 arr\u00eat\u00e9s d\u2019aides \u00e0 l\u2019habitat rural au si\u00e8ge de la wilaya.<\/p>\n<p>Le ministre a rendu, en compagnie d&rsquo;une d\u00e9l\u00e9gation, une visite au moudjahid alit\u00e9 Haddad Ibrahim et \u00e0 la moudjahida Fatima Korat, veuve de chahid, dans leurs domiciles \u00e0 Saida pour s\u2019enqu\u00e9rir de leur \u00e9tat de sant\u00e9.<\/p>\n<p>Il a \u00e9galement mis en service la double voie d\u2019Oued Ouekrif, au chef-lieu de wilaya, dont le projet a \u00e9t\u00e9 dot\u00e9 d&rsquo;une enveloppe financi\u00e8re de 2,2 milliards DA au titre du programme sectoriel.<\/p>\n<p>Dans la commune d&rsquo;Ain Lahdjar, le ministre a proc\u00e9d\u00e9 \u00e0 l&rsquo;inauguration d\u2019un carr\u00e9 des martyrs, qui a fait l&rsquo;objet d\u2019une op\u00e9ration d\u2019am\u00e9nagement et a donn\u00e9 le coup d\u2019envoi d\u2019une campagne de reboisement.<\/p>\n<p>En outre, il s&rsquo;est rendu, en compagnie des autorit\u00e9s civiles et militaires et de membres de la famille r\u00e9volutionnaire au carr\u00e9 des martyrs du chef-lieu de wilaya pour se recueillir \u00e0 la m\u00e9moire des chouhada.<\/p>\n<\/div>\n<p>Auteur:<br \/>\n<a href=\"http:\/\/www.aps.dz\/regions\/101837-journee-nationale-du-chahid-zitouni-preside-les-festivites-officielles-a-saida\">Cliquez ici pour lire l&rsquo;article depuis sa source.<\/a><\/p>\n","protected":false},"excerpt":{"rendered":"<p>SAIDA &#8211; Le ministre des Moudjahidine et des Ayants droit, Tayeb Zitouni, a pr\u00e9sid\u00e9 mardi dans la wilaya de Saida les festivit\u00e9s officielles c\u00e9l\u00e9brant la Journ\u00e9e nationale du chahid en pr\u00e9sence des autorit\u00e9s de wilaya et de membres de la famille r\u00e9volutionnaire. La c\u00e9r\u00e9monie a \u00e9t\u00e9 marqu\u00e9e par la lecture d&rsquo;un message du Pr\u00e9sident de [&hellip;]<\/p>\n","protected":false},"author":1790,"featured_media":0,"comment_status":"closed","ping_status":"closed","sticky":false,"template":"","format":"standard","meta":{"fifu_image_url":"","fifu_image_alt":"","footnotes":""},"categories":[53,76],"tags":[],"class_list":["post-76446","post","type-post","status-publish","format-standard","hentry","category-algerie","category-regions"],"_links":{"self":[{"href":"https:\/\/linitiative.ca\/International\/wp-json\/wp\/v2\/posts\/76446","targetHints":{"allow":["GET"]}}],"collection":[{"href":"https:\/\/linitiative.ca\/International\/wp-json\/wp\/v2\/posts"}],"about":[{"href":"https:\/\/linitiative.ca\/International\/wp-json\/wp\/v2\/types\/post"}],"author":[{"embeddable":true,"href":"https:\/\/linitiative.ca\/International\/wp-json\/wp\/v2\/users\/1790"}],"replies":[{"embeddable":true,"href":"https:\/\/linitiative.ca\/International\/wp-json\/wp\/v2\/comments?post=76446"}],"version-history":[{"count":0,"href":"https:\/\/linitiative.ca\/International\/wp-json\/wp\/v2\/posts\/76446\/revisions"}],"wp:attachment":[{"href":"https:\/\/linitiative.ca\/International\/wp-json\/wp\/v2\/media?parent=76446"}],"wp:term":[{"taxonomy":"category","embeddable":true,"href":"https:\/\/linitiative.ca\/International\/wp-json\/wp\/v2\/categories?post=76446"},{"taxonomy":"post_tag","embeddable":true,"href":"https:\/\/linitiative.ca\/International\/wp-json\/wp\/v2\/tags?post=76446"}],"curies":[{"name":"wp","href":"https:\/\/api.w.org\/{rel}","templated":true}]}}