{"id":76447,"date":"2020-02-18T13:18:02","date_gmt":"2020-02-18T18:18:02","guid":{"rendered":"https:\/\/linitiative.ca\/International\/rehabilitation-de-la-rn-25-reliant-bouira-a-tizi-ouzou\/"},"modified":"2020-02-18T13:18:02","modified_gmt":"2020-02-18T18:18:02","slug":"rehabilitation-de-la-rn-25-reliant-bouira-a-tizi-ouzou","status":"publish","type":"post","link":"https:\/\/linitiative.ca\/International\/rehabilitation-de-la-rn-25-reliant-bouira-a-tizi-ouzou\/","title":{"rendered":"R\u00e9habilitation de la RN 25 reliant Bouira \u00e0 Tizi Ouzou"},"content":{"rendered":"<p><span class=\"sp-nh-title\">Agriculture: bient\u00f4t un recensement du cheptel national de vaches laiti\u00e8res<\/span> &#8211; <span class=\"sp-nh-date\">mardi 18 f\u00e9vrier 2020 20:01<\/span><\/p>\n<p><span class=\"sp-nh-title\">Messaitfa: l&rsquo;avenir des banques islamiques en Alg\u00e9rie pionnier et prometteur<\/span> &#8211; <span class=\"sp-nh-date\">mardi 18 f\u00e9vrier 2020 19:55<\/span><\/p>\n<p><span class=\"sp-nh-title\">La relance des Ecoles des cadets de la Nation<\/span> &#8211; <span class=\"sp-nh-date\">mardi 18 f\u00e9vrier 2020 19:54<\/span><\/p>\n<p><span class=\"sp-nh-title\">Coop\u00e9ration \u00e9nerg\u00e9tique: Arkab s&rsquo;entretient avec une d\u00e9l\u00e9gation d&rsquo;Elswedy Electric<\/span> &#8211; <span class=\"sp-nh-date\">mardi 18 f\u00e9vrier 2020 19:53<\/span><\/p>\n<p><span class=\"sp-nh-title\">Batna: engouement remarquable des lecteurs pour l\u2019ouverture du 4e salon national du livre<\/span> &#8211; <span class=\"sp-nh-date\">mardi 18 f\u00e9vrier 2020 19:47<\/span><\/p>\n<p><span class=\"sp-nh-title\">Khenchela: ouverture de la 1e \u00e9dition des journ\u00e9es cin\u00e9matographiques<\/span> &#8211; <span class=\"sp-nh-date\">mardi 18 f\u00e9vrier 2020 19:35<\/span><\/p>\n<p><span class=\"sp-nh-title\">Pr\u00e9tendue r\u00e9clamation des forces de maintien de l&rsquo;ordre : d\u00e9menti cat\u00e9gorique de la DGSN<\/span> &#8211; <span class=\"sp-nh-date\">mardi 18 f\u00e9vrier 2020 19:28<\/span><\/p>\n<p><span class=\"sp-nh-title\">Boukadoum re\u00e7u par Fayez Al-Sarraj \u00e0 Tripoli<\/span> &#8211; <span class=\"sp-nh-date\">mardi 18 f\u00e9vrier 2020 19:20<\/span><\/p>\n<p><span class=\"sp-nh-title\">Le Mus\u00e9e central de l&rsquo;Arm\u00e9e c\u00e9l\u00e8bre la journ\u00e9e nationale du chahid<\/span> &#8211; <span class=\"sp-nh-date\">mardi 18 f\u00e9vrier 2020 19:19<\/span><\/p>\n<p><span class=\"sp-nh-title\">R\u00e9habilitation de la RN 25 reliant Bouira \u00e0 Tizi Ouzou<\/span> &#8211; <span class=\"sp-nh-date\">mardi 18 f\u00e9vrier 2020 19:18<\/span><\/p>\n<p><span class=\"sp-nh-title\">Le Pr\u00e9sident de la R\u00e9publique d\u00e9cor\u00e9 de la M\u00e9daille d&rsquo;honneur de l&rsquo;IUMS<\/span> &#8211; <span class=\"sp-nh-date\">mardi 18 f\u00e9vrier 2020 19:01<\/span><\/p>\n<p><span class=\"sp-nh-title\">Le ministre de l&rsquo;Energie rend hommage \u00e0 Brahimi, doyen des p\u00e9troliers foreurs alg\u00e9riens<\/span> &#8211; <span class=\"sp-nh-date\">mardi 18 f\u00e9vrier 2020 18:49<\/span><\/p>\n<p><span class=\"sp-nh-title\">Journ\u00e9e nationale du chahid: Zitouni pr\u00e9side les festivit\u00e9s officielles \u00e0 Sa\u00efda<\/span> &#8211; <span class=\"sp-nh-date\">mardi 18 f\u00e9vrier 2020 18:47<\/span><\/p>\n<p><span class=\"sp-nh-title\">Ligue 2 (19e j): le RC Arba\u00e2 sur le podium, l&rsquo;ASM Oran \u00e9trill\u00e9e \u00e0 Boussa\u00e2da<\/span> &#8211; <span class=\"sp-nh-date\">mardi 18 f\u00e9vrier 2020 18:44<\/span><\/p>\n<p><span class=\"sp-nh-title\">Djerad re\u00e7oit une d\u00e9l\u00e9gation du Fonds mon\u00e9taire international<\/span> &#8211; <span class=\"sp-nh-date\">mardi 18 f\u00e9vrier 2020 18:20<\/span><\/p>\n<p><span class=\"sp-nh-title\">Constitution: l&rsquo;Alg\u00e9rie nouvelle aspire \u00e0 la modernit\u00e9 et s&rsquo;attache \u00e0 son histoire et authenticit\u00e9 (Pr\u00e9sident Tebboune)<\/span> &#8211; <span class=\"sp-nh-date\">mardi 18 f\u00e9vrier 2020 18:02<\/span><\/p>\n<p><span class=\"sp-nh-title\">D\u00e9velopper les applications math\u00e9matiques pour promouvoir l\u2019intelligence artificielle<\/span> &#8211; <span class=\"sp-nh-date\">mardi 18 f\u00e9vrier 2020 17:45<\/span><\/p>\n<p><span class=\"sp-nh-title\">Oum El Bouaghi: saisie de pi\u00e8ces arch\u00e9ologiques et pierres pr\u00e9cieuses \u00e0 Ain Beida<\/span> &#8211; <span class=\"sp-nh-date\">mardi 18 f\u00e9vrier 2020 17:42<\/span><\/p>\n<p><span class=\"sp-nh-title\">Justice: cl\u00f4ture du 2e atelier de formation en faveur des journalistes<\/span> &#8211; <span class=\"sp-nh-date\">mardi 18 f\u00e9vrier 2020 17:39<\/span><\/p>\n<p><span class=\"sp-nh-title\">Signature d&rsquo;une convention-cadre entre l&rsquo;ONPO et l&rsquo;universit\u00e9 des Sciences islamiques de Constantine<\/span> &#8211; <span class=\"sp-nh-date\">mardi 18 f\u00e9vrier 2020 17:34<\/span><\/p>\n<p>Auteur:<br \/>\n<a href=\"http:\/\/www.aps.dz\/regions\/101839-rehabilitation-de-la-rn-25-reliant-bouira-a-tizi-ouzou\">Cliquez ici pour lire l&rsquo;article depuis sa source.<\/a><\/p>\n","protected":false},"excerpt":{"rendered":"<p>Agriculture: bient\u00f4t un recensement du cheptel national de vaches laiti\u00e8res &#8211; mardi 18 f\u00e9vrier 2020 20:01 Messaitfa: l&rsquo;avenir des banques islamiques en Alg\u00e9rie pionnier et prometteur &#8211; mardi 18 f\u00e9vrier 2020 19:55 La relance des Ecoles des cadets de la Nation &#8211; mardi 18 f\u00e9vrier 2020 19:54 Coop\u00e9ration \u00e9nerg\u00e9tique: Arkab s&rsquo;entretient avec une d\u00e9l\u00e9gation d&rsquo;Elswedy [&hellip;]<\/p>\n","protected":false},"author":1790,"featured_media":0,"comment_status":"closed","ping_status":"closed","sticky":false,"template":"","format":"standard","meta":{"fifu_image_url":"","fifu_image_alt":"","footnotes":""},"categories":[53,76],"tags":[],"class_list":["post-76447","post","type-post","status-publish","format-standard","hentry","category-algerie","category-regions"],"_links":{"self":[{"href":"https:\/\/linitiative.ca\/International\/wp-json\/wp\/v2\/posts\/76447","targetHints":{"allow":["GET"]}}],"collection":[{"href":"https:\/\/linitiative.ca\/International\/wp-json\/wp\/v2\/posts"}],"about":[{"href":"https:\/\/linitiative.ca\/International\/wp-json\/wp\/v2\/types\/post"}],"author":[{"embeddable":true,"href":"https:\/\/linitiative.ca\/International\/wp-json\/wp\/v2\/users\/1790"}],"replies":[{"embeddable":true,"href":"https:\/\/linitiative.ca\/International\/wp-json\/wp\/v2\/comments?post=76447"}],"version-history":[{"count":0,"href":"https:\/\/linitiative.ca\/International\/wp-json\/wp\/v2\/posts\/76447\/revisions"}],"wp:attachment":[{"href":"https:\/\/linitiative.ca\/International\/wp-json\/wp\/v2\/media?parent=76447"}],"wp:term":[{"taxonomy":"category","embeddable":true,"href":"https:\/\/linitiative.ca\/International\/wp-json\/wp\/v2\/categories?post=76447"},{"taxonomy":"post_tag","embeddable":true,"href":"https:\/\/linitiative.ca\/International\/wp-json\/wp\/v2\/tags?post=76447"}],"curies":[{"name":"wp","href":"https:\/\/api.w.org\/{rel}","templated":true}]}}