{"id":76450,"date":"2020-02-18T15:14:19","date_gmt":"2020-02-18T20:14:19","guid":{"rendered":"https:\/\/linitiative.ca\/International\/international-witsel-et-hazard-mettent-en-garde-thomas-meunier\/"},"modified":"2020-02-18T15:14:19","modified_gmt":"2020-02-18T20:14:19","slug":"international-witsel-et-hazard-mettent-en-garde-thomas-meunier","status":"publish","type":"post","link":"https:\/\/linitiative.ca\/International\/international-witsel-et-hazard-mettent-en-garde-thomas-meunier\/","title":{"rendered":"International : Witsel et Hazard mettent en garde Thomas Meunier"},"content":{"rendered":"<div readability=\"32\">\n<p>Auteur : <span class=\"time\">mardi 18 f\u00e9vrier 2020 14:30<\/span><\/p>\n<\/div>\n<div id=\"post_core\" readability=\"51\">\n<p>Alex Witsel et Thorgan Hazard recevront leur compatriote Thomas Meunier. Dans des propos relay\u00e9s par Les-Transferts,\u00a0les deux Diables Rouges ont lanc\u00e9 ce match, avec beaucoup d\u2019humour, en avertissant Thomas Meunier qu\u2019il ne lui ferait aucun cadeau quitte \u00e0 le blesser s\u2019il le fallait, comme l\u2019avait fait l\u2019arri\u00e8re droit du PSG \u00e0 Eden Hazard lors du match de poule des parisiens face au Real. Le petit fr\u00e8re du num\u00e9ro 10 madril\u00e8ne d\u00e9clare, en plaisantant, \u00eatre pr\u00eat \u00e0 se venger.<\/p>\n<p>\u00ab J\u2019ai une revanche \u00e0 prendre pour mon fr\u00e8re. Il a bless\u00e9 mon fr\u00e8re. On me l\u2019a d\u00e9j\u00e0 dit, hein. Si Thomas (Meunier) me met un coup, je le lui rendrai\u00a0; je ne suis pas comme Eden. Il n\u2019a pas voulu le blesser comme cela. Quand tu vois le choc, tu vois que c\u2019est une faute et tu ne te dis pas qu\u2019il aura besoin de trois mois pour revenir.\u00a0\u00bb<\/p>\n<p><strong>Publi\u00e9 dans :<\/strong> <span>Hazard<\/span> <span>Witsel<\/span> <span>Thomas Meunier<\/span><\/p>\n<\/div>\n<p>Auteur:<br \/>\n<a href=\"http:\/\/www.lebuteur.com\/article\/detail?titre=witsel-et-hazard-mettent-en-garde-thomas-meunier&#038;id=94884&#038;utm_source=feedburner&#038;utm_medium=feed&#038;utm_campaign=Feed%3A+GalerieFArtciles+%28Les+derniers+articles++-+lebuteur.com%29\">Cliquez ici pour lire l&rsquo;article depuis sa source.<\/a><\/p>\n","protected":false},"excerpt":{"rendered":"<p>Auteur : mardi 18 f\u00e9vrier 2020 14:30 Alex Witsel et Thorgan Hazard recevront leur compatriote Thomas Meunier. Dans des propos relay\u00e9s par Les-Transferts,\u00a0les deux Diables Rouges ont lanc\u00e9 ce match, avec beaucoup d\u2019humour, en avertissant Thomas Meunier qu\u2019il ne lui ferait aucun cadeau quitte \u00e0 le blesser s\u2019il le fallait, comme l\u2019avait fait l\u2019arri\u00e8re droit [&hellip;]<\/p>\n","protected":false},"author":1738,"featured_media":76451,"comment_status":"closed","ping_status":"closed","sticky":false,"template":"","format":"standard","meta":{"fifu_image_url":"","fifu_image_alt":"","footnotes":""},"categories":[53,75],"tags":[],"class_list":["post-76450","post","type-post","status-publish","format-standard","has-post-thumbnail","hentry","category-algerie","category-sport"],"_links":{"self":[{"href":"https:\/\/linitiative.ca\/International\/wp-json\/wp\/v2\/posts\/76450","targetHints":{"allow":["GET"]}}],"collection":[{"href":"https:\/\/linitiative.ca\/International\/wp-json\/wp\/v2\/posts"}],"about":[{"href":"https:\/\/linitiative.ca\/International\/wp-json\/wp\/v2\/types\/post"}],"author":[{"embeddable":true,"href":"https:\/\/linitiative.ca\/International\/wp-json\/wp\/v2\/users\/1738"}],"replies":[{"embeddable":true,"href":"https:\/\/linitiative.ca\/International\/wp-json\/wp\/v2\/comments?post=76450"}],"version-history":[{"count":0,"href":"https:\/\/linitiative.ca\/International\/wp-json\/wp\/v2\/posts\/76450\/revisions"}],"wp:featuredmedia":[{"embeddable":true,"href":"https:\/\/linitiative.ca\/International\/wp-json\/"}],"wp:attachment":[{"href":"https:\/\/linitiative.ca\/International\/wp-json\/wp\/v2\/media?parent=76450"}],"wp:term":[{"taxonomy":"category","embeddable":true,"href":"https:\/\/linitiative.ca\/International\/wp-json\/wp\/v2\/categories?post=76450"},{"taxonomy":"post_tag","embeddable":true,"href":"https:\/\/linitiative.ca\/International\/wp-json\/wp\/v2\/tags?post=76450"}],"curies":[{"name":"wp","href":"https:\/\/api.w.org\/{rel}","templated":true}]}}