{"id":76452,"date":"2020-02-18T15:14:21","date_gmt":"2020-02-18T20:14:21","guid":{"rendered":"https:\/\/linitiative.ca\/International\/international-fc-barcelone-bartomeu-se-defend\/"},"modified":"2020-02-18T15:14:21","modified_gmt":"2020-02-18T20:14:21","slug":"international-fc-barcelone-bartomeu-se-defend","status":"publish","type":"post","link":"https:\/\/linitiative.ca\/International\/international-fc-barcelone-bartomeu-se-defend\/","title":{"rendered":"International : FC Barcelone: Bartomeu se d\u00e9fend !"},"content":{"rendered":"<div readability=\"32\">\n<p>Auteur : <span class=\"time\">mardi 18 f\u00e9vrier 2020 17:23<\/span><\/p>\n<\/div>\n<div id=\"post_core\" readability=\"53\">\n<p>Lundi, Radio Catalunya annon\u00e7ait que le pr\u00e9sident du FC Barcelone Josep Maria Bartomeu aurait fait appel aux services de la soci\u00e9t\u00e9 \u00ab\u00a0I3 Ventures\u00a0\u00bb pour soigner son image et discr\u00e9diter certains joueurs et des personnalit\u00e9s li\u00e9es au club catalan. Le patron blaugrana s&rsquo;est exprim\u00e9 devant la presse ce mardi pour r\u00e9pondre \u00e0 ces accusations: \u00ab\u00a0Le Bar\u00e7a n\u2019a jamais engag\u00e9 de soci\u00e9t\u00e9 pour discr\u00e9diter qui que ce soit. Ni joueur, ancien joueur, politicien, entra\u00eeneur, pr\u00e9sident ou ancien pr\u00e9sident. C\u2019est totalement faux\u00a0\u00bb, a commenc\u00e9 le dirigeant du Bar\u00e7a, qui reconna\u00eet avoir fait appel \u00e0 \u00ab\u00a0I3 Ventures\u00a0\u00bb depuis fin 2017 : \u00ab\u00a0Oui, le Bar\u00e7a a embauch\u00e9 des services de surveillance, comme le font la grande majorit\u00e9 des clubs et des entreprises. C&rsquo;est vrai.\u00a0\u00bb \u00ab\u00a0Comme il nous a \u00e9t\u00e9 confirm\u00e9 qu\u2019un compte, li\u00e9 \u00e0 cette entreprise, a envoy\u00e9 des publications n\u00e9gatives, nous avons demand\u00e9 ce matin la r\u00e9siliation du contrat\u00a0\u00bb, poursuit-il. Sans cacher que le club continuera d&rsquo;utiliser ce type de services. \u00ab\u00a0A la question de savoir si nous avons command\u00e9 le suivi des r\u00e9seaux sociaux, la r\u00e9ponse est oui. Et nous continuerons \u00e0 le faire. Il est de la responsabilit\u00e9 du club de savoir ce qui se passe et ce qui se dit dans le monde, afin de pr\u00e9server le Bar\u00e7a. A la question de savoir si nous avons mandat\u00e9 ce service pour discr\u00e9diter des personnes ou des institutions \u00e0 travers les r\u00e9seaux sociaux, la r\u00e9ponse est non et nous poursuivrons tous ceux qui nous accusent de cela.\u00a0\u00bbrapporte Maxifoot.fr.<\/p>\n<p><strong>Publi\u00e9 dans :<\/strong> <span>fc barcelone<\/span> <span>Bartomeu<\/span><\/p>\n<\/div>\n<p>Auteur:<br \/>\n<a href=\"http:\/\/www.lebuteur.com\/article\/detail?titre=fc-barcelone-bartomeu-se-defend&#038;id=94885&#038;utm_source=feedburner&#038;utm_medium=feed&#038;utm_campaign=Feed%3A+GalerieFArtciles+%28Les+derniers+articles++-+lebuteur.com%29\">Cliquez ici pour lire l&rsquo;article depuis sa source.<\/a><\/p>\n","protected":false},"excerpt":{"rendered":"<p>Auteur : mardi 18 f\u00e9vrier 2020 17:23 Lundi, Radio Catalunya annon\u00e7ait que le pr\u00e9sident du FC Barcelone Josep Maria Bartomeu aurait fait appel aux services de la soci\u00e9t\u00e9 \u00ab\u00a0I3 Ventures\u00a0\u00bb pour soigner son image et discr\u00e9diter certains joueurs et des personnalit\u00e9s li\u00e9es au club catalan. Le patron blaugrana s&rsquo;est exprim\u00e9 devant la presse ce mardi [&hellip;]<\/p>\n","protected":false},"author":1738,"featured_media":76453,"comment_status":"closed","ping_status":"closed","sticky":false,"template":"","format":"standard","meta":{"fifu_image_url":"","fifu_image_alt":"","footnotes":""},"categories":[53,75],"tags":[],"class_list":["post-76452","post","type-post","status-publish","format-standard","has-post-thumbnail","hentry","category-algerie","category-sport"],"_links":{"self":[{"href":"https:\/\/linitiative.ca\/International\/wp-json\/wp\/v2\/posts\/76452","targetHints":{"allow":["GET"]}}],"collection":[{"href":"https:\/\/linitiative.ca\/International\/wp-json\/wp\/v2\/posts"}],"about":[{"href":"https:\/\/linitiative.ca\/International\/wp-json\/wp\/v2\/types\/post"}],"author":[{"embeddable":true,"href":"https:\/\/linitiative.ca\/International\/wp-json\/wp\/v2\/users\/1738"}],"replies":[{"embeddable":true,"href":"https:\/\/linitiative.ca\/International\/wp-json\/wp\/v2\/comments?post=76452"}],"version-history":[{"count":0,"href":"https:\/\/linitiative.ca\/International\/wp-json\/wp\/v2\/posts\/76452\/revisions"}],"wp:featuredmedia":[{"embeddable":true,"href":"https:\/\/linitiative.ca\/International\/wp-json\/"}],"wp:attachment":[{"href":"https:\/\/linitiative.ca\/International\/wp-json\/wp\/v2\/media?parent=76452"}],"wp:term":[{"taxonomy":"category","embeddable":true,"href":"https:\/\/linitiative.ca\/International\/wp-json\/wp\/v2\/categories?post=76452"},{"taxonomy":"post_tag","embeddable":true,"href":"https:\/\/linitiative.ca\/International\/wp-json\/wp\/v2\/tags?post=76452"}],"curies":[{"name":"wp","href":"https:\/\/api.w.org\/{rel}","templated":true}]}}