{"id":76454,"date":"2020-02-18T15:14:23","date_gmt":"2020-02-18T20:14:23","guid":{"rendered":"https:\/\/linitiative.ca\/International\/international-real-madrid-les-premiers-mots-de-la-recrue-reinier\/"},"modified":"2020-02-18T15:14:23","modified_gmt":"2020-02-18T20:14:23","slug":"international-real-madrid-les-premiers-mots-de-la-recrue-reinier","status":"publish","type":"post","link":"https:\/\/linitiative.ca\/International\/international-real-madrid-les-premiers-mots-de-la-recrue-reinier\/","title":{"rendered":"International : Real Madrid: les premiers mots de la recrue Reinier"},"content":{"rendered":"<div readability=\"32\">\n<p>Auteur : <span class=\"time\">mardi 18 f\u00e9vrier 2020 17:24<\/span><\/p>\n<\/div>\n<div id=\"post_core\" readability=\"87\">\n<p>Le mercato a referm\u00e9 ses portes depuis plusieurs jours d\u00e9j\u00e0, mais le Real Madrid a d\u00fb attendre ce mardi pour pr\u00e9senter officiellement sa recrue hivernale Reinier (18 ans). Vainqueur de la S\u00e9rie A br\u00e9silienne et de la Copa Libertadores en 2019 avec Flamengo, et qualifi\u00e9 pour les Jeux Olympiques de Tokyo avec les Espoirs auriverdes, le jeune attaquant, recrut\u00e9 pour environ 30 M\u20ac, n\u2019a pas cach\u00e9 son \u00e9motion de rejoindre le club de ses r\u00eaves. \u00ab C\u2019est un r\u00eave qui se r\u00e9alise, c\u2019est le r\u00eave de toute ma famille, je suis tr\u00e8s heureux de cette opportunit\u00e9, c\u2019est un r\u00eave qui se r\u00e9alise. (&#8230;) J\u2019ai ressenti un bonheur inexplicable. Quand mon p\u00e8re m\u2019a appel\u00e9 pour me parler de l\u2019int\u00e9r\u00eat du Real Madrid, je ne savais pas quoi faire. J\u2019\u00e9tais au vert, avec Flamengo, pendant le Mondial des Clubs, j\u2019ai commenc\u00e9 \u00e0 courir dans tous les sens, \u00e0 pleurer. Le Real, vous ne vous rendez pas compte, c\u2019est quelque chose de g\u00e9ant au Br\u00e9sil. Je vais donner le meilleur de moi \u00bb, a-t-il expliqu\u00e9. Une promesse qu\u2019il a maintes et maintes fois r\u00e9p\u00e9t\u00e9e, qu\u2019il joue avec le Castilla de Raul ou l\u2019\u00e9quipe premi\u00e8re de Zinedine Zidane.<\/p>\n<p>Des larmes d\u2019\u00e9motion et de joie<\/p>\n<p>\u00ab Je suis content de la mani\u00e8re dont j\u2019ai \u00e9t\u00e9 accueilli, le coach Raul. Je suis content de pouvoir travailler avec lui, avec eux. Je suis pr\u00eat pour le match de dimanche. Il m\u2019a souhait\u00e9 la bienvenue, je suis content de notre premier \u00e9change. Je vais donner mon maximum, jouer pour le Real, c\u2019est tout ce que je veux, je vais donner ma vie pour ce club. (&#8230;) Je suis joueur du Real, je n\u2019ai pas parl\u00e9 avec Zidane, je suis \u00e0 disposition, c\u2019est un r\u00eave d\u2019enfant. Je vais faire tout mon possible, ils savent ce qu\u2019ils vont faire \u00bb, a-t-il martel\u00e9, conseill\u00e9 par Kaka avant son arriv\u00e9e dans la capitale espagnole. \u00ab Je suis s\u00fbr qu\u2019il y a beaucoup de pression. Jouer au Real, c\u2019est inexplicable, je remercie tout le monde, je vais essayer d\u2019\u00eatre \u00e0 la hauteur de l\u2019excellence de ce club. Kaka, c\u2019est une idole pour moi, je l\u2019ai beaucoup vu jouer. Je suis heureux de ces comparaisons. J\u2019ai pass\u00e9 un moment avec lui, il m\u2019a donn\u00e9 des conseils, je l\u2019en remercie. Je vais donner de mon mieux, et je suis s\u00fbr que je vais encore progresser \u00bb, a-t-il l\u00e2ch\u00e9. Aux anges dans son nouvel \u00e9crin, il a m\u00eame fondu en larmes, soutenu par Emiliano Butrague\u00f1o, \u00e0 l\u2019heure d\u2019\u00e9voquer son parcours. \u00ab Je me suis rappel\u00e9 de tout ce que j\u2019avais v\u00e9cu depuis enfant, en quittant Brasilia, sans ma m\u00e8re, sans mes s\u0153urs. Je suis \u00e9mu quand je parle de ma famille. C\u2019est gr\u00e2ce \u00e0 eux que je suis l\u00e0. Je les remercie \u00e9norm\u00e9ment. Je suis parti \u00e0 Rio de Janeiro \u00e0 9 ans pour vivre mon r\u00eave \u00bb, a-t-il conclu comme rapport\u00e9 par Foot Mercato.<\/p>\n<p><strong>Publi\u00e9 dans :<\/strong> <span>Reinier<\/span><\/p>\n<\/div>\n<p>Auteur:<br \/>\n<a href=\"http:\/\/www.lebuteur.com\/article\/detail?titre=real-madrid-les-premiers-mots-de-la-recrue-reinier&#038;id=94886&#038;utm_source=feedburner&#038;utm_medium=feed&#038;utm_campaign=Feed%3A+GalerieFArtciles+%28Les+derniers+articles++-+lebuteur.com%29\">Cliquez ici pour lire l&rsquo;article depuis sa source.<\/a><\/p>\n","protected":false},"excerpt":{"rendered":"<p>Auteur : mardi 18 f\u00e9vrier 2020 17:24 Le mercato a referm\u00e9 ses portes depuis plusieurs jours d\u00e9j\u00e0, mais le Real Madrid a d\u00fb attendre ce mardi pour pr\u00e9senter officiellement sa recrue hivernale Reinier (18 ans). Vainqueur de la S\u00e9rie A br\u00e9silienne et de la Copa Libertadores en 2019 avec Flamengo, et qualifi\u00e9 pour les Jeux [&hellip;]<\/p>\n","protected":false},"author":1738,"featured_media":76455,"comment_status":"closed","ping_status":"closed","sticky":false,"template":"","format":"standard","meta":{"fifu_image_url":"","fifu_image_alt":"","footnotes":""},"categories":[53,75],"tags":[],"class_list":["post-76454","post","type-post","status-publish","format-standard","has-post-thumbnail","hentry","category-algerie","category-sport"],"_links":{"self":[{"href":"https:\/\/linitiative.ca\/International\/wp-json\/wp\/v2\/posts\/76454","targetHints":{"allow":["GET"]}}],"collection":[{"href":"https:\/\/linitiative.ca\/International\/wp-json\/wp\/v2\/posts"}],"about":[{"href":"https:\/\/linitiative.ca\/International\/wp-json\/wp\/v2\/types\/post"}],"author":[{"embeddable":true,"href":"https:\/\/linitiative.ca\/International\/wp-json\/wp\/v2\/users\/1738"}],"replies":[{"embeddable":true,"href":"https:\/\/linitiative.ca\/International\/wp-json\/wp\/v2\/comments?post=76454"}],"version-history":[{"count":0,"href":"https:\/\/linitiative.ca\/International\/wp-json\/wp\/v2\/posts\/76454\/revisions"}],"wp:featuredmedia":[{"embeddable":true,"href":"https:\/\/linitiative.ca\/International\/wp-json\/"}],"wp:attachment":[{"href":"https:\/\/linitiative.ca\/International\/wp-json\/wp\/v2\/media?parent=76454"}],"wp:term":[{"taxonomy":"category","embeddable":true,"href":"https:\/\/linitiative.ca\/International\/wp-json\/wp\/v2\/categories?post=76454"},{"taxonomy":"post_tag","embeddable":true,"href":"https:\/\/linitiative.ca\/International\/wp-json\/wp\/v2\/tags?post=76454"}],"curies":[{"name":"wp","href":"https:\/\/api.w.org\/{rel}","templated":true}]}}