{"id":76458,"date":"2020-02-18T07:00:00","date_gmt":"2020-02-18T12:00:00","guid":{"rendered":"https:\/\/linitiative.ca\/International\/le-complexe-siderurgique-del-hadjar-le-ministre-de-lindustrie-necarte-pas-la-possibilite-de-lintegrer-egalement-a-lindustrie-militaire\/"},"modified":"2020-02-18T07:00:00","modified_gmt":"2020-02-18T12:00:00","slug":"le-complexe-siderurgique-del-hadjar-le-ministre-de-lindustrie-necarte-pas-la-possibilite-de-lintegrer-egalement-a-lindustrie-militaire","status":"publish","type":"post","link":"https:\/\/linitiative.ca\/International\/le-complexe-siderurgique-del-hadjar-le-ministre-de-lindustrie-necarte-pas-la-possibilite-de-lintegrer-egalement-a-lindustrie-militaire\/","title":{"rendered":"Le complexe sid\u00e9rurgique d\u2019El Hadjar: Le ministre de l&rsquo;Industrie n&rsquo;\u00e9carte pas la possibilit\u00e9 de l\u2019int\u00e9grer \u00e9galement \u00e0 l\u2019industrie militaire"},"content":{"rendered":"<p>le ministre de l\u2019industrie , qui \u00e9tait invit\u00e9 au forum d\u2019El moudjahid , \u00a0a remis en cause la politique trac\u00e9e par ses pr\u00e9d\u00e9cesseurs\u00a0\u00ab\u00a0 qui n\u2019est b\u00e2tie sur des socles solides\u00a0 au profit d\u2019une v\u00e9ritable industrie alg\u00e9rienne\u00a0\u00bb.<\/p>\n<p>Dans ce cadre, le ministre a affirm\u00e9 , que le cahier de charges pour l\u2019industrie, notamment en ce qui concerne l\u2019investissement, soit par l\u2019Alg\u00e9rien ou l\u2019Etranger, sera r\u00e9vis\u00e9 \u00a0car il n\u2019est pas rentable pour l\u2019\u00e9conomie nationale, malgr\u00e9 la disposition des moyens mat\u00e9riels, notamment financier,\u00a0 pour l\u2019investissement alors qu\u2019il n\u2019y a aucune contrepartie\u00a0pour le tr\u00e9sor public.<\/p>\n<p>En revanche, le membre du gouvernement a tenu \u00e0 pr\u00e9ciser que des \u00ab\u00a0pseudos investisseurs\u00a0\u00bb ont b\u00e9n\u00e9fici\u00e9, preuve \u00e0 l\u2019appui, des avantages scandaleux, dont des \u00a0exon\u00e9rations, des cr\u00e9dits et d\u2019autres privil\u00e8ges,\u00a0 dans le but de lancer une v\u00e9ritable industrie au profit de l\u2019Alg\u00e9rie.<\/p>\n<p>Lors de son intervention, \u00a0le ministre a pr\u00e9cis\u00e9 , que le nouveau cahier des charges qui est en cours d\u2019\u00e9laboration, touchera \u00a0toute l\u2019industrie alg\u00e9rienne et l\u2019investissement dans le pays, notamment \u00a0les fili\u00e8res de \u00a0d\u2019automobile et l\u2019\u00e9lectrom\u00e9nager, pr\u00e9cisant que\u00a0\u00ab\u00a0 l\u2019investisseur sera encadr\u00e9 par le nouveau cahier des charges.\u00a0\u00bb<\/p>\n<p><strong>Hichem Hamza\/ Redaction Web<\/strong><\/p>\n<p>Auteur: elmoudjahid<br \/>\n<a href=\"http:\/\/www.elmoudjahid.com\/fr\/actualites\/148522\">Cliquez ici pour lire l&rsquo;article depuis sa source.<\/a><\/p>\n","protected":false},"excerpt":{"rendered":"<p>le ministre de l\u2019industrie , qui \u00e9tait invit\u00e9 au forum d\u2019El moudjahid , \u00a0a remis en cause la politique trac\u00e9e par ses pr\u00e9d\u00e9cesseurs\u00a0\u00ab\u00a0 qui n\u2019est b\u00e2tie sur des socles solides\u00a0 au profit d\u2019une v\u00e9ritable industrie alg\u00e9rienne\u00a0\u00bb. Dans ce cadre, le ministre a affirm\u00e9 , que le cahier de charges pour l\u2019industrie, notamment en ce qui [&hellip;]<\/p>\n","protected":false},"author":1744,"featured_media":0,"comment_status":"closed","ping_status":"closed","sticky":false,"template":"","format":"standard","meta":{"fifu_image_url":"","fifu_image_alt":"","footnotes":""},"categories":[73,53],"tags":[],"class_list":["post-76458","post","type-post","status-publish","format-standard","hentry","category-actualite","category-algerie"],"_links":{"self":[{"href":"https:\/\/linitiative.ca\/International\/wp-json\/wp\/v2\/posts\/76458","targetHints":{"allow":["GET"]}}],"collection":[{"href":"https:\/\/linitiative.ca\/International\/wp-json\/wp\/v2\/posts"}],"about":[{"href":"https:\/\/linitiative.ca\/International\/wp-json\/wp\/v2\/types\/post"}],"author":[{"embeddable":true,"href":"https:\/\/linitiative.ca\/International\/wp-json\/wp\/v2\/users\/1744"}],"replies":[{"embeddable":true,"href":"https:\/\/linitiative.ca\/International\/wp-json\/wp\/v2\/comments?post=76458"}],"version-history":[{"count":0,"href":"https:\/\/linitiative.ca\/International\/wp-json\/wp\/v2\/posts\/76458\/revisions"}],"wp:attachment":[{"href":"https:\/\/linitiative.ca\/International\/wp-json\/wp\/v2\/media?parent=76458"}],"wp:term":[{"taxonomy":"category","embeddable":true,"href":"https:\/\/linitiative.ca\/International\/wp-json\/wp\/v2\/categories?post=76458"},{"taxonomy":"post_tag","embeddable":true,"href":"https:\/\/linitiative.ca\/International\/wp-json\/wp\/v2\/tags?post=76458"}],"curies":[{"name":"wp","href":"https:\/\/api.w.org\/{rel}","templated":true}]}}