{"id":76459,"date":"2020-02-18T09:30:00","date_gmt":"2020-02-18T14:30:00","guid":{"rendered":"https:\/\/linitiative.ca\/International\/recuperation-des-fonds-detournes-a-letranger-un-dispositif-sera-mis-en-place-m-belhimer\/"},"modified":"2020-02-18T09:30:00","modified_gmt":"2020-02-18T14:30:00","slug":"recuperation-des-fonds-detournes-a-letranger-un-dispositif-sera-mis-en-place-m-belhimer","status":"publish","type":"post","link":"https:\/\/linitiative.ca\/International\/recuperation-des-fonds-detournes-a-letranger-un-dispositif-sera-mis-en-place-m-belhimer\/","title":{"rendered":"R\u00e9cup\u00e9ration des fonds d\u00e9tourn\u00e9s \u00e0 l\u2019\u00e9tranger : Un dispositif sera mis en place (M. Belhimer)"},"content":{"rendered":"<p>\u00ab\u00a0La r\u00e9cup\u00e9ration de l\u2019argent d\u00e9tourn\u00e9 et dilapid\u00e9 sera engag\u00e9e d\u2019une mani\u00e8re r\u00e9solue et r\u00e9fl\u00e9chie\u00a0\u00bb, a pr\u00e9cis\u00e9 M. Belhimer sur les ondes de la radio nationale\u00a0\u00bb.<\/p>\n<p>En r\u00e9ponse \u00e0 une question sur les moyens de restituer une partie des capitaux d\u00e9tourn\u00e9s \u00e0 l\u2019\u00e9tranger, il a avanc\u00e9 qu&rsquo;un \u00ab\u00a0dispositif sera mis en place sous l\u2019autorit\u00e9 active du minist\u00e8re de la Justice\u00a0\u00bb, tout en reconnaissant \u00ab\u00a0qu&rsquo;il sera difficile de r\u00e9cup\u00e9rer l\u2019essentiel de cet argent\u00a0\u00bb.<\/p>\n<p>Il a dans ce sens rappel\u00e9 que l\u2019op\u00e9ration de recouvrement des biens d\u00e9tourn\u00e9s ob\u00e9issait \u00e0 la convention des Nations Unies portant sur la lutte contre la corruption, ratifi\u00e9e en 2005.Cependant, souligne M. Belhimer, le niveau d&rsquo;application de cette r\u00e9solution diff\u00e8re d&rsquo;un pays \u00e0 un autre: il y a, d&rsquo;une part, des pays comme les Etats-Unis, l&rsquo;Angleterre et l\u2019Allemagne qui sont g\u00e9n\u00e9ralement pr\u00eats \u00e0 coop\u00e9rer pour la restitution des fonds d\u00e9tourn\u00e9s, et, d&rsquo;autre part, des pays comme la France, o\u00f9 atterrit, selon lui, l\u2019essentiel des fonds alg\u00e9riens, qui se montrent \u00ab\u00a0plus permissifs\u00a0\u00bb envers ces fonds.La loi fran\u00e7aise, par exemple, \u00ab\u00a0\u00e9voque la possibilit\u00e9 de r\u00e9cup\u00e9rer les capitaux d\u00e9tourn\u00e9s, pas pour les restituer aux pays d\u2019origine, mais pour les verser dans le tr\u00e9sor public fran\u00e7ais ou dans un fonds destin\u00e9 \u00e0 financer l\u2019Agence de coop\u00e9ration et d\u2019aide au d\u00e9veloppement\u00a0\u00bb, soutient encore M. Belhimer.<\/p>\n<p>Le ministre a, par ailleurs, \u00e9voqu\u00e9 les objectifs fix\u00e9s par le gouvernement pour r\u00e9ussir le renouveau \u00e9conomique et social, bas\u00e9 sur les activit\u00e9s \u00e0 forte intensit\u00e9 d&#8217;emploi, la promotion des ressources locales naturelles et humaines avec une r\u00e9forme profonde du climat des affaires et une lutte contre le \u00ab\u00a0lobby de l&rsquo;importation\u00a0\u00bb pour \u00ab\u00a0en finir avec le syst\u00e8me rentier, l&rsquo;informel et la bureaucratie\u00a0\u00bb.<\/p>\n<p>Il a particuli\u00e8rement point\u00e9 du doigt l&rsquo;instabilit\u00e9 l\u00e9gislative ayant impact\u00e9 la sph\u00e8re \u00e9conomique durant les ann\u00e9es pr\u00e9c\u00e9dentes, avec un code des march\u00e9s publics qui changeait tous les six mois.<\/p>\n<p>Le plan d&rsquo;action du gouvernement est justement venu \u00ab\u00a0pour sortir de ce champs de mines et de ruines\u00a0\u00bb, soutient le ministre.<\/p>\n<p>En r\u00e9ponse \u00e0 une question sur le financement des programmes inscrits dans ce plan, il a assur\u00e9 que le Gouvernement n&rsquo;allait pas puiser massivement dans les r\u00e9serves de change pour ce faire.<\/p>\n<p>\u00ab\u00a0Si vous \u00eates un rentier, vous aller dire j\u2019ai encore une marge de deux ans pour financer les diff\u00e9rents projets mais ce n\u2019est pas l\u2019intention du\u00a0 gouvernement\u00a0\u00bb, a-t-il dit.<\/p>\n<p>Evoquant la r\u00e9union gouvernement-walis, le porte parole du gouvernement a salu\u00e9 le \u00ab\u00a0tr\u00e8s grand chantier\u00a0\u00bb lanc\u00e9 dans cette r\u00e9union, impliquant trois grands chapitres, \u00e0 savoir la r\u00e9forme financi\u00e8re, le renouveau \u00e9conomique et la lutte contre le ch\u00f4mage, avec une refonte acc\u00e9l\u00e9r\u00e9e des syst\u00e8mes fiscal, financier, budg\u00e9taire et bancaire.<\/p>\n<p>\u00ab\u00a0Il faut prendre le taureau par les cornes pour une bancarisation acc\u00e9l\u00e9r\u00e9e et massive afin absorber la liquidit\u00e9 qui se trouve sur le march\u00e9 informel\u00a0\u00bb, a-t-il recommand\u00e9.<\/p>\n<p>Il a \u00e9galement soulign\u00e9 la n\u00e9cessit\u00e9 de revoir le syst\u00e8me national des statistiques et de la prospective en soutenant qu&rsquo;il \u00e9tait \u00ab\u00a0inconcevable de faire des projections valables avec des statistiques vielles\u00a0\u00bb. (APS)<\/p>\n<p>Auteur: elmoudjahid<br \/>\n<a href=\"http:\/\/www.elmoudjahid.com\/fr\/actualites\/148523\">Cliquez ici pour lire l&rsquo;article depuis sa source.<\/a><\/p>\n","protected":false},"excerpt":{"rendered":"<p>\u00ab\u00a0La r\u00e9cup\u00e9ration de l\u2019argent d\u00e9tourn\u00e9 et dilapid\u00e9 sera engag\u00e9e d\u2019une mani\u00e8re r\u00e9solue et r\u00e9fl\u00e9chie\u00a0\u00bb, a pr\u00e9cis\u00e9 M. Belhimer sur les ondes de la radio nationale\u00a0\u00bb. En r\u00e9ponse \u00e0 une question sur les moyens de restituer une partie des capitaux d\u00e9tourn\u00e9s \u00e0 l\u2019\u00e9tranger, il a avanc\u00e9 qu&rsquo;un \u00ab\u00a0dispositif sera mis en place sous l\u2019autorit\u00e9 active du [&hellip;]<\/p>\n","protected":false},"author":1744,"featured_media":0,"comment_status":"closed","ping_status":"closed","sticky":false,"template":"","format":"standard","meta":{"fifu_image_url":"","fifu_image_alt":"","footnotes":""},"categories":[73,53],"tags":[],"class_list":["post-76459","post","type-post","status-publish","format-standard","hentry","category-actualite","category-algerie"],"_links":{"self":[{"href":"https:\/\/linitiative.ca\/International\/wp-json\/wp\/v2\/posts\/76459","targetHints":{"allow":["GET"]}}],"collection":[{"href":"https:\/\/linitiative.ca\/International\/wp-json\/wp\/v2\/posts"}],"about":[{"href":"https:\/\/linitiative.ca\/International\/wp-json\/wp\/v2\/types\/post"}],"author":[{"embeddable":true,"href":"https:\/\/linitiative.ca\/International\/wp-json\/wp\/v2\/users\/1744"}],"replies":[{"embeddable":true,"href":"https:\/\/linitiative.ca\/International\/wp-json\/wp\/v2\/comments?post=76459"}],"version-history":[{"count":0,"href":"https:\/\/linitiative.ca\/International\/wp-json\/wp\/v2\/posts\/76459\/revisions"}],"wp:attachment":[{"href":"https:\/\/linitiative.ca\/International\/wp-json\/wp\/v2\/media?parent=76459"}],"wp:term":[{"taxonomy":"category","embeddable":true,"href":"https:\/\/linitiative.ca\/International\/wp-json\/wp\/v2\/categories?post=76459"},{"taxonomy":"post_tag","embeddable":true,"href":"https:\/\/linitiative.ca\/International\/wp-json\/wp\/v2\/tags?post=76459"}],"curies":[{"name":"wp","href":"https:\/\/api.w.org\/{rel}","templated":true}]}}