{"id":76461,"date":"2020-02-18T11:20:00","date_gmt":"2020-02-18T16:20:00","guid":{"rendered":"https:\/\/linitiative.ca\/International\/le-ministre-de-lenergie-rend-hommage-a-m-brahimi-doyen-des-petroliers-foreurs-algeriens\/"},"modified":"2020-02-18T11:20:00","modified_gmt":"2020-02-18T16:20:00","slug":"le-ministre-de-lenergie-rend-hommage-a-m-brahimi-doyen-des-petroliers-foreurs-algeriens","status":"publish","type":"post","link":"https:\/\/linitiative.ca\/International\/le-ministre-de-lenergie-rend-hommage-a-m-brahimi-doyen-des-petroliers-foreurs-algeriens\/","title":{"rendered":"Le ministre de l&rsquo;Energie rend hommage \u00e0 M. Brahimi, doyen des p\u00e9troliers  foreurs alg\u00e9riens"},"content":{"rendered":"<p>Lors de sa rencontre avec M. Brahimi au si\u00e8ge du minist\u00e8re, M. Arkab a mis en exergue \u00ab\u00a0son riche parcours professionnel exceptionnel et sa pr\u00e9cieuse contribution dans le secteur p\u00e9trolier en Alg\u00e9rie, en souhaitant faire b\u00e9n\u00e9ficier la g\u00e9n\u00e9ration future de sa longue exp\u00e9rience notamment dans le domaine du forage\u00a0\u00bb, selon la m\u00eame source.<\/p>\n<p>M. Brahimi s\u2019est dit pour sa part, \u00ab\u00a0tr\u00e8s satisfait et tr\u00e8s \u00e9mu\u00a0\u00bb par cet hommage et par cette reconnaissance du secteur de l\u2019\u00e9nergie \u00e0 son parcours et son exp\u00e9rience.<\/p>\n<p>Consid\u00e9r\u00e9 par ses pairs comme \u00ab\u00a0le ma\u00eetre des foreurs\u00a0\u00bb, M. Brahimi a permis d\u2019assurer le suivi de l\u2019activit\u00e9 des forages en exploitation apr\u00e8s la d\u00e9cision des nationalisations des hydrocarbures en 1971 et a \u00e9t\u00e9 \u00e0 l\u2019origine de la cr\u00e9ation de l\u2019Institut alg\u00e9rien du p\u00e9trole (IAP) qui a form\u00e9 des centaines de jeunes alg\u00e9riens dans les m\u00e9tiers de forage p\u00e9trolier avec des niveaux de qualifications \u00e9lev\u00e9s.<\/p>\n<p>Il a, aussi, \u00e0 son actif plusieurs performances dans le domaine de l\u2019extinction des grandes \u00e9ruptions sur des champs d\u2019extraction p\u00e9troliers \u00e0 travers le monde.<\/p>\n<p>\u00ab\u00a0En 1961 et 1962, il fut d\u00e9tach\u00e9 aupr\u00e8s de la c\u00e9l\u00e8bre \u00e9quipe am\u00e9ricaine d\u2019intervention sur site de Red Adair avec pour mission de ma\u00eetriser la grande \u00e9ruption de l\u2019\u00e9poque \u00e0 Gassi Touil, appel\u00e9e le briquet du diable\u00a0\u00bb, selon une biographie de Mohamed Brahimi, \u00e9crite par le Professeur Mustapha Khiati.<\/p>\n<p>Natif de la ville de M\u00e9n\u00e9a (wilaya de Gharda\u00efa), M. Brahimi, autodidacte, a d\u00e9croch\u00e9 \u00e0 17 ans son premier poste d\u2019ouvrier de plancher, puis le poste de second, et celui de ma\u00eetre-sondeur de forage, est-il not\u00e9 dans le communiqu\u00e9.(APS)<\/p>\n<p>Auteur: elmoudjahid<br \/>\n<a href=\"http:\/\/www.elmoudjahid.com\/fr\/actualites\/148526\">Cliquez ici pour lire l&rsquo;article depuis sa source.<\/a><\/p>\n","protected":false},"excerpt":{"rendered":"<p>Lors de sa rencontre avec M. Brahimi au si\u00e8ge du minist\u00e8re, M. Arkab a mis en exergue \u00ab\u00a0son riche parcours professionnel exceptionnel et sa pr\u00e9cieuse contribution dans le secteur p\u00e9trolier en Alg\u00e9rie, en souhaitant faire b\u00e9n\u00e9ficier la g\u00e9n\u00e9ration future de sa longue exp\u00e9rience notamment dans le domaine du forage\u00a0\u00bb, selon la m\u00eame source. M. Brahimi [&hellip;]<\/p>\n","protected":false},"author":1744,"featured_media":0,"comment_status":"closed","ping_status":"closed","sticky":false,"template":"","format":"standard","meta":{"fifu_image_url":"","fifu_image_alt":"","footnotes":""},"categories":[73,53],"tags":[],"class_list":["post-76461","post","type-post","status-publish","format-standard","hentry","category-actualite","category-algerie"],"_links":{"self":[{"href":"https:\/\/linitiative.ca\/International\/wp-json\/wp\/v2\/posts\/76461","targetHints":{"allow":["GET"]}}],"collection":[{"href":"https:\/\/linitiative.ca\/International\/wp-json\/wp\/v2\/posts"}],"about":[{"href":"https:\/\/linitiative.ca\/International\/wp-json\/wp\/v2\/types\/post"}],"author":[{"embeddable":true,"href":"https:\/\/linitiative.ca\/International\/wp-json\/wp\/v2\/users\/1744"}],"replies":[{"embeddable":true,"href":"https:\/\/linitiative.ca\/International\/wp-json\/wp\/v2\/comments?post=76461"}],"version-history":[{"count":0,"href":"https:\/\/linitiative.ca\/International\/wp-json\/wp\/v2\/posts\/76461\/revisions"}],"wp:attachment":[{"href":"https:\/\/linitiative.ca\/International\/wp-json\/wp\/v2\/media?parent=76461"}],"wp:term":[{"taxonomy":"category","embeddable":true,"href":"https:\/\/linitiative.ca\/International\/wp-json\/wp\/v2\/categories?post=76461"},{"taxonomy":"post_tag","embeddable":true,"href":"https:\/\/linitiative.ca\/International\/wp-json\/wp\/v2\/tags?post=76461"}],"curies":[{"name":"wp","href":"https:\/\/api.w.org\/{rel}","templated":true}]}}