{"id":76469,"date":"2020-02-18T11:47:00","date_gmt":"2020-02-18T16:47:00","guid":{"rendered":"https:\/\/linitiative.ca\/International\/ouargla-prison-a-vie-pour-2-trafiquants-de-drogue\/"},"modified":"2020-02-18T11:47:00","modified_gmt":"2020-02-18T16:47:00","slug":"ouargla-prison-a-vie-pour-2-trafiquants-de-drogue","status":"publish","type":"post","link":"https:\/\/linitiative.ca\/International\/ouargla-prison-a-vie-pour-2-trafiquants-de-drogue\/","title":{"rendered":"OUARGLA : Prison \u00e0 vie pour 2 trafiquants de drogue"},"content":{"rendered":"<p><br id=\"sep_para_1\" class=\"sep_para access\"\/><\/p>\n<div id=\"para_1\" class=\"para_35591342 resize\">\n<div class=\"texte access firstletter\">Le tribunal criminel d\u2019Ouargla a condamn\u00e9 deux trafiquants de drogue \u00e0 la perp\u00e9tuit\u00e9. Les mis en cause sont poursuivis pour \u00ab importation et d\u00e9tention de drogue \u00e0 des fins de commercialisation ill\u00e9gale \u00bb et \u00ab acheminement de drogue dans le cadre d\u2019une bande criminelle organis\u00e9e pr\u00e9sentant une menace pour la s\u00e9curit\u00e9 et l\u2019\u00e9conomie nationales et pour la sant\u00e9 publique \u00bb. Dans la m\u00eame affaire, les d\u00e9nomm\u00e9s Z.S, Bo.B et Be.B, ont \u00e9t\u00e9 condamn\u00e9s en audience \u00e0 20 ans de prison ferme chacun pour les chefs d\u2019inculpation de \u00ab d\u00e9tention, transport, vente et acheminement de drogue par transit, dans le cadre d\u2019une bande criminelle organis\u00e9e pr\u00e9sentant une menace pour la s\u00e9curit\u00e9 et l\u2019\u00e9conomie nationales et pour la sant\u00e9 publique \u00bb. L\u2019affaire remonte au mois de mars 2019, lorsque la fouille d\u2019un v\u00e9hicule se dirigeant \u00e0 Tamanrasset en provenance de Bordj Badji Mokhtar et \u00e0 bord duquel se trouvaient Z.S et Bo. B, a permis aux services s\u00e9curitaires de d\u00e9couvrir 57,160 kilogrammes de kif trait\u00e9 soigneusement dissimul\u00e9s. Les investigations de police judiciaire ont d\u00e9montr\u00e9 que la drogue en question \u00e9tait achemin\u00e9e de la r\u00e9gion de Bordj Badji Mokhtar par le d\u00e9nomm\u00e9 A.B et son acolyte B.L, et que Z.S devait la remettre \u00e0 Be.B. Ce dernier, sur lequel a \u00e9t\u00e9 d\u00e9couvert du mat\u00e9riel destin\u00e9 \u00e0 l\u2019emballage de la drogue, \u00e9tait charg\u00e9 de se rendre dans un pays voisin pour y acheminer la marchandise prohib\u00e9e. Le repr\u00e9sentant du minist\u00e8re public a requis dans cette affaire, et au regard de la gravit\u00e9 des faits reproch\u00e9s, la peine \u00e0 perp\u00e9tuit\u00e9 pour l\u2019ensemble des mis en cause qui, a-t-il estim\u00e9, \u00ab se sont partag\u00e9s les r\u00f4les \u00bb.<\/div>\n<\/div>\n<p>Auteur: Nadine<br \/>\n<a href=\"https:\/\/www.reflexiondz.net\/OUARGLA-Prison-a-vie-pour-2-trafiquants-de-drogue_a60735.html\">Cliquez ici pour lire l&rsquo;article depuis sa source.<\/a><\/p>\n","protected":false},"excerpt":{"rendered":"<p>Le tribunal criminel d\u2019Ouargla a condamn\u00e9 deux trafiquants de drogue \u00e0 la perp\u00e9tuit\u00e9. Les mis en cause sont poursuivis pour \u00ab importation et d\u00e9tention de drogue \u00e0 des fins de commercialisation ill\u00e9gale \u00bb et \u00ab acheminement de drogue dans le cadre d\u2019une bande criminelle organis\u00e9e pr\u00e9sentant une menace pour la s\u00e9curit\u00e9 et l\u2019\u00e9conomie nationales et [&hellip;]<\/p>\n","protected":false},"author":1740,"featured_media":0,"comment_status":"closed","ping_status":"closed","sticky":false,"template":"","format":"standard","meta":{"fifu_image_url":"","fifu_image_alt":"","footnotes":""},"categories":[53,76],"tags":[],"class_list":["post-76469","post","type-post","status-publish","format-standard","hentry","category-algerie","category-regions"],"_links":{"self":[{"href":"https:\/\/linitiative.ca\/International\/wp-json\/wp\/v2\/posts\/76469","targetHints":{"allow":["GET"]}}],"collection":[{"href":"https:\/\/linitiative.ca\/International\/wp-json\/wp\/v2\/posts"}],"about":[{"href":"https:\/\/linitiative.ca\/International\/wp-json\/wp\/v2\/types\/post"}],"author":[{"embeddable":true,"href":"https:\/\/linitiative.ca\/International\/wp-json\/wp\/v2\/users\/1740"}],"replies":[{"embeddable":true,"href":"https:\/\/linitiative.ca\/International\/wp-json\/wp\/v2\/comments?post=76469"}],"version-history":[{"count":0,"href":"https:\/\/linitiative.ca\/International\/wp-json\/wp\/v2\/posts\/76469\/revisions"}],"wp:attachment":[{"href":"https:\/\/linitiative.ca\/International\/wp-json\/wp\/v2\/media?parent=76469"}],"wp:term":[{"taxonomy":"category","embeddable":true,"href":"https:\/\/linitiative.ca\/International\/wp-json\/wp\/v2\/categories?post=76469"},{"taxonomy":"post_tag","embeddable":true,"href":"https:\/\/linitiative.ca\/International\/wp-json\/wp\/v2\/tags?post=76469"}],"curies":[{"name":"wp","href":"https:\/\/api.w.org\/{rel}","templated":true}]}}