{"id":76472,"date":"2020-02-18T13:57:00","date_gmt":"2020-02-18T18:57:00","guid":{"rendered":"https:\/\/linitiative.ca\/International\/apres-le-lait-rezig-sattaque-a-la-mafia-du-jus\/"},"modified":"2020-02-18T13:57:00","modified_gmt":"2020-02-18T18:57:00","slug":"apres-le-lait-rezig-sattaque-a-la-mafia-du-jus","status":"publish","type":"post","link":"https:\/\/linitiative.ca\/International\/apres-le-lait-rezig-sattaque-a-la-mafia-du-jus\/","title":{"rendered":"Apr\u00e8s le lait, Rezig s\u2019attaque \u00e0 la mafia du jus"},"content":{"rendered":"<p><br id=\"sep_para_1\" class=\"sep_para access\"\/><\/p>\n<div id=\"para_1\" class=\"para_35593141 resize\">\n<div class=\"photo shadow left\"><a href=\"javascript:void(0)\" rel=\"https:\/\/www.reflexiondz.net\/photo\/art\/grande\/42901944-35593141.jpg?v=1582053517&#038;ibox\" title=\"Apr\u00e8s le lait, Rezig s\u2019attaque \u00e0 la mafia du jus\"><img decoding=\"async\" class=\"responsive c9\" src=\"https:\/\/www.reflexiondz.net\/photo\/art\/grande\/42901944-35593141.jpg?v=1582053517\" alt=\"Apr\u00e8s le lait, Rezig s\u2019attaque \u00e0 la mafia du jus\" title=\"Apr\u00e8s le lait, Rezig s\u2019attaque \u00e0 la mafia du jus\"\/><img decoding=\"async\" class=\"not-responsive\" src=\"https:\/\/www.reflexiondz.net\/photo\/art\/default\/42901944-35593141.jpg?v=1582053518\" alt=\"Apr\u00e8s le lait, Rezig s\u2019attaque \u00e0 la mafia du jus\" title=\"Apr\u00e8s le lait, Rezig s\u2019attaque \u00e0 la mafia du jus\"\/><\/a><\/div>\n<div class=\"texte access firstletter\">Le ministre du Commerce a annonc\u00e9 l\u2019interdiction de l\u2019importation de la poudre de jus au m\u00eame titre que les fruits \u00ab durant la p\u00e9riode de r\u00e9colte locale \u00bb. En effet, lors d\u2019une d\u00e9claration \u00e0 la presse ce lundi 17 f\u00e9vrier, le ministre du Commerce, Kamel Rezig, a menac\u00e9 les usines productrices et importatrices de \u00ab la poudre de jus \u00bb, exigeant de leur part des r\u00e9sultats concrets, notamment en termes de \u00ab taux d\u2019int\u00e9gration locale \u00bb des jus de fruits et autres boissons industrielles, rapporte le quotidien arabophone El Bilad. \u00ab Nous allons interdire l\u2019importation [en dehors des saisons de r\u00e9colte], et nous allons fixer un taux d\u2019int\u00e9gration pour le produit local. Ils doivent faire de la transformation. Je n\u2019ai aucun int\u00e9r\u00eat \u00e0 ce qu\u2019ils importent de la poudre, ils y ajoutent de l\u2019eau seulement et la commercialisent. \u00bb, a-t-il affirm\u00e9, faisant r\u00e9f\u00e9rence aux usines alg\u00e9riennes de production de jus.<\/div>\n<\/div>\n<p>Auteur: R\u00e9flexion<br \/>\n<a href=\"https:\/\/www.reflexiondz.net\/Apres-le-lait-Rezig-s-attaque-a-la-mafia-du-jus_a60742.html\">Cliquez ici pour lire l&rsquo;article depuis sa source.<\/a><\/p>\n","protected":false},"excerpt":{"rendered":"<p>Le ministre du Commerce a annonc\u00e9 l\u2019interdiction de l\u2019importation de la poudre de jus au m\u00eame titre que les fruits \u00ab durant la p\u00e9riode de r\u00e9colte locale \u00bb. En effet, lors d\u2019une d\u00e9claration \u00e0 la presse ce lundi 17 f\u00e9vrier, le ministre du Commerce, Kamel Rezig, a menac\u00e9 les usines productrices et importatrices de \u00ab [&hellip;]<\/p>\n","protected":false},"author":1740,"featured_media":0,"comment_status":"closed","ping_status":"closed","sticky":false,"template":"","format":"standard","meta":{"fifu_image_url":"","fifu_image_alt":"","footnotes":""},"categories":[53,76],"tags":[],"class_list":["post-76472","post","type-post","status-publish","format-standard","hentry","category-algerie","category-regions"],"_links":{"self":[{"href":"https:\/\/linitiative.ca\/International\/wp-json\/wp\/v2\/posts\/76472","targetHints":{"allow":["GET"]}}],"collection":[{"href":"https:\/\/linitiative.ca\/International\/wp-json\/wp\/v2\/posts"}],"about":[{"href":"https:\/\/linitiative.ca\/International\/wp-json\/wp\/v2\/types\/post"}],"author":[{"embeddable":true,"href":"https:\/\/linitiative.ca\/International\/wp-json\/wp\/v2\/users\/1740"}],"replies":[{"embeddable":true,"href":"https:\/\/linitiative.ca\/International\/wp-json\/wp\/v2\/comments?post=76472"}],"version-history":[{"count":0,"href":"https:\/\/linitiative.ca\/International\/wp-json\/wp\/v2\/posts\/76472\/revisions"}],"wp:attachment":[{"href":"https:\/\/linitiative.ca\/International\/wp-json\/wp\/v2\/media?parent=76472"}],"wp:term":[{"taxonomy":"category","embeddable":true,"href":"https:\/\/linitiative.ca\/International\/wp-json\/wp\/v2\/categories?post=76472"},{"taxonomy":"post_tag","embeddable":true,"href":"https:\/\/linitiative.ca\/International\/wp-json\/wp\/v2\/tags?post=76472"}],"curies":[{"name":"wp","href":"https:\/\/api.w.org\/{rel}","templated":true}]}}