{"id":76476,"date":"2020-02-18T12:37:00","date_gmt":"2020-02-18T17:37:00","guid":{"rendered":"https:\/\/linitiative.ca\/International\/imed-hazgui\/"},"modified":"2020-02-18T12:37:00","modified_gmt":"2020-02-18T17:37:00","slug":"imed-hazgui","status":"publish","type":"post","link":"https:\/\/linitiative.ca\/International\/imed-hazgui\/","title":{"rendered":"Imed Hazgui"},"content":{"rendered":"<p>Imed Hazgui, natif de 1968, est l\u2019actuel pr\u00e9sident de l\u2019Instance Nationale d\u2019Acc\u00e8s \u00e0 l\u2019Information.<\/p>\n<p>Il est titulaire d\u2019une ma\u00eetrise en sciences juridiques \u00e0 la facult\u00e9 des sciences juridiques, politiques et sociales de Tunis, d\u2019un dipl\u00f4me d\u2019\u00e9tudes approfondies (DEA) en droit international de la facult\u00e9 de droit de Nancy et d\u2019un dipl\u00f4me d\u2019\u00e9tudes approfondies (DEA) en droit public de la facult\u00e9 de droit Panth\u00e9on-Sorbonne (Universit\u00e9 de Paris I).<\/p>\n<p>Imed Hazgui est inscrit au barreau de Tunis depuis 1995. Il a occup\u00e9 le poste de conseiller des affaires \u00e9trang\u00e8res aupr\u00e8s du ministre des affaires \u00e9trang\u00e8res entre 1996 et 1998 avant d\u2019int\u00e9grer le tribunal administratif en tant que magistrat.<\/p>\n<p>Il a \u00e9t\u00e9 nomm\u00e9 Commissaire d\u2019Etat en 2010, Pr\u00e9sident de Chambre en 2011 et Commissaire G\u00e9n\u00e9ral d\u2019Etat en 2016 et ce jusqu\u2019\u00e0 son \u00e9lection par l\u2019assembl\u00e9e g\u00e9n\u00e9rale du parlement le 17 Juillet 2017 en tant que premier pr\u00e9sident de la nouvelle Instance publique ind\u00e9pendante d\u2019Acc\u00e8s \u00e0 l\u2019Information.<\/p>\n<p>Il a \u00e9galement \u00e9t\u00e9 pr\u00e9sident de la commission de r\u00e9examen des d\u00e9cisions de taxation d\u2019office au sein du minist\u00e8re des finances pendant 5 ans (2012-2017).<\/p>\n<p>Imed Hazgui a \u00e9galement enseign\u00e9 pendant plusieurs ann\u00e9es \u00e0 l\u2019Ecole Nationale de l\u2019Administration et \u00e0 l\u2019Institut Sup\u00e9rieur de la magistrature et a publi\u00e9 de nombreux articles dans des revues et magazines\u00a0 sp\u00e9cialis\u00e9s dans le domaine du droit et des libert\u00e9s publiques.<br \/>\u00a0<\/p>\n<p>Auteur:<br \/>\n<a href=\"https:\/\/www.leaders.com.tn\/article\/29181-qui-est-imed-hazgui-propose-au-ministere-de-la-defense\">Cliquez ici pour lire l&rsquo;article depuis sa source.<\/a><\/p>\n","protected":false},"excerpt":{"rendered":"<p>Imed Hazgui, natif de 1968, est l\u2019actuel pr\u00e9sident de l\u2019Instance Nationale d\u2019Acc\u00e8s \u00e0 l\u2019Information. Il est titulaire d\u2019une ma\u00eetrise en sciences juridiques \u00e0 la facult\u00e9 des sciences juridiques, politiques et sociales de Tunis, d\u2019un dipl\u00f4me d\u2019\u00e9tudes approfondies (DEA) en droit international de la facult\u00e9 de droit de Nancy et d\u2019un dipl\u00f4me d\u2019\u00e9tudes approfondies (DEA) en [&hellip;]<\/p>\n","protected":false},"author":1772,"featured_media":0,"comment_status":"closed","ping_status":"closed","sticky":false,"template":"","format":"standard","meta":{"fifu_image_url":"","fifu_image_alt":"","footnotes":""},"categories":[73,55],"tags":[],"class_list":["post-76476","post","type-post","status-publish","format-standard","hentry","category-actualite","category-tunisie"],"_links":{"self":[{"href":"https:\/\/linitiative.ca\/International\/wp-json\/wp\/v2\/posts\/76476","targetHints":{"allow":["GET"]}}],"collection":[{"href":"https:\/\/linitiative.ca\/International\/wp-json\/wp\/v2\/posts"}],"about":[{"href":"https:\/\/linitiative.ca\/International\/wp-json\/wp\/v2\/types\/post"}],"author":[{"embeddable":true,"href":"https:\/\/linitiative.ca\/International\/wp-json\/wp\/v2\/users\/1772"}],"replies":[{"embeddable":true,"href":"https:\/\/linitiative.ca\/International\/wp-json\/wp\/v2\/comments?post=76476"}],"version-history":[{"count":0,"href":"https:\/\/linitiative.ca\/International\/wp-json\/wp\/v2\/posts\/76476\/revisions"}],"wp:attachment":[{"href":"https:\/\/linitiative.ca\/International\/wp-json\/wp\/v2\/media?parent=76476"}],"wp:term":[{"taxonomy":"category","embeddable":true,"href":"https:\/\/linitiative.ca\/International\/wp-json\/wp\/v2\/categories?post=76476"},{"taxonomy":"post_tag","embeddable":true,"href":"https:\/\/linitiative.ca\/International\/wp-json\/wp\/v2\/tags?post=76476"}],"curies":[{"name":"wp","href":"https:\/\/api.w.org\/{rel}","templated":true}]}}