{"id":76477,"date":"2020-02-18T13:02:00","date_gmt":"2020-02-18T18:02:00","guid":{"rendered":"https:\/\/linitiative.ca\/International\/qui-est-imed-hazgui-pressenti-ministre-de-la-defense-nationale\/"},"modified":"2020-02-18T13:02:00","modified_gmt":"2020-02-18T18:02:00","slug":"qui-est-imed-hazgui-pressenti-ministre-de-la-defense-nationale","status":"publish","type":"post","link":"https:\/\/linitiative.ca\/International\/qui-est-imed-hazgui-pressenti-ministre-de-la-defense-nationale\/","title":{"rendered":"Qui est Imed Hazgui, pressenti ministre de la D\u00e9fense nationale"},"content":{"rendered":"<p class=\"MsoNormal\">Il a failli \u00eatre ambassadeur, mais \u00e0 la carri\u00e8re diplomatique, <a href=\"https:\/\/www.leaders.com.tn\/article\/29181-qui-est-imed-hazgui-propose-au-ministere-de-la-defense\" target=\"_blank\" rel=\"noopener noreferrer\">Imed Hazgui<\/a>, 51 ans, a pr\u00e9f\u00e9r\u00e9 la magistrature, plus pr\u00e9cis\u00e9ment le Tribunal administratif et le voil\u00e0 pressenti pour devenir ministre de la D\u00e9fense nationale dans le gouvernement d\u2019Elyes Fakhfakh, en cours de formation. A son palmar\u00e8s, son \u00e9lection le 17 juillet 2017, par l\u2019Assembl\u00e9e des Repr\u00e9sentants du Peuple, en qualit\u00e9 de premier pr\u00e9sident de <span class=\"c2\" times=\"\" new=\"\">de la nouvelle Instance publique ind\u00e9pendante d\u2019Acc\u00e8s \u00e0 l\u2019Information, poste qu\u2019il occupe \u00e0 ce jour.<\/span><\/p>\n<p class=\"MsoNormal\"><span class=\"c2\" times=\"\" new=\"\">Imed Hazgui, originaire de Hzag, pr\u00e8s de Jbeniana, dans le gouvernorat de Sfax est <span class=\"c3\">\u00a0<\/span>titulaire d\u2019une ma\u00eetrise en sciences juridiques aupr\u00e8s de la facult\u00e9 des Sciences juridiques, politiques et sociales de Tunis, d\u2019un dipl\u00f4me d\u2019\u00e9tudes approfondies (DEA) en Droit international de la facult\u00e9 de Droit de Nancy et d\u2019un dipl\u00f4me d\u2019\u00e9tudes approfondies (DEA) en Droit public de la facult\u00e9 de Droit Panth\u00e9on-Sorbonne (Universit\u00e9 de Paris I).<\/span><\/p>\n<p class=\"MsoNormal\"><span class=\"c2\" times=\"\" new=\"\">Inscrit au barreau de Tunis depuis 1995, il a cependant occup\u00e9 le poste de conseiller des Affaires \u00e9trang\u00e8res au sein du ministre des Affaires \u00e9trang\u00e8res (1996 et 1998) avant d\u2019int\u00e9grer le Tribunal administratif en tant que magistrat.<\/span> <span class=\"c2\" times=\"\" new=\"\">C\u2019est ainsi qu\u2019Imed Hazgui a \u00e9t\u00e9 nomm\u00e9 Commissaire d\u2019Etat\u00a0en 2010, Pr\u00e9sident de Chambre en 2011 et Commissaire G\u00e9n\u00e9ral d\u2019Etat en 2016 et ce jusqu\u2019\u00e0 son \u00e9lection \u00e0 la t\u00eate de l\u2019Instance publique ind\u00e9pendante d\u2019Acc\u00e8s \u00e0 l\u2019Information. Il a \u00e9galement \u00e9t\u00e9 pr\u00e9sident de la commission de r\u00e9examen des d\u00e9cisions de taxation d\u2019office au sein du minist\u00e8re des finances pendant 5 ans (2012-2017).<\/span><\/p>\n<p class=\"MsoNormal\"><span class=\"c2\" times=\"\" new=\"\">Parall\u00e8lement, Imed Hazgui a enseign\u00e9 pendant plusieurs ann\u00e9es \u00e0 l\u2019Ecole Nationale de l\u2019Administration et \u00e0 l\u2019Institut Sup\u00e9rieur de la Magistrature et a publi\u00e9 de nombreux articles dans des revues et magazines sp\u00e9cialis\u00e9s, relatifs au domaine du droit et des libert\u00e9s publiques.<\/span><\/p>\n<p>Auteur:<br \/>\n<a href=\"https:\/\/www.leaders.com.tn\/article\/29182-qui-est-imed-hazgui-pressenti-ministre-de-la-defense-nationale\">Cliquez ici pour lire l&rsquo;article depuis sa source.<\/a><\/p>\n","protected":false},"excerpt":{"rendered":"<p>Il a failli \u00eatre ambassadeur, mais \u00e0 la carri\u00e8re diplomatique, Imed Hazgui, 51 ans, a pr\u00e9f\u00e9r\u00e9 la magistrature, plus pr\u00e9cis\u00e9ment le Tribunal administratif et le voil\u00e0 pressenti pour devenir ministre de la D\u00e9fense nationale dans le gouvernement d\u2019Elyes Fakhfakh, en cours de formation. A son palmar\u00e8s, son \u00e9lection le 17 juillet 2017, par l\u2019Assembl\u00e9e des [&hellip;]<\/p>\n","protected":false},"author":1772,"featured_media":0,"comment_status":"closed","ping_status":"closed","sticky":false,"template":"","format":"standard","meta":{"fifu_image_url":"","fifu_image_alt":"","footnotes":""},"categories":[73,55],"tags":[],"class_list":["post-76477","post","type-post","status-publish","format-standard","hentry","category-actualite","category-tunisie"],"_links":{"self":[{"href":"https:\/\/linitiative.ca\/International\/wp-json\/wp\/v2\/posts\/76477","targetHints":{"allow":["GET"]}}],"collection":[{"href":"https:\/\/linitiative.ca\/International\/wp-json\/wp\/v2\/posts"}],"about":[{"href":"https:\/\/linitiative.ca\/International\/wp-json\/wp\/v2\/types\/post"}],"author":[{"embeddable":true,"href":"https:\/\/linitiative.ca\/International\/wp-json\/wp\/v2\/users\/1772"}],"replies":[{"embeddable":true,"href":"https:\/\/linitiative.ca\/International\/wp-json\/wp\/v2\/comments?post=76477"}],"version-history":[{"count":0,"href":"https:\/\/linitiative.ca\/International\/wp-json\/wp\/v2\/posts\/76477\/revisions"}],"wp:attachment":[{"href":"https:\/\/linitiative.ca\/International\/wp-json\/wp\/v2\/media?parent=76477"}],"wp:term":[{"taxonomy":"category","embeddable":true,"href":"https:\/\/linitiative.ca\/International\/wp-json\/wp\/v2\/categories?post=76477"},{"taxonomy":"post_tag","embeddable":true,"href":"https:\/\/linitiative.ca\/International\/wp-json\/wp\/v2\/tags?post=76477"}],"curies":[{"name":"wp","href":"https:\/\/api.w.org\/{rel}","templated":true}]}}