{"id":76484,"date":"2020-02-18T13:07:16","date_gmt":"2020-02-18T18:07:16","guid":{"rendered":"https:\/\/linitiative.ca\/International\/tunisie-ennahdha-la-grogne-monte-contre-rached-ghannouchi\/"},"modified":"2020-02-18T13:07:16","modified_gmt":"2020-02-18T18:07:16","slug":"tunisie-ennahdha-la-grogne-monte-contre-rached-ghannouchi","status":"publish","type":"post","link":"https:\/\/linitiative.ca\/International\/tunisie-ennahdha-la-grogne-monte-contre-rached-ghannouchi\/","title":{"rendered":"Tunisie \u2013 Ennahdha : La grogne monte contre Rached Ghannouchi"},"content":{"rendered":"<div class=\"post-cont-in left relative\">\n<p>Une grogne et des protestations ont \u00e9t\u00e9 \u00e9mises, ce mardi, par les membres du bureau ex\u00e9cutif d\u2019<a href=\"https:\/\/www.tunisienumerique.com\/tunisie-actualite\/ennahdha\/\" title=\"Ennahdha\" target=\"_top\" class=\"auto-link\" rel=\"noopener noreferrer\">Ennahdha<\/a>. La raison est l\u2019habitude prise par le Cheikh <a href=\"https:\/\/www.tunisienumerique.com\/tunisie-actualite\/rached-ghannouchi\/\" title=\"Rached Ghannouchi\" target=\"_top\" class=\"auto-link\" rel=\"noopener noreferrer\">Rached Ghannouchi<\/a> de faire dire une chose\u00a0puis de faire lui-m\u00eame son contraire.<\/p>\n<div class=\"code-block code-block-1 c3\"><ins class=\"adsbygoogle c2\" data-ad-layout=\"in-article\" data-ad-format=\"fluid\" data-ad-client=\"ca-pub-2102118777505746\" data-ad-slot=\"7301775417\"\/> <\/div>\n<p>C\u2019est ainsi, qu\u2019hier, Ghannouchi a demand\u00e9 \u00e0 son bureau ex\u00e9cutif de d\u00e9clarer, contre sa conviction, que le parti respectait la position du pr\u00e9sident de la R\u00e9publique et s\u2019alignait derri\u00e8re elle. Ce matin, ils ont \u00e9t\u00e9 surpris par les tentatives du m\u00eame Cheikh, de se retourner contre la m\u00eame proposition du pr\u00e9sident de la R\u00e9publique. Tentatives qui ont \u00e9t\u00e9 d\u00e9voil\u00e9es par l\u2019entretien que le Cheikh a eu avec le pr\u00e9sident de l\u2019instance provisoire du contr\u00f4le de la constitutionnalit\u00e9 des lois,\u00a0de toute \u00e9vidence, \u00e0 la recherche d\u2019une combine constitutionnelle, pour contredire la d\u00e9cision de Sa\u00efed.<\/p>\n<div class=\"swp_social_panel swp_horizontal_panel swp_flat_fresh swp_default_full_color swp_individual_full_color swp_other_full_color scale-100 scale-\" data-min-width=\"1100\" data-float-color=\"#ffffff\" data-float=\"bottom\" data-float-mobile=\"bottom\" data-transition=\"slide\">\n<div class=\"nc_tweetContainer swp_share_button total_shares total_sharesalt\"><span class=\"swp_count\">63 <span class=\"swp_label\">Partages<\/span><\/span><\/div>\n<\/div>\n<p><strong>Que se passe-t-il en Tunisie?<\/strong><br \/>Nous expliquons sur notre <a href=\"https:\/\/www.youtube.com\/channel\/UCRzypVq0B_yBad5eGrwBx0Q?sub_confirmation=1\" target=\"_blank\" rel=\"noopener noreferrer\">cha\u00eene YouTube<\/a> . <a href=\"https:\/\/www.youtube.com\/channel\/UCRzypVq0B_yBad5eGrwBx0Q?sub_confirmation=1\" target=\"_blank\" rel=\"noopener noreferrer\">Abonnez-vous!<\/a><\/p>\n<div class=\"mvp-org-wrap mvp-org-logo\" itemprop=\"publisher\" itemscope=\"\" itemtype=\"https:\/\/schema.org\/Organization\"><img decoding=\"async\" src=\"https:\/\/www.tunisienumerique.com\/wp-content\/uploads\/2017\/02\/logo_tunisie_numerique.png\"\/><\/div>\n<div class=\"mvp-related-posts left relative\">\n<h4 class=\"post-header\"><span class=\"post-header\">Lire aussi<\/span><\/h4>\n<\/div>\n<\/div>\n<p>Auteur: LM<br \/>\n<a href=\"https:\/\/www.tunisienumerique.com\/tunisie-ennahdha-la-grogne-monte-contre-rached-ghannouchi\/\">Cliquez ici pour lire l&rsquo;article depuis sa source.<\/a><\/p>\n","protected":false},"excerpt":{"rendered":"<p>Une grogne et des protestations ont \u00e9t\u00e9 \u00e9mises, ce mardi, par les membres du bureau ex\u00e9cutif d\u2019Ennahdha. La raison est l\u2019habitude prise par le Cheikh Rached Ghannouchi de faire dire une chose\u00a0puis de faire lui-m\u00eame son contraire. C\u2019est ainsi, qu\u2019hier, Ghannouchi a demand\u00e9 \u00e0 son bureau ex\u00e9cutif de d\u00e9clarer, contre sa conviction, que le parti [&hellip;]<\/p>\n","protected":false},"author":1789,"featured_media":76485,"comment_status":"closed","ping_status":"closed","sticky":false,"template":"","format":"standard","meta":{"fifu_image_url":"","fifu_image_alt":"","footnotes":""},"categories":[73,55],"tags":[],"class_list":["post-76484","post","type-post","status-publish","format-standard","has-post-thumbnail","hentry","category-actualite","category-tunisie"],"_links":{"self":[{"href":"https:\/\/linitiative.ca\/International\/wp-json\/wp\/v2\/posts\/76484","targetHints":{"allow":["GET"]}}],"collection":[{"href":"https:\/\/linitiative.ca\/International\/wp-json\/wp\/v2\/posts"}],"about":[{"href":"https:\/\/linitiative.ca\/International\/wp-json\/wp\/v2\/types\/post"}],"author":[{"embeddable":true,"href":"https:\/\/linitiative.ca\/International\/wp-json\/wp\/v2\/users\/1789"}],"replies":[{"embeddable":true,"href":"https:\/\/linitiative.ca\/International\/wp-json\/wp\/v2\/comments?post=76484"}],"version-history":[{"count":0,"href":"https:\/\/linitiative.ca\/International\/wp-json\/wp\/v2\/posts\/76484\/revisions"}],"wp:featuredmedia":[{"embeddable":true,"href":"https:\/\/linitiative.ca\/International\/wp-json\/"}],"wp:attachment":[{"href":"https:\/\/linitiative.ca\/International\/wp-json\/wp\/v2\/media?parent=76484"}],"wp:term":[{"taxonomy":"category","embeddable":true,"href":"https:\/\/linitiative.ca\/International\/wp-json\/wp\/v2\/categories?post=76484"},{"taxonomy":"post_tag","embeddable":true,"href":"https:\/\/linitiative.ca\/International\/wp-json\/wp\/v2\/tags?post=76484"}],"curies":[{"name":"wp","href":"https:\/\/api.w.org\/{rel}","templated":true}]}}