{"id":76488,"date":"2020-02-18T15:56:12","date_gmt":"2020-02-18T20:56:12","guid":{"rendered":"https:\/\/linitiative.ca\/International\/par-abdelaziz-gatri-passeport-diplomatique-pour-contrebandiers-evades-fiscaux-et-autres-extremistes\/"},"modified":"2020-02-18T15:56:12","modified_gmt":"2020-02-18T20:56:12","slug":"par-abdelaziz-gatri-passeport-diplomatique-pour-contrebandiers-evades-fiscaux-et-autres-extremistes","status":"publish","type":"post","link":"https:\/\/linitiative.ca\/International\/par-abdelaziz-gatri-passeport-diplomatique-pour-contrebandiers-evades-fiscaux-et-autres-extremistes\/","title":{"rendered":"Par Abdelaziz Gatri : Passeport diplomatique pour contrebandiers, \u00e9vad\u00e9s fiscaux et autres extr\u00e9mistes"},"content":{"rendered":"<div class=\"post-cont-in left relative\">\n<p>L\u2019Etat tunisien traverse la p\u00e9riode la plus d\u00e9licate de sa jeune existence et est menac\u00e9 dans sa survie par les attaques terroristes intermittentes qui visent \u00e0 engager son pronostic vital, la fraude fiscale et douani\u00e8re, la contrebande et la corruption qui engagent sa survie financi\u00e8re, l\u2019ins\u00e9curit\u00e9 qui \u00e9branle sa coh\u00e9sion sociale, et une d\u00e9gringolade des indicateurs \u00e9conomiques, financiers et sociaux \u00e0 des niveaux jamais atteints. Les gouvernants post-r\u00e9volution ont adopt\u00e9 des politiques privil\u00e9giant les int\u00e9r\u00eats des partis et des Etats \u00e9trangers qui les chaperonnent, ceux des monopoles de certains groupes familiaux et des multinationales, au d\u00e9triment de l\u2019Etat dont ils sont en charge. \u00a0Et pour couronner le tout, les services publics\u00a0: administration, sant\u00e9, \u00e9ducation, justice et transports, sont en faillite.<\/p>\n<div class=\"code-block code-block-1 c3\"><ins class=\"adsbygoogle c2\" data-ad-layout=\"in-article\" data-ad-format=\"fluid\" data-ad-client=\"ca-pub-2102118777505746\" data-ad-slot=\"7301775417\"\/> <\/div>\n<p>Asphyxi\u00e9s, \u00e9reint\u00e9s par un long et co\u00fbteux processus \u00e9lectoral, les tunisiens attendaient impatiemment qu\u2019une fois leur parlement install\u00e9, son pr\u00e9sident \u00e9lu, ses commissions d\u00e9sign\u00e9es, les d\u00e9put\u00e9s veuillent enfin se consacrer \u00e0 la r\u00e9alisation des promesses mirobolantes dont ils les ont gav\u00e9s en p\u00e9riode de campagne pour redresser la barre.<\/p>\n<p>Mal leur a pris, car \u00e0 peine \u00e9lus, <a href=\"https:\/\/www.tunisienumerique.com\/tunisie-actualite\/rached-ghannouchi\/\" title=\"Ghannouchi\" target=\"_top\" class=\"auto-link\" rel=\"noopener noreferrer\">Ghannouchi<\/a> et consorts ont d\u00e9daign\u00e9 les dizaines de projets de loi laiss\u00e9s en friche par la pr\u00e9c\u00e9dente l\u00e9gislature et se sont attel\u00e9s, toutes affaires incessantes, \u00e0 se faire voter une loi leur attribuant des <strong>passeports diplomatiques<\/strong>, imitant leurs comp\u00e8res de la constituante qui, \u00e0 minuit pass\u00e9e, se sont attribu\u00e9 de consistantes augmentations. Charit\u00e9 bien ordonn\u00e9e\u2026<\/p>\n<p>Pour justifier cette \u00ab\u00a0fleur\u00a0\u00bb, on avance moult alibis et subterfuges\u00a0: elle leur \u00e9viterait l\u2019humiliation de la demande de visa dont souffrent les citoyens qui les ont \u00e9lus, les files d\u2019attentes dans les a\u00e9roports et sauvegarderait le prestige des repr\u00e9sentants de la nation.<\/p>\n<p>Je ne suis ni ministre, ni d\u00e9put\u00e9, ni gouverneur. Je suis fonctionnaire \u00e0 la retraite exer\u00e7ant la profession d\u2019expert dans mon domaine d\u2019activit\u00e9. Pourtant, quand j\u2019ai voulu obtenir un visa pour me rendre en Europe, j\u2019ai rempli le formulaire et pris rendez-vous en ligne aupr\u00e8s de la soci\u00e9t\u00e9 charg\u00e9e par les chancelleries europ\u00e9ennes d\u2019instruire les dossiers de visa.<\/p>\n<p>Le jour du rendez-vous, je me suis pr\u00e9sent\u00e9 muni de mon passeport des documents d\u2019usage justifiant ma situation professionnelle. J\u2019ai \u00e9t\u00e9 re\u00e7u \u00e0 l\u2019heure indiqu\u00e9e, j\u2019ai pr\u00e9sent\u00e9 mes documents, r\u00e9gl\u00e9 les droits dus, effectu\u00e9 le relev\u00e9 biom\u00e9trique et quitt\u00e9 en une vingtaine de minutes. Au d\u00e9part de l\u2019a\u00e9roport de Tunis-Carthage, je pouvais solliciter l\u2019assistance de mes anciens coll\u00e8gues pour me faciliter le passage, je m\u2019en suis abstenu. Quelques dizaines de minutes de file ne m\u2019ont pas \u00e9mouss\u00e9 et n\u2019ont pas alt\u00e9r\u00e9 mon \u00ab\u00a0prestige\u00a0\u00bb. A l\u2019arriv\u00e9e, apr\u00e8s un coup d\u2019\u0153il rapide en va-et-vient entre le passeport et mon visage, le policier me demanda de poser l\u2019index et le majeur sur le d\u00e9tecteur d\u2019empreintes, puis me sourit, me rendit mon passeport et me dit \u00ab\u00a0bon s\u00e9jour monsieur\u00a0\u00bb.<\/p>\n<p>Du temps o\u00f9 j\u2019occupais des postes de responsabilit\u00e9 au sein de l\u2019administration, je devais me rendre \u00e0 l\u2019\u00e9tranger pour repr\u00e9senter mon pays dans les travaux de certaines instances internationales en rapport avec mon d\u00e9partement, muni d\u2019un ordre de mission et d\u2019un passeport sp\u00e9cial \u00e9tabli \u00e0 cet effet par l\u2019autorit\u00e9 comp\u00e9tente me permettant de franchir ais\u00e9ment les fronti\u00e8res sans avoir \u00e0 me soumettre \u00e0 la proc\u00e9dure de visa.<\/p>\n<p>C\u2019est dire si les subterfuges avanc\u00e9s par les d\u00e9put\u00e9s pour s\u2019allouer le s\u00e9same esp\u00e9r\u00e9 ne tiennent pas la route. Mais pouvait-on s\u2019attendre \u00e0 mieux de la part d\u2019une assembl\u00e9e dont bon nombre des membres sont des mal \u00e9lus, ayant profit\u00e9 de flots d\u2019argent occulte pour corrompre les \u00e9lecteurs, de m\u00e9dias suborn\u00e9s et de journalistes de service pour faire leur \u00e9loge et ternir leurs adversaires, d\u2019une ISIE dont l\u2019ind\u00e9pendance est de plus en plus contest\u00e9e, avec des soup\u00e7ons de plus en plus lourds sur le r\u00f4le du minist\u00e8re des Technologies de l\u2019information et de l\u2019\u00e9conomie num\u00e9rique. Tant et si bien qu\u2019on y trouve des d\u00e9put\u00e9s qui ont rempil\u00e9 malgr\u00e9 les affaires de corruption instruites contre eux par la justice dont les demandes de lev\u00e9e de l\u2019immunit\u00e9 parlementaire sont rest\u00e9es lettre morte, des hommes d\u2019affaires sur lesquels p\u00e8sent de lourdes charges de fraude fiscale, de blanchiment d\u2019argent et de corruption, des gros bras des LPR, milices r\u00e9siduelles du d\u00e9funt RCD et des Trabelsi convertis en satellites des partis int\u00e9gristes, un extr\u00e9miste disposant d\u2019une radio qui diffuse ses pr\u00eaches enflamm\u00e9s, et m\u00eame un contrebandier r\u00e9cidiviste notoire.<\/p>\n<p>Comble de l\u2019ironie, ce d\u00e9put\u00e9 fut convi\u00e9 le 6 d\u00e9cembre dernier, date anniversaire de la tunisification de la douane tunisienne, \u00e0 la c\u00e9r\u00e9monie organis\u00e9e \u00e0 cette occasion o\u00f9 il a proc\u00e9d\u00e9 \u00e0 la d\u00e9coration des officiers et sous-officiers de la douane. En r\u00e9compense, des \u00ab\u00a0coll\u00e8gues\u00a0\u00bb \u00e0 ce contrebandier converti en d\u00e9put\u00e9 ont agress\u00e9 une patrouille douani\u00e8re et r\u00e9cup\u00e9r\u00e9 de force des marchandises saisies \u00e0 leur encontre, au m\u00e9pris du droit et en l\u2019absence de toute r\u00e9action des autorit\u00e9s.<\/p>\n<p>Malgr\u00e9 toutes les d\u00e9rives qui ont entach\u00e9 les \u00e9lections l\u00e9gislatives (et pr\u00e9sidentielles), force est de constater que les instances comp\u00e9tentes en la mati\u00e8re, ISIE et tribunal administratif, ont ent\u00e9rin\u00e9 ses r\u00e9sultats. D\u2019un point de vue purement formaliste, ce parlement est donc l\u00e9gal. Mais nous sommes en droit de nous demander si pour autant il est l\u00e9gitime. Car si en dictature, la l\u00e9gitimit\u00e9 est en raison inverse de la contrainte, en d\u00e9mocratie elle est en raison inverse de la tricherie, du contournement de la loi, sinon de la soustraction \u00e0 la loi. Ainsi, compte tenu de tous les abus signal\u00e9s, je pense que ce parlement est, au moins en partie, ill\u00e9gitime et que les d\u00e9put\u00e9s dignes de cette haute fonction n\u2019ont qu\u2019\u00e0 se d\u00e9solidariser de ces parvenus qui consid\u00e8rent le poste comme un investissement \u00e0 fructifier, les d\u00e9noncer, voter contre cette loi sc\u00e9l\u00e9rate et acc\u00e9l\u00e9rer la proc\u00e9dure de lev\u00e9e de l\u2019immunit\u00e9 gel\u00e9e par leurs pr\u00e9d\u00e9cesseurs. Autrement, ils sont \u00e0 consid\u00e9rer comme des complices.<\/p>\n<p><em>Abdelaziz GATRI.\u00a0<\/em><\/p>\n<p><em>Expert-conseiller, op\u00e9rations de commerce international, contentieux douanier.<\/em><\/p>\n<div class=\"swp_social_panel swp_horizontal_panel swp_flat_fresh swp_default_full_color swp_individual_full_color swp_other_full_color scale-100 scale-\" data-min-width=\"1100\" data-float-color=\"#ffffff\" data-float=\"bottom\" data-float-mobile=\"bottom\" data-transition=\"slide\">\n<div class=\"nc_tweetContainer swp_share_button total_shares total_sharesalt\"><span class=\"swp_count\">123 <span class=\"swp_label\">Partages<\/span><\/span><\/div>\n<\/div>\n<p><strong>Que se passe-t-il en Tunisie?<\/strong><br \/>Nous expliquons sur notre <a href=\"https:\/\/www.youtube.com\/channel\/UCRzypVq0B_yBad5eGrwBx0Q?sub_confirmation=1\" target=\"_blank\" rel=\"noopener noreferrer\">cha\u00eene YouTube<\/a> . <a href=\"https:\/\/www.youtube.com\/channel\/UCRzypVq0B_yBad5eGrwBx0Q?sub_confirmation=1\" target=\"_blank\" rel=\"noopener noreferrer\">Abonnez-vous!<\/a><\/p>\n<div class=\"mvp-org-wrap mvp-org-logo\" itemprop=\"publisher\" itemscope=\"\" itemtype=\"https:\/\/schema.org\/Organization\"><img decoding=\"async\" src=\"https:\/\/www.tunisienumerique.com\/wp-content\/uploads\/2017\/02\/logo_tunisie_numerique.png\"\/><\/div>\n<div class=\"mvp-related-posts left relative\">\n<h4 class=\"post-header\"><span class=\"post-header\">Lire aussi<\/span><\/h4>\n<\/div>\n<\/div>\n<p>Auteur: Tunisie Num\u00e9rique<br \/>\n<a href=\"https:\/\/www.tunisienumerique.com\/par-abdelaziz-gatri-passeport-diplomatique-pour-contrebandiers-evades-fiscaux-et-autres-extremistes\/\">Cliquez ici pour lire l&rsquo;article depuis sa source.<\/a><\/p>\n","protected":false},"excerpt":{"rendered":"<p>L\u2019Etat tunisien traverse la p\u00e9riode la plus d\u00e9licate de sa jeune existence et est menac\u00e9 dans sa survie par les attaques terroristes intermittentes qui visent \u00e0 engager son pronostic vital, la fraude fiscale et douani\u00e8re, la contrebande et la corruption qui engagent sa survie financi\u00e8re, l\u2019ins\u00e9curit\u00e9 qui \u00e9branle sa coh\u00e9sion sociale, et une d\u00e9gringolade des [&hellip;]<\/p>\n","protected":false},"author":1789,"featured_media":76489,"comment_status":"closed","ping_status":"closed","sticky":false,"template":"","format":"standard","meta":{"fifu_image_url":"","fifu_image_alt":"","footnotes":""},"categories":[73,55],"tags":[],"class_list":["post-76488","post","type-post","status-publish","format-standard","has-post-thumbnail","hentry","category-actualite","category-tunisie"],"_links":{"self":[{"href":"https:\/\/linitiative.ca\/International\/wp-json\/wp\/v2\/posts\/76488","targetHints":{"allow":["GET"]}}],"collection":[{"href":"https:\/\/linitiative.ca\/International\/wp-json\/wp\/v2\/posts"}],"about":[{"href":"https:\/\/linitiative.ca\/International\/wp-json\/wp\/v2\/types\/post"}],"author":[{"embeddable":true,"href":"https:\/\/linitiative.ca\/International\/wp-json\/wp\/v2\/users\/1789"}],"replies":[{"embeddable":true,"href":"https:\/\/linitiative.ca\/International\/wp-json\/wp\/v2\/comments?post=76488"}],"version-history":[{"count":0,"href":"https:\/\/linitiative.ca\/International\/wp-json\/wp\/v2\/posts\/76488\/revisions"}],"wp:featuredmedia":[{"embeddable":true,"href":"https:\/\/linitiative.ca\/International\/wp-json\/"}],"wp:attachment":[{"href":"https:\/\/linitiative.ca\/International\/wp-json\/wp\/v2\/media?parent=76488"}],"wp:term":[{"taxonomy":"category","embeddable":true,"href":"https:\/\/linitiative.ca\/International\/wp-json\/wp\/v2\/categories?post=76488"},{"taxonomy":"post_tag","embeddable":true,"href":"https:\/\/linitiative.ca\/International\/wp-json\/wp\/v2\/tags?post=76488"}],"curies":[{"name":"wp","href":"https:\/\/api.w.org\/{rel}","templated":true}]}}