{"id":76492,"date":"2020-02-18T15:04:56","date_gmt":"2020-02-18T20:04:56","guid":{"rendered":"https:\/\/linitiative.ca\/International\/probable-transferement-de-bechir-a-la-haye\/"},"modified":"2020-02-18T15:04:56","modified_gmt":"2020-02-18T20:04:56","slug":"probable-transferement-de-bechir-a-la-haye","status":"publish","type":"post","link":"https:\/\/linitiative.ca\/International\/probable-transferement-de-bechir-a-la-haye\/","title":{"rendered":"PROBABLE TRANSFEREMENT DE BECHIR A LA HAYE"},"content":{"rendered":"<div class=\"stream-item stream-item-above-post-content\">\n<p><noscript><\/p>\n<p><a href=\"\/\/www3.smartadserver.com\/ac?jump=1&#038;nwid=2136&#038;siteid=240610&#038;pgname=rg&#038;fmtid=49046&#038;visit=m&#038;tmstp=[timestamp]&#038;out=nonrich\" target=\"_blank\" rel=\"noopener noreferrer\"><img decoding=\"async\" src=\"\/\/www3.smartadserver.com\/ac?out=nonrich&#038;nwid=2136&#038;siteid=240610&#038;pgname=rg&#038;fmtid=49046&#038;visit=m&#038;tmstp=[timestamp]\" border=\"0\" alt=\"\"\/><\/a><\/p>\n<p><\/noscript><\/div>\n<p class=\"c3\"><em>Le 11 avril 2019, Omar El B\u00e9chir, sous la pression de la rue soutenue par l\u2019arm\u00e9e, a quitt\u00e9 le pouvoir. Depuis lors, l\u2019histoire semble s\u2019acc\u00e9l\u00e9rer contre lui.\u00a0En effet, alors qu\u2019il est en train de purger une peine d\u2019emprisonnement dans son pays pour s\u2019\u00eatre rendu coupable de d\u00e9tournements de deniers publics, la probabilit\u00e9 est forte aujourd\u2019hui que l\u2019on assiste, dans les prochains jours ou mois, \u00e0 son transf\u00e8rement \u00e0 La Haye. C\u2019est, du moins, le d\u00e9cryptage que l\u2019on peut faire \u00e0 travers les mots prononc\u00e9s par Mohamed Hassan Altaishi, au terme de l\u2019accord en n\u00e9gociation avec les mouvements rebelles. Ce dernier, dans ce cadre, a, en effet, annonc\u00e9 ceci\u00a0: \u00ab\u00a0Les responsables des crimes contre l\u2019humanit\u00e9 et crimes de guerre commis au Darfour, pourront \u00eatre livr\u00e9s \u00e0 la Cour p\u00e9nale\u00a0\u00bb. Certes, le nom de l\u2019ancien dictateur n\u2019a pas \u00e9t\u00e9 cit\u00e9 par le n\u00e9gociateur mais si l\u2019on proc\u00e8de par raisonnement syllogistique, l\u2019on peut aboutir \u00e0 la conclusion que B\u00e9chir est concern\u00e9.<\/em><\/p>\n<p class=\"c3\"><strong><em>Si ce transf\u00e8rement venait \u00e0 \u00eatre effectif, ce serait une tr\u00e8s grande victoire pour la CPI et pour les droits humains<\/em><\/strong><\/p>\n<p class=\"c3\"><em>Reprenons donc le raisonnement. Le n\u00e9gociateur est parti du postulat suivant\u00a0: \u00ab\u00a0Nous nous sommes mis d\u2019accord sur le transfert de toute personne qui fait l\u2019objet d\u2019un mandat d\u2019arr\u00eat de la Cour p\u00e9nale internationale\u00a0\u00bb. Or, Omar El B\u00e9chir fait l\u2019objet d\u2019un mandat d\u2019arr\u00eat de la Cour p\u00e9nale internationale. Logiquement donc, B\u00e9chir sera transf\u00e9r\u00e9. En plus de ce raisonnement logique qui permet de croire \u00e0 un transf\u00e8rement de l\u2019ancien ma\u00eetre du Soudan \u00e0 La Haye, il faut ajouter que cette hypoth\u00e8se avait \u00e9t\u00e9 souvent envisag\u00e9e comme faisant partie des sujets \u00e0 n\u00e9gocier entre les autorit\u00e9s de Transition soudanaise et les mouvements rebelles du Soudan. Il faut apporter la pr\u00e9cision que ces derniers \u00e9taient vent debout depuis longtemps pour exiger que l\u2019ancien dictateur soit remis \u00e0 la CPI. Le dernier \u00e9l\u00e9ment qui rend possible son transf\u00e8rement est li\u00e9 \u00e0 ceci\u00a0: les autorit\u00e9s de la Transition ont besoin de l\u2019appui de la communaut\u00e9 internationale pour relancer l\u2019\u00e9conomie du pays. Cette derni\u00e8re pourrait poser comme pr\u00e9alable pour d\u00e9lier les cordons de la bourse, le transf\u00e8rement de B\u00e9chir. Entre donc le choix de sauver le pays du marasme \u00e9conomique et celui de sauver Omar El B\u00e9chir, les autorit\u00e9s de Transition pourraient facilement opter pour le choix de sauver le pays. C\u2019est pourquoi, \u00e0 la question de savoir si la CPI aura enfin son troph\u00e9e de guerre, l\u2019on a de raisons s\u00e9rieuses de r\u00e9pondre par l\u2019affirmative. Et si ce transf\u00e8rement venait \u00e0 \u00eatre effectif, ce serait une tr\u00e8s grande victoire pour la CPI et pour les droits humains. En effet, depuis 2009, date \u00e0 laquelle la CPI avait \u00e9mis son premier mandat d\u2019arr\u00eat contre B\u00e9chir, ce dernier n\u2019a eu de cesse de traiter l\u2019institution de tous les noms d\u2019oiseau. L\u2019injure supr\u00eame est qu\u2019il se consid\u00e9rait blanc comme neige face aux graves charges qui p\u00e8sent contre lui et percevait de ce fait la CPI comme un instrument politique destin\u00e9 \u00e0 s\u00e9vir uniquement contre les dirigeants africains. Le comble est que des Africains et pas des moindres, ont repris \u00e0 leur compte la perception de la CPI par le dictateur. En tout cas, les populations du Darfour applaudiront \u00e0 tout rompre un transf\u00e8rement d\u2019Omar El B\u00e9chir \u00e0 La Haye.<\/em><\/p>\n<p class=\"c3\"><strong><em>Le sort de B\u00e9chir peut \u00eatre celui de tous les dictateurs encore en activit\u00e9<\/em><\/strong><\/p>\n<p class=\"c3\"><em>En effet, depuis 2003, date \u00e0 laquelle lui et ses Janjawids ont commenc\u00e9 \u00e0 s\u00e9vir au Darfour, toutes les limites de l\u2019horreur ont \u00e9t\u00e9 franchies. Le Soudan nouveau ne peut passer cela par pertes et profits. Et les autorit\u00e9s de la Transition entreront dans l\u2019histoire par la grande porte au cas o\u00f9 elles livreraient effectivement le pr\u00e9cieux colis \u00e0 la CPI. En r\u00e9alit\u00e9, le cas d\u2019Omar El B\u00e9chir a une connotation hautement p\u00e9dagogique. Car, voil\u00e0 un homme qui a r\u00e9gent\u00e9 pendant trois d\u00e9cennies, le Soudan, qui a cru pendant son long r\u00e8gne qu\u2019il \u00e9tait ind\u00e9boulonnable et que, de ce fait, il n\u2019aurait jamais \u00e0 r\u00e9pondre devant la justice des hommes. C\u2019est ce m\u00eame homme, l\u00e2ch\u00e9 par ceux qui l\u2019ont aid\u00e9 \u00e0 asseoir sa satrapie, et vomi par le peuple, qui se retrouve en prison au Soudan en attendant un probable transf\u00e8rement \u00e0 La Haye. Ce sort peut \u00eatre celui de tous les dictateurs encore en activit\u00e9. Et tous ceux qui pensent que son transf\u00e8rement est peu probable parce que certains de ses anciens fr\u00e8res d\u2019armes qui l\u2019ont aid\u00e9 \u00e0 perp\u00e9trer le g\u00e9nocide au Darfour, sont toujours aux affaires, peuvent \u00eatre surpris. En effet, Le G\u00e9n\u00e9ral Hemetti, l\u2019actuel n\u00b02 du Conseil souverain, qui est soup\u00e7onn\u00e9 d\u2019avoir pris une part active au g\u00e9nocide au Darfour \u00e0 la t\u00eate de ses Janjawids, est susceptible d\u2019aider au transf\u00e8rement de son ancien mentor pour deux raisons. La premi\u00e8re est que, contrairement \u00e0 B\u00e9chir, lui n\u2019a pas \u00e9t\u00e9 inculp\u00e9 par la CPI. L\u2019autre raison est qu\u2019il peut travailler \u00e0 faire en sorte que les civils \u00e0 qui les militaires vont transf\u00e9rer le pouvoir apr\u00e8s la Transition, prennent des mesures pour lui garantir une retraite paisible, loin des d\u00e9boires judiciaires. Joseph Kabila est l\u2019illustration de ce genre d\u2019arrangements.<\/em><\/p>\n<p class=\"c3\"><strong><em>Le Pays<\/em><\/strong><\/p>\n<p>Auteur: Le Pays<br \/>\n<a href=\"http:\/\/lepays.bf\/probable-transferement-de-bechir-a-la-haye-3\/\">Cliquez ici pour lire l&rsquo;article depuis sa source.<\/a><\/p>\n","protected":false},"excerpt":{"rendered":"<p>Le 11 avril 2019, Omar El B\u00e9chir, sous la pression de la rue soutenue par l\u2019arm\u00e9e, a quitt\u00e9 le pouvoir. Depuis lors, l\u2019histoire semble s\u2019acc\u00e9l\u00e9rer contre lui.\u00a0En effet, alors qu\u2019il est en train de purger une peine d\u2019emprisonnement dans son pays pour s\u2019\u00eatre rendu coupable de d\u00e9tournements de deniers publics, la probabilit\u00e9 est forte aujourd\u2019hui [&hellip;]<\/p>\n","protected":false},"author":1813,"featured_media":0,"comment_status":"closed","ping_status":"closed","sticky":false,"template":"","format":"standard","meta":{"fifu_image_url":"","fifu_image_alt":"","footnotes":""},"categories":[73,81],"tags":[],"class_list":["post-76492","post","type-post","status-publish","format-standard","hentry","category-actualite","category-burkina-faso"],"_links":{"self":[{"href":"https:\/\/linitiative.ca\/International\/wp-json\/wp\/v2\/posts\/76492","targetHints":{"allow":["GET"]}}],"collection":[{"href":"https:\/\/linitiative.ca\/International\/wp-json\/wp\/v2\/posts"}],"about":[{"href":"https:\/\/linitiative.ca\/International\/wp-json\/wp\/v2\/types\/post"}],"author":[{"embeddable":true,"href":"https:\/\/linitiative.ca\/International\/wp-json\/wp\/v2\/users\/1813"}],"replies":[{"embeddable":true,"href":"https:\/\/linitiative.ca\/International\/wp-json\/wp\/v2\/comments?post=76492"}],"version-history":[{"count":0,"href":"https:\/\/linitiative.ca\/International\/wp-json\/wp\/v2\/posts\/76492\/revisions"}],"wp:attachment":[{"href":"https:\/\/linitiative.ca\/International\/wp-json\/wp\/v2\/media?parent=76492"}],"wp:term":[{"taxonomy":"category","embeddable":true,"href":"https:\/\/linitiative.ca\/International\/wp-json\/wp\/v2\/categories?post=76492"},{"taxonomy":"post_tag","embeddable":true,"href":"https:\/\/linitiative.ca\/International\/wp-json\/wp\/v2\/tags?post=76492"}],"curies":[{"name":"wp","href":"https:\/\/api.w.org\/{rel}","templated":true}]}}