{"id":76494,"date":"2020-02-18T15:47:22","date_gmt":"2020-02-18T20:47:22","guid":{"rendered":"https:\/\/linitiative.ca\/International\/reconciliation-nationale-les-lignes-bougent-selon-lopposition\/"},"modified":"2020-02-18T15:47:22","modified_gmt":"2020-02-18T20:47:22","slug":"reconciliation-nationale-les-lignes-bougent-selon-lopposition","status":"publish","type":"post","link":"https:\/\/linitiative.ca\/International\/reconciliation-nationale-les-lignes-bougent-selon-lopposition\/","title":{"rendered":"R\u00e9conciliation nationale  : les lignes bougent, selon l\u2019opposition"},"content":{"rendered":"<div class=\"td-post-featured-image\"><a href=\"https:\/\/i2.wp.com\/www.sidwaya.info\/wp-content\/uploads\/2020\/02\/1-33.jpg?fit=595%2C446&#038;ssl=1\" data-caption=\"\"><img loading=\"lazy\" decoding=\"async\" width=\"595\" height=\"446\" class=\"entry-thumb td-modal-image\" src=\"https:\/\/i2.wp.com\/www.sidwaya.info\/wp-content\/uploads\/2020\/02\/1-33.jpg?resize=595%2C446&#038;ssl=1\" srcset=\"https:\/\/i2.wp.com\/www.sidwaya.info\/wp-content\/uploads\/2020\/02\/1-33.jpg?w=595&#038;ssl=1 595w, https:\/\/i2.wp.com\/www.sidwaya.info\/wp-content\/uploads\/2020\/02\/1-33.jpg?resize=300%2C225&#038;ssl=1 300w, https:\/\/i2.wp.com\/www.sidwaya.info\/wp-content\/uploads\/2020\/02\/1-33.jpg?resize=560%2C420&#038;ssl=1 560w, https:\/\/i2.wp.com\/www.sidwaya.info\/wp-content\/uploads\/2020\/02\/1-33.jpg?resize=80%2C60&#038;ssl=1 80w, https:\/\/i2.wp.com\/www.sidwaya.info\/wp-content\/uploads\/2020\/02\/1-33.jpg?resize=265%2C198&#038;ssl=1 265w\" sizes=\"auto, (max-width: 595px) 100vw, 595px\" alt=\"\" title=\"1\"\/><\/a><\/div>\n<p><strong>Le Chef de file de l\u2019opposition politique burkinab\u00e8 (CFOP) a anim\u00e9 sa traditionnelle conf\u00e9rence de presse, le mardi 18 f\u00e9vrier 2020 \u00e0 Ouagadougou. Le processus de la r\u00e9conciliation nationale et le massacre de fid\u00e8les chr\u00e9tiens dans le Yagha, la \u00ab\u00a0politisation\u00a0\u00bb du M\u00e9diateur du Faso sont, entre autres sujets abord\u00e9s avec les journalistes.<\/strong><\/p>\n<p>La r\u00e9conciliation nationale \u00e9tait encore au menu de l\u2019hebdomadaire point de presse de l\u2019opposition politique, anim\u00e9 le mardi 18 f\u00e9vrier 2020 \u00e0 Ouagadougou. Pour le pr\u00e9sident de la convergence de l\u2019espoir, Jean Hubert Bazi\u00e9, et celui du Rassemblement des \u00e9cologistes du Burkina Faso (RDEBF), Adama S\u00e9r\u00e9, animateurs de cette conf\u00e9rence de presse, le processus de la r\u00e9conciliation a connu des avanc\u00e9es dans le sens des conclusions du Dialogue politique. Selon les conf\u00e9renciers, par correspondance dat\u00e9e du 21 janvier 2020, le Chef de file de l\u2019Opposition, Z\u00e9phirin Diabr\u00e9, a \u00e9t\u00e9 invit\u00e9 par le minist\u00e8re en charge de l\u2019administration territoriale et de la coh\u00e9sion sociale \u00e0 organiser la r\u00e9flexion dans sa composante et lui soumettre ses propositions.<\/p>\n<p>Ce qui constitue une avanc\u00e9e que note le CFOP qui, selon M. Bazi\u00e9 a d\u00e9j\u00e0 examin\u00e9 la question et ses propositions seront transmises aux autorit\u00e9s comp\u00e9tentes. \u00ab\u00a0L\u2019opposition politique se r\u00e9jouit du fait qu\u2019apr\u00e8s les travaux du dialogue politique, le gouvernement se soit enfin d\u00e9cid\u00e9 \u00e0 initier quelque chose sur le sujet\u00a0\u00bb, a-t-il indiqu\u00e9. Sur la question des attaques terroristes, l\u2019opposition a invit\u00e9 l\u2019Etat \u00e0 s\u00e9curiser les lieux de culte et de rassemblement. En effet, au regard des attaques de plus en plus orient\u00e9es vers les \u00e9glises, l\u2019opposition appelle \u00e0 la cr\u00e9ation d\u2019un Observatoire national des libert\u00e9s religieuses. Cette structure, selon M. Bazi\u00e9, devrait \u00eatre compos\u00e9e des personnalit\u00e9s des principales religions pour veiller \u00e0 ce que les ennemis du peuple ne parviennent pas, par des manipulations, \u00e0 cr\u00e9er un affrontement interreligieux. Par rapport \u00e0 la distribution des Cartes nationales d\u2019identit\u00e9 burkinab\u00e8 (CNIB) par des particuliers, les animateurs du point de presse ont estim\u00e9 qu\u2019elle n\u2019est pas appr\u00e9ciable. Car, ont-ils soutenu, d\u00e9livrer des CINB aux populations est un devoir de l\u2019Etat et les Burkinab\u00e8 doivent \u00eatre \u00e9gaux dans son obtention. R\u00e9agissant sur la r\u00e9cente lettre ouverte du Pr Etienne Traor\u00e9 relative \u00e0 \u00ab\u00a0l\u2019immixtion\u00a0\u00bb de l\u2019actuel M\u00e9diateur du Faso, Saran S\u00e9r\u00e9m\u00e9, dans les affaires politiques, M. Bazi\u00e9 a indiqu\u00e9 que cette interpellation fait \u00e9cho \u00e0 d\u2019autres d\u00e9j\u00e0 formul\u00e9es par des citoyens, pour d\u00e9noncer \u00ab\u00a0un m\u00e9lange de genres\u00a0\u00bb.<\/p>\n<p>Pour lui, la r\u00e9publique fonctionne selon des r\u00e8gles et des principes. A l\u2019\u00e9couter, Etienne Traor\u00e9 a pos\u00e9 un probl\u00e8me qui doit \u00eatre examin\u00e9 et r\u00e9solu.\u00a0\u00ab\u00a0Cette fois-ci, la d\u00e9nonciation vient de la majorit\u00e9. L\u2019opposition politique n\u2019est donc pas dans une posture partisane\u00a0\u00bb, a r\u00e9agi M. Bazi\u00e9. Sans avoir la pr\u00e9tention de remettre en cause une d\u00e9cision de justice, l\u2019opposition pense que la r\u00e9cente condamnation des blogueurs Na\u00efm Tour\u00e9, Aminata Rachow et de Lahousseni Tahar Ou\u00e9draogo est inopportune. Pour M. Bazi\u00e9, ces activistes contribuent \u00e0 la lutte contre la corruption et la mauvaise gouvernance. Dans cette dynamique, l\u2019opposition a exig\u00e9, entre autres, la diligence dans le traitement des dossiers de crimes de sang, du charbon fin et de \u00ab\u00a0l\u2019enrichissement illicite\u00a0\u00bb de certains ministres.<\/p>\n<p class=\"c1\"><strong>Souma\u00efla BONKOUNGOU<\/strong><\/p>\n<div class=\"td-a-rec td-a-rec-id-content_bottom tdi_30_4aa td_block_template_1\"><img loading=\"lazy\" decoding=\"async\" class=\"aligncenter size-full wp-image-9623\" src=\"https:\/\/www.sidwaya.info\/wp-content\/uploads\/2019\/06\/Projet-bannie%CC%80re-Orange-mobile.jpg\" alt=\"\" width=\"728\" height=\"81\"\/><\/div>\n<p>Auteur: DD. Sidwaya<br \/>\n<a href=\"https:\/\/www.sidwaya.info\/blog\/2020\/02\/18\/reconciliation-nationale-les-lignes-bougent-selon-lopposition\/\">Cliquez ici pour lire l&rsquo;article depuis sa source.<\/a><\/p>\n","protected":false},"excerpt":{"rendered":"<p>Le Chef de file de l\u2019opposition politique burkinab\u00e8 (CFOP) a anim\u00e9 sa traditionnelle conf\u00e9rence de presse, le mardi 18 f\u00e9vrier 2020 \u00e0 Ouagadougou. Le processus de la r\u00e9conciliation nationale et le massacre de fid\u00e8les chr\u00e9tiens dans le Yagha, la \u00ab\u00a0politisation\u00a0\u00bb du M\u00e9diateur du Faso sont, entre autres sujets abord\u00e9s avec les journalistes. La r\u00e9conciliation nationale [&hellip;]<\/p>\n","protected":false},"author":1816,"featured_media":0,"comment_status":"closed","ping_status":"closed","sticky":false,"template":"","format":"standard","meta":{"fifu_image_url":"","fifu_image_alt":"","footnotes":""},"categories":[73,81],"tags":[],"class_list":["post-76494","post","type-post","status-publish","format-standard","hentry","category-actualite","category-burkina-faso"],"_links":{"self":[{"href":"https:\/\/linitiative.ca\/International\/wp-json\/wp\/v2\/posts\/76494","targetHints":{"allow":["GET"]}}],"collection":[{"href":"https:\/\/linitiative.ca\/International\/wp-json\/wp\/v2\/posts"}],"about":[{"href":"https:\/\/linitiative.ca\/International\/wp-json\/wp\/v2\/types\/post"}],"author":[{"embeddable":true,"href":"https:\/\/linitiative.ca\/International\/wp-json\/wp\/v2\/users\/1816"}],"replies":[{"embeddable":true,"href":"https:\/\/linitiative.ca\/International\/wp-json\/wp\/v2\/comments?post=76494"}],"version-history":[{"count":0,"href":"https:\/\/linitiative.ca\/International\/wp-json\/wp\/v2\/posts\/76494\/revisions"}],"wp:attachment":[{"href":"https:\/\/linitiative.ca\/International\/wp-json\/wp\/v2\/media?parent=76494"}],"wp:term":[{"taxonomy":"category","embeddable":true,"href":"https:\/\/linitiative.ca\/International\/wp-json\/wp\/v2\/categories?post=76494"},{"taxonomy":"post_tag","embeddable":true,"href":"https:\/\/linitiative.ca\/International\/wp-json\/wp\/v2\/tags?post=76494"}],"curies":[{"name":"wp","href":"https:\/\/api.w.org\/{rel}","templated":true}]}}