{"id":76495,"date":"2020-02-18T15:50:31","date_gmt":"2020-02-18T20:50:31","guid":{"rendered":"https:\/\/linitiative.ca\/International\/laye-echauffourees-apres-la-mort-dune-fille\/"},"modified":"2020-02-18T15:50:31","modified_gmt":"2020-02-18T20:50:31","slug":"laye-echauffourees-apres-la-mort-dune-fille","status":"publish","type":"post","link":"https:\/\/linitiative.ca\/International\/laye-echauffourees-apres-la-mort-dune-fille\/","title":{"rendered":"Laye\u00a0: \u00e9chauffour\u00e9es apr\u00e8s  la mort d\u2019une fille"},"content":{"rendered":"<div class=\"td-post-featured-image\"><a href=\"https:\/\/i2.wp.com\/www.sidwaya.info\/wp-content\/uploads\/2020\/02\/on-m.jpg?fit=787%2C525&#038;ssl=1\" data-caption=\"\"><img loading=\"lazy\" decoding=\"async\" width=\"696\" height=\"464\" class=\"entry-thumb td-modal-image\" src=\"https:\/\/i2.wp.com\/www.sidwaya.info\/wp-content\/uploads\/2020\/02\/on-m.jpg?resize=696%2C464&#038;ssl=1\" srcset=\"https:\/\/i2.wp.com\/www.sidwaya.info\/wp-content\/uploads\/2020\/02\/on-m.jpg?w=787&#038;ssl=1 787w, https:\/\/i2.wp.com\/www.sidwaya.info\/wp-content\/uploads\/2020\/02\/on-m.jpg?resize=300%2C200&#038;ssl=1 300w, https:\/\/i2.wp.com\/www.sidwaya.info\/wp-content\/uploads\/2020\/02\/on-m.jpg?resize=768%2C512&#038;ssl=1 768w, https:\/\/i2.wp.com\/www.sidwaya.info\/wp-content\/uploads\/2020\/02\/on-m.jpg?resize=696%2C464&#038;ssl=1 696w, https:\/\/i2.wp.com\/www.sidwaya.info\/wp-content\/uploads\/2020\/02\/on-m.jpg?resize=630%2C420&#038;ssl=1 630w\" sizes=\"auto, (max-width: 696px) 100vw, 696px\" alt=\"\" title=\"on m\"\/><\/a><\/div>\n<p><strong>Laye : \u00e9chauffour\u00e9es apr\u00e8s la mort d\u2019une fille<\/strong><br \/>Kantigui a appris que le centre des mineurs en conflit avec la loi de Laye a subi le courroux de ses riverains dans la soir\u00e9e du lundi 17 f\u00e9vrier 2020. Selon la source de Kantigui, ce mouvement d\u2019humeur fait suite \u00e0 la d\u00e9couverte du corps sans vie d\u2019une fille \u00e2g\u00e9e de 17 ans, \u00e9l\u00e8ve en classe de 4e, aux alentours dudit \u00e9tablissement. A ce que l\u2019on dit, la d\u00e9funte aurait quitt\u00e9 le domicile vers 17h pour aller chercher de l\u2019eau au forage du centre. Selon les informations, son corps aurait pr\u00e9sent\u00e9 des signes de viol et d\u2019\u00e9tranglement. Furieuses, les populations se seraient ru\u00e9es sur les installations du centre qu\u2019elles ont incendi\u00e9es, y compris les engins du personnel, sous le pr\u00e9texte que les auteurs du forfait s\u2019y trouveraient. Les protestataires auraient m\u00eame exig\u00e9 la d\u00e9localisation de la structure. Les derni\u00e8res informations parvenues \u00e0 Kantigui indiquent que les pensionnaires ont \u00e9t\u00e9 transf\u00e9r\u00e9s \u00e0 Ouagadougou, dans la matin\u00e9e du 18 f\u00e9vrier 2020. Kantigui appelle les populations \u00e0 faire confiance \u00e0 la justice qui s\u2019est saisie du dossier.<\/p>\n<p><strong>Un incident de tir fait un bless\u00e9<\/strong><br \/>Il est revenu \u00e0 Kantigui qu\u2019une panique g\u00e9n\u00e9rale s\u2019est empar\u00e9e de Bittou dans l\u2019apr\u00e8s-midi du lundi 17 f\u00e9vrier 2020. A l\u2019origine, a expliqu\u00e9 l\u2019informateur, un coup de feu d\u00fb \u00e0 une mauvaise manipulation d\u2019une arme au commissariat de police aurait fait un bless\u00e9 dans un vid\u00e9oclub, \u00e0 proximit\u00e9. Cet incident aurait sem\u00e9 la panique, les populations ayant cru \u00e0 une fusillade ou \u00e0 une attaque du commissariat. Fort heureusement, il y a eu plus de peur que de mal, a racont\u00e9 la source de Kantigui, qui a pr\u00e9cis\u00e9 que la victime a \u00e9t\u00e9 touch\u00e9e au front et imm\u00e9diatement conduit au Centre m\u00e9dical avec antenne chirurgical (CMA) pour des soins appropri\u00e9s.<\/p>\n<p><strong>Un d\u00e9potoir \u00e0 probl\u00e8mes<\/strong><br \/>Il a \u00e9t\u00e9 souffl\u00e9 \u00e0 Kantigui qu\u2019un d\u00e9potoir rend la vie infernale \u00e0 ses riverains dans le quartier Ouaga 2000. Le site qui re\u00e7oit les ordures de tout genre se trouve \u00e0 la fin de la voie allant de l\u2019avenue Pascal-Zagr\u00e9 et jouxtant l\u2019espace a\u00e9r\u00e9 de la BECEAO. De ce que Kantigui a entendu, ceux qui logent \u00e0 proximit\u00e9 se plaignent des odeurs pestilentielles. Lorsqu\u2019il y a incin\u00e9ration des d\u00e9chets (m\u00eame si cela arrive rarement), les crises d\u2019asthme surgiraient chez ceux qui en souffrent. Selon l\u2019informateur de Kantigui, le probl\u00e8me, qui ne date pas d\u2019aujourd\u2019hui, a \u00e9t\u00e9 port\u00e9 \u00e0 la connaissance des autorit\u00e9s municipales. Mais cette d\u00e9marche n\u2019a visiblement pas suffi \u00e0 dissuader les auteurs de cette pollution, car ils ont repris de plus belle leur activit\u00e9. Kantigui interpelle \u00e0 son tour l\u2019autorit\u00e9 communale, afin qu\u2019elle mette fin \u00e0 cette situation.<\/p>\n<p><strong>Soutien aux FDS : le MENA entame sa collecte de fonds<\/strong><br \/>Il y a deux semaines, le ministre de l\u2019Education nationale, de l\u2019Alphab\u00e9tisation et de la Promotion des langues nationales, Stanislas Ouaro, a annonc\u00e9 que son d\u00e9partement a initi\u00e9 une collecte de fonds en soutien aux Forces de d\u00e9fense et de s\u00e9curit\u00e9 (FDS) dans la lutte contre l\u2019ins\u00e9curit\u00e9. Aux derni\u00e8res nouvelles, Kantigui a appris que l\u2019op\u00e9ration a d\u00e9but\u00e9. Il esp\u00e8re que les acteurs du plus grand d\u00e9partement minist\u00e9riel feront parler leurs c\u0153urs afin de contribuer, \u00e0 leur fa\u00e7on, \u00e0 la lutte contre les forces du mal. Kantigui rappelle que le minist\u00e8re compte 114 000 agents dans la Fonction publique.<\/p>\n<p><strong>La commune de Y\u00e9 en effervescence<\/strong><br \/>Kantigui a appris la naissance d\u2019une structure d\u00e9nomm\u00e9e \u00ab\u00a0Jeunes leaders de la commune de Y\u00e9\u00a0\u00bb dans la province du Nayala (Toma). Apolitique, elle se veut un cadre de concertations et d\u2019\u00e9changes entre les filles et fils de cette localit\u00e9. Apr\u00e8s des dons de kits scolaires aux \u00e9l\u00e8ves d\u00e9munis en octobre 2019, Kantigui a ou\u00ef dire que cette structure organise, les \u00ab\u00a048 heures du \u00a0leader\u00a0\u00bb, \u00a0les 29 f\u00e9vrier et 1er mars prochains \u00e0 Y\u00e9, sous le th\u00e8me\u00a0: \u00ab\u00a0Contribution des jeunes au d\u00e9veloppement local\u00a0\u00bb. Le programme \u00e9tabli \u00e0 cette occasion, a-t-on souffl\u00e9 \u00e0 Kantigui, pr\u00e9voit une course cycliste f\u00e9minine, un festival de masques, une nuit culturelle avec des prestations de cantatrices et de troupes traditionnelles et un maracana inter-villages. \u00ab\u00a0Ensemble, nous sommes plus forts\u00a0\u00bb est le slogan de cette association, qui se fixe pour objectif principal, le d\u00e9veloppement de sa commune.<\/p>\n<p><strong>Banque mondiale : le DG des op\u00e9rations au Burkina<\/strong><br \/>Il est tomb\u00e9 dans l\u2019oreille de Kantigui que le directeur g\u00e9n\u00e9ral des op\u00e9rations de la Banque mondiale, Axel van Trotsenburg, effectue, du 16 au 25 f\u00e9vrier 2020, une visite officielle dans quelques pays du Sahel. Cette visite, a-t-on souffl\u00e9 \u00e0 Kantigui, le conduira respectivement au Mali, au Burkina Faso, au Niger et en Mauritanie o\u00f9 il participera au sommet du G5 Sahel \u00e0 Nouakchott. Au Burkina Faso, a-t-on expliqu\u00e9 \u00e0 Kantigui, M. Trotsenburg va rencontrer les plus hautes autorit\u00e9s du pays, les partenaires au d\u00e9veloppement et les acteurs de la soci\u00e9t\u00e9 civile. Kantigui rappelle que la Banque mondiale est engag\u00e9e dans la r\u00e9gion avec une approche int\u00e9gr\u00e9e dans le cadre de l\u2019Alliance Sahel, dont l\u2019ambition est de soutenir financi\u00e8rement et de coordonner les efforts de d\u00e9veloppement et de stabilisation des pays du G5 Sahel.<\/p>\n<p class=\"c1\"><strong>Kantigui<\/strong><br \/><strong>kantigui2000@gmail.com<\/strong><br \/><strong>(00226) 25 31 22 89<\/strong><\/p>\n<div class=\"td-a-rec td-a-rec-id-content_bottom tdi_30_846 td_block_template_1\"><img loading=\"lazy\" decoding=\"async\" class=\"aligncenter size-full wp-image-9623\" src=\"https:\/\/www.sidwaya.info\/wp-content\/uploads\/2019\/06\/Projet-bannie%CC%80re-Orange-mobile.jpg\" alt=\"\" width=\"728\" height=\"81\"\/><\/div>\n<p>Auteur: DD. Sidwaya<br \/>\n<a href=\"https:\/\/www.sidwaya.info\/blog\/2020\/02\/18\/laye-echauffourees-apres-la-mort-dune-fille\/\">Cliquez ici pour lire l&rsquo;article depuis sa source.<\/a><\/p>\n","protected":false},"excerpt":{"rendered":"<p>Laye : \u00e9chauffour\u00e9es apr\u00e8s la mort d\u2019une filleKantigui a appris que le centre des mineurs en conflit avec la loi de Laye a subi le courroux de ses riverains dans la soir\u00e9e du lundi 17 f\u00e9vrier 2020. Selon la source de Kantigui, ce mouvement d\u2019humeur fait suite \u00e0 la d\u00e9couverte du corps sans vie d\u2019une [&hellip;]<\/p>\n","protected":false},"author":1816,"featured_media":0,"comment_status":"closed","ping_status":"closed","sticky":false,"template":"","format":"standard","meta":{"fifu_image_url":"","fifu_image_alt":"","footnotes":""},"categories":[73,81],"tags":[],"class_list":["post-76495","post","type-post","status-publish","format-standard","hentry","category-actualite","category-burkina-faso"],"_links":{"self":[{"href":"https:\/\/linitiative.ca\/International\/wp-json\/wp\/v2\/posts\/76495","targetHints":{"allow":["GET"]}}],"collection":[{"href":"https:\/\/linitiative.ca\/International\/wp-json\/wp\/v2\/posts"}],"about":[{"href":"https:\/\/linitiative.ca\/International\/wp-json\/wp\/v2\/types\/post"}],"author":[{"embeddable":true,"href":"https:\/\/linitiative.ca\/International\/wp-json\/wp\/v2\/users\/1816"}],"replies":[{"embeddable":true,"href":"https:\/\/linitiative.ca\/International\/wp-json\/wp\/v2\/comments?post=76495"}],"version-history":[{"count":0,"href":"https:\/\/linitiative.ca\/International\/wp-json\/wp\/v2\/posts\/76495\/revisions"}],"wp:attachment":[{"href":"https:\/\/linitiative.ca\/International\/wp-json\/wp\/v2\/media?parent=76495"}],"wp:term":[{"taxonomy":"category","embeddable":true,"href":"https:\/\/linitiative.ca\/International\/wp-json\/wp\/v2\/categories?post=76495"},{"taxonomy":"post_tag","embeddable":true,"href":"https:\/\/linitiative.ca\/International\/wp-json\/wp\/v2\/tags?post=76495"}],"curies":[{"name":"wp","href":"https:\/\/api.w.org\/{rel}","templated":true}]}}