{"id":76496,"date":"2020-02-18T15:54:57","date_gmt":"2020-02-18T20:54:57","guid":{"rendered":"https:\/\/linitiative.ca\/International\/adaptation-au-changement-climatique-le-burkina-faso-a-son-plan-de-partenariat\/"},"modified":"2020-02-18T15:54:57","modified_gmt":"2020-02-18T20:54:57","slug":"adaptation-au-changement-climatique-le-burkina-faso-a-son-plan-de-partenariat","status":"publish","type":"post","link":"https:\/\/linitiative.ca\/International\/adaptation-au-changement-climatique-le-burkina-faso-a-son-plan-de-partenariat\/","title":{"rendered":"Adaptation au changement climatique : le Burkina Faso a son plan de partenariat"},"content":{"rendered":"<div class=\"td-post-featured-image\"><a href=\"https:\/\/i2.wp.com\/www.sidwaya.info\/wp-content\/uploads\/2020\/02\/1-34.jpg?fit=595%2C395&#038;ssl=1\" data-caption=\"\"><img loading=\"lazy\" decoding=\"async\" width=\"595\" height=\"395\" class=\"entry-thumb td-modal-image\" src=\"https:\/\/i2.wp.com\/www.sidwaya.info\/wp-content\/uploads\/2020\/02\/1-34.jpg?resize=595%2C395&#038;ssl=1\" srcset=\"https:\/\/i2.wp.com\/www.sidwaya.info\/wp-content\/uploads\/2020\/02\/1-34.jpg?w=595&#038;ssl=1 595w, https:\/\/i2.wp.com\/www.sidwaya.info\/wp-content\/uploads\/2020\/02\/1-34.jpg?resize=300%2C199&#038;ssl=1 300w\" sizes=\"auto, (max-width: 595px) 100vw, 595px\" alt=\"\" title=\"1\"\/><\/a><\/div>\n<p><strong>Le minist\u00e8re de l\u2019Environnement, de l\u2019Economie verte et du Changement climatique a organis\u00e9, le mardi 18 f\u00e9vrier 2020 \u00e0 Ouagadougou, un atelier national de validation du plan de partenariat de mise en \u0153uvre de la Contribution d\u00e9termin\u00e9e au niveau national (CDN) en lien avec l\u2019accord de Paris sur le climat.<\/strong><\/p>\n<p>R\u00e9solu \u00e0 appliquer l\u2019accord de Paris sur le climat qui vise \u00e0 maintenir le r\u00e9chauffement climatique \u00e0 2\u00b0c tout en poursuivant les efforts pour tendre vers 1,5\u00b0c, le Burkina Faso a adopt\u00e9 sa Contribution d\u00e9termin\u00e9e au niveau national (CDN) en 2015. Pour mettre en \u0153uvre ses engagements volontaires de r\u00e9duction des \u00e9missions de Gaz \u00e0 effet de serre (GES) et d\u2019adaptation aux impacts v\u00e9cus et attendus du changement climatique \u00e0 l\u2019horizon 2030, le pays des Hommes int\u00e8gres a \u00e9labor\u00e9 un plan de partenariat. Ce, avec l\u2019appui du NDC Partnership, une coalition de 166 pays et institutions mise en place \u00e0 la 22e Conf\u00e9rence des Parties \u00e0 la Convention-cadre des Nations unies sur le changement climatique (COP 22) dont le but est de mobiliser le soutien technique et financier en vue d\u2019atteindre les objectifs inscrits dans les CDN et ceux des Objectifs de d\u00e9veloppement durable (ODD) y relatifs.<\/p>\n<p>Ainsi, les acteurs de lutte contre le changement climatique et des partenaires techniques et financiers se sont r\u00e9unis, le mardi 18 f\u00e9vrier 2020 \u00e0 Ouagadougou, pour amender et valider le plan de partenariat au cours d\u2019un atelier national. S\u2019\u00e9talant de 2020 \u00e0 2023, le plan de partenariat se veut un outil de planification, de suivi et de coordination des actions des diff\u00e9rents partenaires. Il se positionne \u00e9galement comme un instrument de mobilisation des ressources pour les actions d\u2019adaptation et d\u2019att\u00e9nuation des effets du changement climatique. L\u2019objectif global de ce plan de partenariat est donc de permettre au Burkina Faso d\u2019atteindre les r\u00e9sultats escompt\u00e9s par sa CDN concernant les secteurs de l\u2019\u00e9nergie, l\u2019agriculture, l\u2019eau et l\u2019assainissement, l\u2019environnement, les ressources animales, la sant\u00e9, l\u2019habitat, les infrastructures et les transports.<\/p>\n<p><strong>Le soutien de NDC partnership<\/strong><\/p>\n<p>Aussi les acteurs impliqu\u00e9s dans sa mise en \u0153uvre sont constitu\u00e9s des pouvoirs publics, des organismes internationaux, des missions de coop\u00e9ration, des ONG et associations, des instituts et centres de recherche et le secteur priv\u00e9. Le secr\u00e9taire g\u00e9n\u00e9ral du minist\u00e8re en charge de l\u2019environnement, Dr Sibidou Sina, s\u2019est r\u00e9joui de la validation du plan de partenariat. Il a relev\u00e9 que son \u00e9laboration a suivi un processus participatif marqu\u00e9 par plusieurs \u00e9tapes dont l\u2019organisation d\u2019un atelier d\u2019information et de collecte de donn\u00e9es, la r\u00e9alisation d\u2019une cartographie des politiques, strat\u00e9gies, plans, projets et des principaux acteurs intervenant dans la lutte contre les effets du changement climatique, d\u2019une analyse des forces et faiblesses de la mise en \u0153uvre de la CDN, d\u2019une \u00e9tude sur l\u2019\u00e9tat des lieux de la mise en \u0153uvre de la CDN et des collectes de donn\u00e9es compl\u00e9mentaires aupr\u00e8s des services techniques et des personnes- ressources.<\/p>\n<p>Heureux de constater \u00ab le fort engagement \u00bb des parties prenantes nationales et des partenaires au d\u00e9veloppement du Burkina Faso, le repr\u00e9sentant du NDC Partnership, Romeo Bertolini a inform\u00e9 que son institution est d\u00e9termin\u00e9e \u00e0 soutenir les efforts de mise en \u0153uvre du CDN du pays des Hommes int\u00e8gres pour lutter contre les effets du changement climatique et \u00e0 honorer ses engagements pris pour faire progresser l\u2019accord de Paris et le programme de d\u00e9veloppement durable 2030. Rappelant que 2020 est \u00ab l\u2019ann\u00e9e de l\u2019action \u00bb, il a f\u00e9licit\u00e9 le Burkina Faso pour sa volont\u00e9 de r\u00e9viser ses objectifs nationaux et de consolider les bases de leurs mises en \u0153uvre effective dans les dix prochaines ann\u00e9es.<\/p>\n<p class=\"c1\"><strong>Eliane SOME<\/strong><br \/><strong>elianesome4@gmail.com<\/strong><\/p>\n<div class=\"td-a-rec td-a-rec-id-content_bottom tdi_30_6b4 td_block_template_1\"><img loading=\"lazy\" decoding=\"async\" class=\"aligncenter size-full wp-image-9623\" src=\"https:\/\/www.sidwaya.info\/wp-content\/uploads\/2019\/06\/Projet-bannie%CC%80re-Orange-mobile.jpg\" alt=\"\" width=\"728\" height=\"81\"\/><\/div>\n<p>Auteur: DD. Sidwaya<br \/>\n<a href=\"https:\/\/www.sidwaya.info\/blog\/2020\/02\/18\/adaptation-au-changement-climatique-le-burkina-faso-a-son-plan-de-partenariat\/\">Cliquez ici pour lire l&rsquo;article depuis sa source.<\/a><\/p>\n","protected":false},"excerpt":{"rendered":"<p>Le minist\u00e8re de l\u2019Environnement, de l\u2019Economie verte et du Changement climatique a organis\u00e9, le mardi 18 f\u00e9vrier 2020 \u00e0 Ouagadougou, un atelier national de validation du plan de partenariat de mise en \u0153uvre de la Contribution d\u00e9termin\u00e9e au niveau national (CDN) en lien avec l\u2019accord de Paris sur le climat. R\u00e9solu \u00e0 appliquer l\u2019accord de [&hellip;]<\/p>\n","protected":false},"author":1816,"featured_media":0,"comment_status":"closed","ping_status":"closed","sticky":false,"template":"","format":"standard","meta":{"fifu_image_url":"","fifu_image_alt":"","footnotes":""},"categories":[73,81],"tags":[],"class_list":["post-76496","post","type-post","status-publish","format-standard","hentry","category-actualite","category-burkina-faso"],"_links":{"self":[{"href":"https:\/\/linitiative.ca\/International\/wp-json\/wp\/v2\/posts\/76496","targetHints":{"allow":["GET"]}}],"collection":[{"href":"https:\/\/linitiative.ca\/International\/wp-json\/wp\/v2\/posts"}],"about":[{"href":"https:\/\/linitiative.ca\/International\/wp-json\/wp\/v2\/types\/post"}],"author":[{"embeddable":true,"href":"https:\/\/linitiative.ca\/International\/wp-json\/wp\/v2\/users\/1816"}],"replies":[{"embeddable":true,"href":"https:\/\/linitiative.ca\/International\/wp-json\/wp\/v2\/comments?post=76496"}],"version-history":[{"count":0,"href":"https:\/\/linitiative.ca\/International\/wp-json\/wp\/v2\/posts\/76496\/revisions"}],"wp:attachment":[{"href":"https:\/\/linitiative.ca\/International\/wp-json\/wp\/v2\/media?parent=76496"}],"wp:term":[{"taxonomy":"category","embeddable":true,"href":"https:\/\/linitiative.ca\/International\/wp-json\/wp\/v2\/categories?post=76496"},{"taxonomy":"post_tag","embeddable":true,"href":"https:\/\/linitiative.ca\/International\/wp-json\/wp\/v2\/tags?post=76496"}],"curies":[{"name":"wp","href":"https:\/\/api.w.org\/{rel}","templated":true}]}}