{"id":76498,"date":"2020-02-18T14:18:05","date_gmt":"2020-02-18T19:18:05","guid":{"rendered":"https:\/\/linitiative.ca\/International\/le-meilleur-journaliste-ivoirien-desormais-condamne-a-la-qualite-et-a-lexcellence\/"},"modified":"2020-02-18T14:18:05","modified_gmt":"2020-02-18T19:18:05","slug":"le-meilleur-journaliste-ivoirien-desormais-condamne-a-la-qualite-et-a-lexcellence","status":"publish","type":"post","link":"https:\/\/linitiative.ca\/International\/le-meilleur-journaliste-ivoirien-desormais-condamne-a-la-qualite-et-a-lexcellence\/","title":{"rendered":"Le meilleur journaliste ivoirien \u00abd\u00e9sormais condamn\u00e9 \u00e0 la qualit\u00e9 et \u00e0 l\u2019excellence\u00bb"},"content":{"rendered":"<div readability=\"32\">\n<p>Publi\u00e9 le 18.02.2020 \u00e0 20h18 par APA News<\/p>\n<\/div>\n<div readability=\"56\">\n<p>Le journaliste ivoirien Serge Kol\u00e9a de la Radiodiffusion t\u00e9l\u00e9vision ivoirienne ( RTI) qui a remport\u00e9 le prix du meilleur journaliste de C\u00f4te d\u2019Ivoire ( Super Ebony) \u00e0 l\u2019\u00e9dition 2019 de la nuit de la communication, est \u00ab d\u00e9sormais condamn\u00e9 \u00e0 la qualit\u00e9 et \u00e0 l\u2019excellence\u00bb, a estim\u00e9 Maurice Kouakou Bandaman, le ministre ivoirien de la Culture et de la Francophonie.\u00abVous avez couvert pratiquement toutes nos activit\u00e9s. Je vous f\u00e9licite et j\u2019\u00e9tends cela aux autres journalistes culturels qui relayent nos activit\u00e9s aupr\u00e8s des populations. Un prix \u00e0 son prix et vous \u00eates d\u00e9sormais condamn\u00e9s \u00e0 la qualit\u00e9 et \u00e0 l\u2019excellence\u00bb, a dit M. Bandaman \u00e0 M. Kol\u00e9a qui lui a pr\u00e9sent\u00e9 sa distinction, lundi, lors d\u2019une c\u00e9r\u00e9monie.<\/p>\n<p>\u00a0Poursuivant, il a soutenu que la carri\u00e8re du \u00ab Super Ebony\u00bb \u00abvient de commencer \u00bb avec cette cons\u00e9cration.<\/p>\n<p>De son c\u00f4t\u00e9, M. Kol\u00e9a en sa qualit\u00e9 de journaliste culturel, \u00a0a d\u00e9di\u00e9 son prix au minist\u00e8re de la Culture et de la Francophonie estimant que ce d\u00e9partement minist\u00e9riel a d\u00e9ploy\u00e9 beaucoup de moyens pour la promotion de la culture en C\u00f4te d\u2019Ivoire.<\/p>\n<p>Serg\u00e9 Kol\u00e9a a \u00e9t\u00e9 d\u00e9sign\u00e9 le meilleur journaliste de la C\u00f4te d\u2019Ivoire au titre de l\u2019ann\u00e9e 2019 au terme de la 21\u00e8 nuit de la communication qui a au lieu le 18 janvier dernier \u00e0 Yamoussoukro, la capitale politique et administrative ivoirienne.<\/p>\n<\/div>\n<p>Auteur: APA News<br \/>\n<a href=\"https:\/\/www.journalducameroun.com\/le-meilleur-journaliste-ivoirien-desormais-condamne-a-la-qualite-et-a-lexcellence\/\">Cliquez ici pour lire l&rsquo;article depuis sa source.<\/a><\/p>\n","protected":false},"excerpt":{"rendered":"<p>Publi\u00e9 le 18.02.2020 \u00e0 20h18 par APA News Le journaliste ivoirien Serge Kol\u00e9a de la Radiodiffusion t\u00e9l\u00e9vision ivoirienne ( RTI) qui a remport\u00e9 le prix du meilleur journaliste de C\u00f4te d\u2019Ivoire ( Super Ebony) \u00e0 l\u2019\u00e9dition 2019 de la nuit de la communication, est \u00ab d\u00e9sormais condamn\u00e9 \u00e0 la qualit\u00e9 et \u00e0 l\u2019excellence\u00bb, a estim\u00e9 [&hellip;]<\/p>\n","protected":false},"author":1965,"featured_media":0,"comment_status":"closed","ping_status":"closed","sticky":false,"template":"","format":"standard","meta":{"fifu_image_url":"","fifu_image_alt":"","footnotes":""},"categories":[73,82],"tags":[],"class_list":["post-76498","post","type-post","status-publish","format-standard","hentry","category-actualite","category-cameroun"],"_links":{"self":[{"href":"https:\/\/linitiative.ca\/International\/wp-json\/wp\/v2\/posts\/76498","targetHints":{"allow":["GET"]}}],"collection":[{"href":"https:\/\/linitiative.ca\/International\/wp-json\/wp\/v2\/posts"}],"about":[{"href":"https:\/\/linitiative.ca\/International\/wp-json\/wp\/v2\/types\/post"}],"author":[{"embeddable":true,"href":"https:\/\/linitiative.ca\/International\/wp-json\/wp\/v2\/users\/1965"}],"replies":[{"embeddable":true,"href":"https:\/\/linitiative.ca\/International\/wp-json\/wp\/v2\/comments?post=76498"}],"version-history":[{"count":0,"href":"https:\/\/linitiative.ca\/International\/wp-json\/wp\/v2\/posts\/76498\/revisions"}],"wp:attachment":[{"href":"https:\/\/linitiative.ca\/International\/wp-json\/wp\/v2\/media?parent=76498"}],"wp:term":[{"taxonomy":"category","embeddable":true,"href":"https:\/\/linitiative.ca\/International\/wp-json\/wp\/v2\/categories?post=76498"},{"taxonomy":"post_tag","embeddable":true,"href":"https:\/\/linitiative.ca\/International\/wp-json\/wp\/v2\/tags?post=76498"}],"curies":[{"name":"wp","href":"https:\/\/api.w.org\/{rel}","templated":true}]}}