{"id":76499,"date":"2020-02-18T14:50:02","date_gmt":"2020-02-18T19:50:02","guid":{"rendered":"https:\/\/linitiative.ca\/International\/angola-lex-president-dos-santos-defend-son-fils-et-un-ancien-haut-responsable\/"},"modified":"2020-02-18T14:50:02","modified_gmt":"2020-02-18T19:50:02","slug":"angola-lex-president-dos-santos-defend-son-fils-et-un-ancien-haut-responsable","status":"publish","type":"post","link":"https:\/\/linitiative.ca\/International\/angola-lex-president-dos-santos-defend-son-fils-et-un-ancien-haut-responsable\/","title":{"rendered":"Angola: l\u2019ex-pr\u00e9sident Dos Santos d\u00e9fend son fils et un ancien haut responsable"},"content":{"rendered":"<div readability=\"32\">\n<p>Publi\u00e9 le 18.02.2020 \u00e0 20h50 par AFP<\/p>\n<\/div>\n<div readability=\"106\">\n<p>L\u2019ancien pr\u00e9sident angolais Jos\u00e9 Eduardo Dos Santos a d\u00e9fendu par \u00e9crit son fils Jos\u00e9 Filomeno ainsi que l\u2019ex-gouverneur de la Banque centrale d\u2019Angola, jug\u00e9s \u00e0 Luanda pour corruption.<\/p>\n<p>Dans une r\u00e9ponse \u00e9crite \u00e0 des questions des juges datant du 6 f\u00e9vrier et pr\u00e9sent\u00e9e mardi au tribunal, l\u2019ex-pr\u00e9sident \u2013 qui vit en Espagne \u2013 affirme que son fils et l\u2019ex-gouverneur de la Banque centrale, Valter Filipe da Silva, ont agi \u00ab\u00a0pour am\u00e9liorer la vie du peuple\u00a0\u00bb angolais.<\/p>\n<p>Le fils de l\u2019ex-chef de l\u2019Etat, 42 ans, a dirig\u00e9 sous le r\u00e8gne de son p\u00e8re le fonds souverain angolais, charg\u00e9 d\u2019investir une partie des revenus du deuxi\u00e8me producteur de p\u00e9trole d\u2019Afrique subsaharienne.<\/p>\n<p>La justice l\u2019accuse d\u2019avoir d\u00e9tourn\u00e9 500 millions de dollars de fonds publics avec la complicit\u00e9 du gouverneur de la Banque centrale de l\u2019\u00e9poque, transf\u00e9r\u00e9s en Suisse.<\/p>\n<p>\u00ab\u00a0J\u2019ai autoris\u00e9 le transfert des 500 millions de dollars qui \u00e9taient uniquement destin\u00e9s \u00e0 garantir des investissements\u00a0\u00bb de 30 milliards de dollars, \u00e9crit l\u2019ex-pr\u00e9sident angolais. Cela \u00ab\u00a0a \u00e9t\u00e9 fait pour la situation \u00e9conomique du pays (\u2026) non pour l\u2019int\u00e9r\u00eat personnel de ceux qui ont ex\u00e9cut\u00e9\u00a0\u00bb ce transfert, ajoute-t-il.<\/p>\n<p>Il a affirm\u00e9 qu\u2019il avait ordonn\u00e9 \u00e0 M. da Silva de garder ces op\u00e9rations \u00ab\u00a0top secret\u00a0\u00bb, mais qu\u2019il en avait inform\u00e9 Joao Louren\u00e7o qui lui a succ\u00e9d\u00e9 en 2017.<\/p>\n<p>Selon Sergio Raimundo, avocat de l\u2019ex-gouverneur de la Banque centrale, la r\u00e9ponse de Jos\u00e9 Eduardo dos Santos \u00ab\u00a0confirme que ces op\u00e9rations faisaient partie du mandat donn\u00e9 par l\u2019ancien pr\u00e9sident\u00a0\u00bb et que son client n\u2019avait pas cherch\u00e9 \u00ab\u00a0\u00e0 voler de l\u2019argent\u00a0\u00bb.<\/p>\n<p>Plac\u00e9 en d\u00e9tention provisoire en septembre 2018, Jose Filomeno dos Santos a \u00e9t\u00e9 lib\u00e9r\u00e9 six mois plus tard dans l\u2019attente de son proc\u00e8s, qui s\u2019est ouvert en d\u00e9cembre 2019 \u00e0 Luanda. Le verdict doit \u00eatre prononc\u00e9 le 3 mars et le fils dos Santos risque jusqu\u2019\u00e0 douze ans de prison.<\/p>\n<p>L\u2019ancien chef de l\u2019Etat est accus\u00e9 par ses d\u00e9tracteurs d\u2019avoir mis le pays et son \u00e9conomie en coupe r\u00e9gl\u00e9e au profit d\u2019une poign\u00e9e de membres de sa famille et de proches.<\/p>\n<p>Mais, \u00e0 la surprise g\u00e9n\u00e9rale, le vent a commenc\u00e9 \u00e0 tourner d\u00e8s qu\u2019il a c\u00e9d\u00e9 la t\u00eate de l\u2019Etat \u00e0 son ministre de la D\u00e9fense Joao Louren\u00e7o \u00e0 l\u2019issue des \u00e9lections de 2017, \u00e9pilogue de 38 ans de r\u00e8gne.<\/p>\n<p>Son successeur a depuis \u00e9cart\u00e9 la garde rapproch\u00e9e de son pr\u00e9d\u00e9cesseur des instances dirigeantes du parti au pouvoir, des institutions et des entreprises publiques, au nom de la lutte contre la corruption.<\/p>\n<p>Isabel dos Santos, fille de l\u2019ex-pr\u00e9sident a \u00e9t\u00e9 d\u00e9barqu\u00e9e de la pr\u00e9sidence de la compagnie p\u00e9troli\u00e8re publique Sonangol en 2018.<\/p>\n<p>La justice a ordonn\u00e9 le gel spectaculaire de ses comptes bancaires et de ses avoirs dans toute une ribambelle de soci\u00e9t\u00e9s qu\u2019elle contr\u00f4le, dont les banques BIC et BFA et l\u2019op\u00e9rateur de t\u00e9l\u00e9phonie mobile Unitel.<\/p>\n<p>Elle soup\u00e7onne la milliardaire et son mari, l\u2019homme d\u2019affaires congolais Sindika Dokolo, d\u2019avoir d\u00e9tourn\u00e9 un milliard de dollars d\u2019argent public.<\/p>\n<\/div>\n<p>Auteur: AFP<br \/>\n<a href=\"https:\/\/www.journalducameroun.com\/angola-lex-president-dos-santos-defend-son-fils-et-un-ancien-haut-responsable\/\">Cliquez ici pour lire l&rsquo;article depuis sa source.<\/a><\/p>\n","protected":false},"excerpt":{"rendered":"<p>Publi\u00e9 le 18.02.2020 \u00e0 20h50 par AFP L\u2019ancien pr\u00e9sident angolais Jos\u00e9 Eduardo Dos Santos a d\u00e9fendu par \u00e9crit son fils Jos\u00e9 Filomeno ainsi que l\u2019ex-gouverneur de la Banque centrale d\u2019Angola, jug\u00e9s \u00e0 Luanda pour corruption. Dans une r\u00e9ponse \u00e9crite \u00e0 des questions des juges datant du 6 f\u00e9vrier et pr\u00e9sent\u00e9e mardi au tribunal, l\u2019ex-pr\u00e9sident \u2013 [&hellip;]<\/p>\n","protected":false},"author":1965,"featured_media":0,"comment_status":"closed","ping_status":"closed","sticky":false,"template":"","format":"standard","meta":{"fifu_image_url":"","fifu_image_alt":"","footnotes":""},"categories":[73,82],"tags":[],"class_list":["post-76499","post","type-post","status-publish","format-standard","hentry","category-actualite","category-cameroun"],"_links":{"self":[{"href":"https:\/\/linitiative.ca\/International\/wp-json\/wp\/v2\/posts\/76499","targetHints":{"allow":["GET"]}}],"collection":[{"href":"https:\/\/linitiative.ca\/International\/wp-json\/wp\/v2\/posts"}],"about":[{"href":"https:\/\/linitiative.ca\/International\/wp-json\/wp\/v2\/types\/post"}],"author":[{"embeddable":true,"href":"https:\/\/linitiative.ca\/International\/wp-json\/wp\/v2\/users\/1965"}],"replies":[{"embeddable":true,"href":"https:\/\/linitiative.ca\/International\/wp-json\/wp\/v2\/comments?post=76499"}],"version-history":[{"count":0,"href":"https:\/\/linitiative.ca\/International\/wp-json\/wp\/v2\/posts\/76499\/revisions"}],"wp:attachment":[{"href":"https:\/\/linitiative.ca\/International\/wp-json\/wp\/v2\/media?parent=76499"}],"wp:term":[{"taxonomy":"category","embeddable":true,"href":"https:\/\/linitiative.ca\/International\/wp-json\/wp\/v2\/categories?post=76499"},{"taxonomy":"post_tag","embeddable":true,"href":"https:\/\/linitiative.ca\/International\/wp-json\/wp\/v2\/tags?post=76499"}],"curies":[{"name":"wp","href":"https:\/\/api.w.org\/{rel}","templated":true}]}}