{"id":76500,"date":"2020-02-18T15:18:03","date_gmt":"2020-02-18T20:18:03","guid":{"rendered":"https:\/\/linitiative.ca\/International\/presidentielle-en-gbissau-la-cne-campe-sur-sa-position-et-saisit-la-cedeao\/"},"modified":"2020-02-18T15:18:03","modified_gmt":"2020-02-18T20:18:03","slug":"presidentielle-en-gbissau-la-cne-campe-sur-sa-position-et-saisit-la-cedeao","status":"publish","type":"post","link":"https:\/\/linitiative.ca\/International\/presidentielle-en-gbissau-la-cne-campe-sur-sa-position-et-saisit-la-cedeao\/","title":{"rendered":"Pr\u00e9sidentielle en G\u2019Bissau : La CNE campe sur sa position et saisit la CEDEAO"},"content":{"rendered":"<div readability=\"32\">\n<p>Publi\u00e9 le 18.02.2020 \u00e0 21h18 par APA News<\/p>\n<\/div>\n<div readability=\"58\">\n<p>En r\u00e9ponse \u00e0 l\u2019arr\u00eat\u00e9 de la Cour Supr\u00eame qui demandait un nouveau recomptage des voix, La commission nationale \u00e9lectorale (CNE) a d\u00e9cid\u00e9 de valider les r\u00e9sultats d\u00e9finitifs du second tour de la pr\u00e9sidentielle en Guin\u00e9e Bissau, estimant avoir fait ce travail sur demande de la CEDEAO.Selon la CNE, cette d\u00e9cision a \u00e9t\u00e9 ex\u00e9cut\u00e9e. Mais suite \u00e0 l\u2019impasse caus\u00e9e par l\u2019interpr\u00e9tation de son arr\u00eat\u00e9, une d\u00e9l\u00e9gation du comite de suivi de la mission de la CEDEAO en s\u00e9jour dans le pays le 30 janvier dernier, avait demand\u00e9 \u00e0 titre exceptionnel \u00e0 la CNE d\u2019effectuer la v\u00e9rification et la consolidation des donn\u00e9es r\u00e9gionales. La CNE, dans l\u2019accomplissement des souhaits de la CEDEAO, a proc\u00e9d\u00e9 le 4 f\u00e9vrier dernier \u00e0 la v\u00e9rification et la consolidation des donn\u00e9es comme l\u2019avait mentionn\u00e9 le point 10 du communiqu\u00e9 final de cette organisation sous r\u00e9gionale validant ainsi les r\u00e9sultats d\u00e9finitifs du second tour.<\/p>\n<p>Dans sa lettre, la CNE a rappel\u00e9 qu\u2019elle a \u00e9t\u00e9 notifi\u00e9 le 14 f\u00e9vrier dernier \u00e0 travers son avocat de l\u2019arr\u00eat\u00e9 No4\/20 \u00e0 la Cour Supr\u00eame de Justice qui exigeait l\u2019application scrupuleuse de l\u2019arr\u00eat\u00e9 No 01\/20, c\u2019est \u00e0 dire le recomptage des voix au niveau national.<\/p>\n<p>Presque deux mois apr\u00e8s le second tour, le camp des vainqueurs demande d\u00e9sormais \u00e0 la CEDEAO d\u2019imposer des sanctions contre ceux qui veulent emp\u00eacher l\u2019investiture du nouveau pr\u00e9sident Umaro Sissoco Embalo le 29 f\u00e9vrier prochain.<\/p>\n<p>Le candidat du Madem G15 a \u00e9t\u00e9 d\u00e9clar\u00e9 vainqueur par la CNE lors du second tour tenu le 29 d\u00e9cembre dernier avec 53,55% contre 46,45% pour Domingos Simoes Pereira du PAIGC au pouvoir.<\/p>\n<\/div>\n<p>Auteur: APA News<br \/>\n<a href=\"https:\/\/www.journalducameroun.com\/presidentielle-en-gbissau-la-cne-campe-sur-sa-position-et-saisit-la-cedeao\/\">Cliquez ici pour lire l&rsquo;article depuis sa source.<\/a><\/p>\n","protected":false},"excerpt":{"rendered":"<p>Publi\u00e9 le 18.02.2020 \u00e0 21h18 par APA News En r\u00e9ponse \u00e0 l\u2019arr\u00eat\u00e9 de la Cour Supr\u00eame qui demandait un nouveau recomptage des voix, La commission nationale \u00e9lectorale (CNE) a d\u00e9cid\u00e9 de valider les r\u00e9sultats d\u00e9finitifs du second tour de la pr\u00e9sidentielle en Guin\u00e9e Bissau, estimant avoir fait ce travail sur demande de la CEDEAO.Selon la [&hellip;]<\/p>\n","protected":false},"author":1965,"featured_media":0,"comment_status":"closed","ping_status":"closed","sticky":false,"template":"","format":"standard","meta":{"fifu_image_url":"","fifu_image_alt":"","footnotes":""},"categories":[73,82],"tags":[],"class_list":["post-76500","post","type-post","status-publish","format-standard","hentry","category-actualite","category-cameroun"],"_links":{"self":[{"href":"https:\/\/linitiative.ca\/International\/wp-json\/wp\/v2\/posts\/76500","targetHints":{"allow":["GET"]}}],"collection":[{"href":"https:\/\/linitiative.ca\/International\/wp-json\/wp\/v2\/posts"}],"about":[{"href":"https:\/\/linitiative.ca\/International\/wp-json\/wp\/v2\/types\/post"}],"author":[{"embeddable":true,"href":"https:\/\/linitiative.ca\/International\/wp-json\/wp\/v2\/users\/1965"}],"replies":[{"embeddable":true,"href":"https:\/\/linitiative.ca\/International\/wp-json\/wp\/v2\/comments?post=76500"}],"version-history":[{"count":0,"href":"https:\/\/linitiative.ca\/International\/wp-json\/wp\/v2\/posts\/76500\/revisions"}],"wp:attachment":[{"href":"https:\/\/linitiative.ca\/International\/wp-json\/wp\/v2\/media?parent=76500"}],"wp:term":[{"taxonomy":"category","embeddable":true,"href":"https:\/\/linitiative.ca\/International\/wp-json\/wp\/v2\/categories?post=76500"},{"taxonomy":"post_tag","embeddable":true,"href":"https:\/\/linitiative.ca\/International\/wp-json\/wp\/v2\/tags?post=76500"}],"curies":[{"name":"wp","href":"https:\/\/api.w.org\/{rel}","templated":true}]}}