{"id":76501,"date":"2020-02-18T16:18:05","date_gmt":"2020-02-18T21:18:05","guid":{"rendered":"https:\/\/linitiative.ca\/International\/congo-une-capacite-de-production-renforcee-pour-exporter-de-lelectricite\/"},"modified":"2020-02-18T16:18:05","modified_gmt":"2020-02-18T21:18:05","slug":"congo-une-capacite-de-production-renforcee-pour-exporter-de-lelectricite","status":"publish","type":"post","link":"https:\/\/linitiative.ca\/International\/congo-une-capacite-de-production-renforcee-pour-exporter-de-lelectricite\/","title":{"rendered":"Congo : une capacit\u00e9 de production renforc\u00e9e pour exporter de l\u2019\u00e9lectricit\u00e9"},"content":{"rendered":"<div readability=\"32\">\n<p>Publi\u00e9 le 18.02.2020 \u00e0 22h18 par APA News<\/p>\n<\/div>\n<div readability=\"68\">\n<p>La troisi\u00e8me turbine de la Centrale Electrique du Congo (CEC) d\u2019une capacit\u00e9 de 170 MW a \u00e9t\u00e9 mise en service ce mardi dans la ville oc\u00e9ane de Pointe-Noire, capitale \u00e9conomique du Congo, par le pr\u00e9sident Denis Sassou N\u2019Guesso en vue de maximiser la capacit\u00e9 \u00e9nerg\u00e9tique et offrir au pays la possibilit\u00e9 d\u2019exporter l\u2019\u00e9lectricit\u00e9 vers les pays voisins.\u00ab Avec la mise en service de cette troisi\u00e8me turbine, la capacit\u00e9 \u00e9nerg\u00e9tique de la soci\u00e9t\u00e9 CEC fruit du partenariat gouvernement Congolais (80%) et la soci\u00e9t\u00e9 p\u00e9troli\u00e8re ENI (20%) passe de 314 MW \u00e0 484 MW ce qui consolide le statut de cette soci\u00e9t\u00e9 en tant premier producteur d\u2019\u00e9lectricit\u00e9 au Congo \u00bb, a d\u00e9clar\u00e9 le ministre congolais de l\u2019hydraulique et de l\u2019\u00e9nergie, M Serges Blaise Zonaba.<\/p>\n<p>Selon le ministre congolais, \u00ab la CEC dispose \u00e0 pr\u00e9sent de quoi satisfaire les besoins \u00e9lectricit\u00e9 de pr\u00e8s 4 millions de congolais et peut en exporter une partie vers les pays de la sous r\u00e9gion \u00bb. Ceci entre dans la mise \u0153uvre de la politique gouvernementale visant \u00e0 offrir l\u2019\u00e9lectricit\u00e9 \u00e0 un plus grand nombre de Congolais. \u00bb<\/p>\n<p>Serges Blaise Zonaba a cependant plaid\u00e9 pour la mise place d\u2019un r\u00e9seau de distribution fiable \u00e0 mesure de transporter l\u2019\u00e9nergie produite vers les usagers.<\/p>\n<p>\u00ab Le r\u00e9seau de distribution, n\u00e9cessite de grands travaux de r\u00e9fection pour que l\u2019acc\u00e8s \u00e0 l\u2019\u00e9nergie pour tous soit effectif et que soit mis fin aux probl\u00e8mes de d\u00e9lestage que connait le pays \u00bb, a-t-il soulign\u00e9.<\/p>\n<p>Intervenant \u00e0 son tour, le responsable ENI pour l\u2019Afrique, M Guy de Ruisseau a souhait\u00e9 que le partenariat entre le Congo et ENI dans ce domaine soit p\u00e9rennis\u00e9. Il a \u00e9mis le v\u0153u de voir cette usine atteindre la capacit\u00e9 de 1000 MW avec en perspective la construction d\u2019une quatri\u00e8me turbine dont les \u00e9tudes de faisabilit\u00e9 sont d\u00e9j\u00e0 disponibles.<\/p>\n<p>Cette Centrale Electrique du Congo (CEC), a vue la pose de sa premi\u00e8re pierre en mai 2008. La 1\u00e8re turbine (GT1) et la 2\u00e8me (GT2) ont \u00e9t\u00e9 mises en service respectivement les 13 et 20 novembre 2010. Son inauguration officielle avait eu le 23 d\u00e9cembre 2011 par le pr\u00e9sident Denis Sassou N\u2019Guesso.<\/p>\n<\/div>\n<p>Auteur: APA News<br \/>\n<a href=\"https:\/\/www.journalducameroun.com\/congo-une-capacite-de-production-renforcee-pour-exporter-de-lelectricite\/\">Cliquez ici pour lire l&rsquo;article depuis sa source.<\/a><\/p>\n","protected":false},"excerpt":{"rendered":"<p>Publi\u00e9 le 18.02.2020 \u00e0 22h18 par APA News La troisi\u00e8me turbine de la Centrale Electrique du Congo (CEC) d\u2019une capacit\u00e9 de 170 MW a \u00e9t\u00e9 mise en service ce mardi dans la ville oc\u00e9ane de Pointe-Noire, capitale \u00e9conomique du Congo, par le pr\u00e9sident Denis Sassou N\u2019Guesso en vue de maximiser la capacit\u00e9 \u00e9nerg\u00e9tique et offrir [&hellip;]<\/p>\n","protected":false},"author":1965,"featured_media":0,"comment_status":"closed","ping_status":"closed","sticky":false,"template":"","format":"standard","meta":{"fifu_image_url":"","fifu_image_alt":"","footnotes":""},"categories":[73,82],"tags":[],"class_list":["post-76501","post","type-post","status-publish","format-standard","hentry","category-actualite","category-cameroun"],"_links":{"self":[{"href":"https:\/\/linitiative.ca\/International\/wp-json\/wp\/v2\/posts\/76501","targetHints":{"allow":["GET"]}}],"collection":[{"href":"https:\/\/linitiative.ca\/International\/wp-json\/wp\/v2\/posts"}],"about":[{"href":"https:\/\/linitiative.ca\/International\/wp-json\/wp\/v2\/types\/post"}],"author":[{"embeddable":true,"href":"https:\/\/linitiative.ca\/International\/wp-json\/wp\/v2\/users\/1965"}],"replies":[{"embeddable":true,"href":"https:\/\/linitiative.ca\/International\/wp-json\/wp\/v2\/comments?post=76501"}],"version-history":[{"count":0,"href":"https:\/\/linitiative.ca\/International\/wp-json\/wp\/v2\/posts\/76501\/revisions"}],"wp:attachment":[{"href":"https:\/\/linitiative.ca\/International\/wp-json\/wp\/v2\/media?parent=76501"}],"wp:term":[{"taxonomy":"category","embeddable":true,"href":"https:\/\/linitiative.ca\/International\/wp-json\/wp\/v2\/categories?post=76501"},{"taxonomy":"post_tag","embeddable":true,"href":"https:\/\/linitiative.ca\/International\/wp-json\/wp\/v2\/tags?post=76501"}],"curies":[{"name":"wp","href":"https:\/\/api.w.org\/{rel}","templated":true}]}}