{"id":76502,"date":"2020-02-18T17:50:02","date_gmt":"2020-02-18T22:50:02","guid":{"rendered":"https:\/\/linitiative.ca\/International\/a-pompei-des-thermes-romains-tires-de-loubli-avec-un-petit-squelette\/"},"modified":"2020-02-18T17:50:02","modified_gmt":"2020-02-18T22:50:02","slug":"a-pompei-des-thermes-romains-tires-de-loubli-avec-un-petit-squelette","status":"publish","type":"post","link":"https:\/\/linitiative.ca\/International\/a-pompei-des-thermes-romains-tires-de-loubli-avec-un-petit-squelette\/","title":{"rendered":"A Pomp\u00e9i, des thermes romains tir\u00e9s de l\u2019oubli avec un petit squelette\u2026"},"content":{"rendered":"<div readability=\"32\">\n<p>Publi\u00e9 le 18.02.2020 \u00e0 23h50 par AFP<\/p>\n<\/div>\n<div readability=\"151\">\n<p>Des thermes romains con\u00e7us pour \u00eatre le joyau de Pomp\u00e9i mais d\u00e9truits par l\u2019\u00e9ruption volcanique de l\u2019an 79 ont \u00e9t\u00e9 ouverts lundi au public, qui a aussi pu d\u00e9couvrir l\u2019\u00e9mouvante histoire d\u2019un petit squelette\u2026<\/p>\n<p>Piliers et blocs de marbre se trouvent l\u00e0 o\u00f9 ils ont \u00e9t\u00e9 laiss\u00e9s lorsque la cit\u00e9 antique fut submerg\u00e9e par les coul\u00e9es pyroclastiques du V\u00e9suve pendant la catastrophe.<\/p>\n<p>Il en est de m\u00eame du squelette d\u2019un enfant qui y avait cherch\u00e9 refuge en vain et a \u00e9t\u00e9 sorti de l\u2019oubli par la derni\u00e8re campagne de fouilles.<\/p>\n<p>Les architectes de l\u2019\u00e9poque \u00ab\u00a0s\u2019\u00e9taient inspir\u00e9s des thermes de l\u2019empereur N\u00e9ron \u00e0 Rome, les salles devaient \u00eatre plus grandes et plus l\u00e9g\u00e8res, avec des bassins de marbre\u00a0\u00bb, a d\u00e9clar\u00e9 \u00e0 l\u2019AFP le directeur du site arch\u00e9ologique de Pomp\u00e9i, Massimo Osanna.<\/p>\n<p>\u00ab\u00a0Ce furent des fouilles charg\u00e9es d\u2019\u00e9motion\u00a0\u00bb, a d\u00e9clar\u00e9 pour sa part Alberta Martellone, l\u2019arch\u00e9ologue qui a dirig\u00e9 un anthropologue, un g\u00e9ologue et un vulcanologue dans l\u2019\u00e9tude du squelette de l\u2019enfant, mort entre huit et dix ans.<\/p>\n<p>\u00ab\u00a0Il ou elle cherchait un abri et au lieu de cela a trouv\u00e9 la mort\u00a0\u00bb, raconte-t-elle.<\/p>\n<p>\u2013 \u00ab\u00a0Vie interrompue\u00a0\u00bb \u2013<\/p>\n<p>Ces fouilles ont aussi \u00e9t\u00e9 \u00ab\u00a0\u00e9mouvantes d\u2019un point de vue architectural, parce qu\u2019il est inhabituel de trouver un b\u00e2timent aussi grand, avec des pi\u00e8ces aussi vastes, dans cette ville construite de mani\u00e8re si dense\u00a0\u00bb, explique l\u2019arch\u00e9ologue.<\/p>\n<p>Le chantier avec son petit squelette est \u00ab\u00a0le symbole d\u2019une vie interrompue\u00a0\u00bb.<\/p>\n<p>A l\u2019origine, les bains publics de la ville \u00e9taient plus petits, sombres et souvent surpeupl\u00e9s. Le nouveau complexe aurait fourni un cadre plus luxueux \u00e0 ceux qui en avaient les moyens, \u00e0 savoir la plupart des citoyens, mais pas les esclaves.<\/p>\n<p>Des fouilles r\u00e9centes \u00e0 Pomp\u00e9i ont abouti \u00e0 plusieurs d\u00e9couvertes importantes, y compris une inscription d\u00e9couverte l\u2019an pass\u00e9 qui prouve que la cit\u00e9 a \u00e9t\u00e9 d\u00e9truite apr\u00e8s le 17 octobre 79 et non le 24 ao\u00fbt comme on le pensait jusque-l\u00e0.<\/p>\n<p>Il y a quelques semaines, les arch\u00e9ologues ont d\u00e9couvert une fresque repr\u00e9sentant un gladiateur en armure se tenant debout victorieux alors que du corps de son adversaire terrass\u00e9 jaillissait le sang.<\/p>\n<p>La fresque se trouve dans ce qui \u00e9tait, il y a 20 si\u00e8cles, une taverne qui devait accueillir combattants et prostitu\u00e9es.<\/p>\n<p>En plus des thermes, le public peut depuis lundi visiter une petite domus (demeure) avec une fresque repr\u00e9sentant l\u2019union du dieu Jupiter transform\u00e9 en cygne et L\u00e9da, l\u2019\u00e9pouse de l\u2019\u00e9pouse de Tyndare roi de Sparte.<\/p>\n<p>De l\u2019autre c\u00f4t\u00e9 de la rue du V\u00e9suve, la surprenante Maison des cupidons d\u2019or a rouvert ses portes apr\u00e8s des travaux r\u00e9alis\u00e9s sur ses sols en mosa\u00efque.<\/p>\n<p>\u2013 Le d\u00e9fi du climat \u2013<\/p>\n<p>Alors que les chasseurs de tr\u00e9sors ont pill\u00e9 Pomp\u00e9i \u00e0 travers les si\u00e8cles \u00e0 la recherche de bijoux ou d\u2019objets pr\u00e9cieux, des zones enti\u00e8res du site restent aujourd\u2019hui encore inexplor\u00e9es.<\/p>\n<p>Chaque d\u00e9couverte aide les historiens \u00e0 comprendre non seulement ce qu\u2019\u00e9tait la vie dans l\u2019antique cit\u00e9, mais aussi ce qui s\u2019est pass\u00e9 dans ses derni\u00e8res heures tragiques, lorsque le ciel s\u2019est charg\u00e9 de feu et de cendres, a expliqu\u00e9 Massimo Osanna.<\/p>\n<p>Le projet Grand Pomp\u00e9i, financ\u00e9 en partie par l\u2019UE, s\u2019ach\u00e8vera \u00e0 la fin de l\u2019ann\u00e9e, mais le gouvernement italien a allou\u00e9 32 millions d\u2019euros pour la poursuite des fouilles.<\/p>\n<p>Les \u00e9v\u00e9nements m\u00e9t\u00e9orologiques violents caus\u00e9s par le changement climatique \u00ab\u00a0sont notre plus grand d\u00e9fi\u00a0\u00bb, a ajout\u00e9 M. Osanna, dont le nouveau livre \u00ab\u00a0Pomp\u00e9i, il tempo ritrovato\u00a0\u00bb (Pompe\u00ef le temps retrouv\u00e9, Rizzoli) d\u00e9crit la course pour pr\u00e9server ce site vuln\u00e9rable inscrit sur la liste du patrimoine mondial de l\u2019UNESCO.<\/p>\n<p>\u00ab\u00a0Nous avons 50 personnes \u2013 restaurateurs, arch\u00e9ologues, architectes, ing\u00e9nieurs \u2013 sur place en permanence, qui effectuent des inspections et interviennent si n\u00e9cessaire, et ce nombre passera \u00e0 70 l\u2019ann\u00e9e prochaine\u00a0\u00bb, a-t-il pr\u00e9cis\u00e9.<\/p>\n<p>La cit\u00e9 de ruines, pr\u00e8s de Naples, est le deuxi\u00e8me site touristique le plus visit\u00e9 d\u2019Italie, derri\u00e8re le Colis\u00e9e de Rome, avec un peu moins de quatre millions de visiteurs en 2019.<\/p>\n<\/div>\n<p>Auteur: AFP<br \/>\n<a href=\"https:\/\/www.journalducameroun.com\/a-pompei-des-thermes-romains-tires-de-loubli-avec-un-petit-squelette\/\">Cliquez ici pour lire l&rsquo;article depuis sa source.<\/a><\/p>\n","protected":false},"excerpt":{"rendered":"<p>Publi\u00e9 le 18.02.2020 \u00e0 23h50 par AFP Des thermes romains con\u00e7us pour \u00eatre le joyau de Pomp\u00e9i mais d\u00e9truits par l\u2019\u00e9ruption volcanique de l\u2019an 79 ont \u00e9t\u00e9 ouverts lundi au public, qui a aussi pu d\u00e9couvrir l\u2019\u00e9mouvante histoire d\u2019un petit squelette\u2026 Piliers et blocs de marbre se trouvent l\u00e0 o\u00f9 ils ont \u00e9t\u00e9 laiss\u00e9s lorsque [&hellip;]<\/p>\n","protected":false},"author":1965,"featured_media":0,"comment_status":"closed","ping_status":"closed","sticky":false,"template":"","format":"standard","meta":{"fifu_image_url":"","fifu_image_alt":"","footnotes":""},"categories":[73,82],"tags":[],"class_list":["post-76502","post","type-post","status-publish","format-standard","hentry","category-actualite","category-cameroun"],"_links":{"self":[{"href":"https:\/\/linitiative.ca\/International\/wp-json\/wp\/v2\/posts\/76502","targetHints":{"allow":["GET"]}}],"collection":[{"href":"https:\/\/linitiative.ca\/International\/wp-json\/wp\/v2\/posts"}],"about":[{"href":"https:\/\/linitiative.ca\/International\/wp-json\/wp\/v2\/types\/post"}],"author":[{"embeddable":true,"href":"https:\/\/linitiative.ca\/International\/wp-json\/wp\/v2\/users\/1965"}],"replies":[{"embeddable":true,"href":"https:\/\/linitiative.ca\/International\/wp-json\/wp\/v2\/comments?post=76502"}],"version-history":[{"count":0,"href":"https:\/\/linitiative.ca\/International\/wp-json\/wp\/v2\/posts\/76502\/revisions"}],"wp:attachment":[{"href":"https:\/\/linitiative.ca\/International\/wp-json\/wp\/v2\/media?parent=76502"}],"wp:term":[{"taxonomy":"category","embeddable":true,"href":"https:\/\/linitiative.ca\/International\/wp-json\/wp\/v2\/categories?post=76502"},{"taxonomy":"post_tag","embeddable":true,"href":"https:\/\/linitiative.ca\/International\/wp-json\/wp\/v2\/tags?post=76502"}],"curies":[{"name":"wp","href":"https:\/\/api.w.org\/{rel}","templated":true}]}}