{"id":76503,"date":"2020-02-18T04:08:07","date_gmt":"2020-02-18T09:08:07","guid":{"rendered":"https:\/\/linitiative.ca\/International\/orange-cameroun-sommee-de-baisser-les-couts-des-appels-et-sms\/"},"modified":"2020-02-18T04:08:07","modified_gmt":"2020-02-18T09:08:07","slug":"orange-cameroun-sommee-de-baisser-les-couts-des-appels-et-sms","status":"publish","type":"post","link":"https:\/\/linitiative.ca\/International\/orange-cameroun-sommee-de-baisser-les-couts-des-appels-et-sms\/","title":{"rendered":"Orange Cameroun somm\u00e9e de baisser les co\u00fbts des appels et SMS"},"content":{"rendered":"<div class=\"featured-area featured-area-inner\"><img loading=\"lazy\" decoding=\"async\" width=\"587\" height=\"252\" src=\"https:\/\/i2.wp.com\/ecomatin.net\/wp-content\/uploads\/2020\/02\/Orange-Cameroon.png?resize=587%2C252&#038;ssl=1&#038;is-pending-load=1\" class=\"attachment-jannah-image-post size-jannah-image-post wp-post-image jetpack-lazy-image\" alt=\"\" data-lazy-srcset=\"https:\/\/i2.wp.com\/ecomatin.net\/wp-content\/uploads\/2020\/02\/Orange-Cameroon.png?w=587&#038;ssl=1 587w, https:\/\/i2.wp.com\/ecomatin.net\/wp-content\/uploads\/2020\/02\/Orange-Cameroon.png?resize=300%2C129&#038;ssl=1 300w\" data-lazy-sizes=\"(max-width: 587px) 100vw, 587px\" srcset=\"data:image\/gif;base64,R0lGODlhAQABAIAAAAAAAP\/\/\/yH5BAEAAAAALAAAAAABAAEAAAIBRAA7\"\/> Orange Cameroun<\/div>\n<div class=\"entry-content entry clearfix\" readability=\"63.549084077\">\n<p class=\"yiv5092320020ydp3046ef5yiv1834181442MsoNormal\">L\u2019Agence de R\u00e9gulation des T\u00e9l\u00e9communications (<strong>ART<\/strong>), attend d\u2019Orange Cameroun un catalogue d\u2019interconnexion actualis\u00e9. C\u2019est du moins ce que renseigne la correspondance du directeur g\u00e9n\u00e9ral\u00a0<strong>Philemon Zo\u2019o Zame<\/strong>\u00a0dat\u00e9e du 8 janvier 2020.\u00a0\u00ab\u2009L\u2019offre 2020 destin\u00e9e aux op\u00e9rateurs titulaires de concession n\u2019a pas \u00e9t\u00e9 re\u00e7ue et l\u2019offre 2019 destin\u00e9e aux fournisseurs de services de communication \u00e9lectronique n\u2019est pas conforme aux dispositions des d\u00e9cisions n\u00b0 00173 et 174\/ART\/DG\/DLC\/SDIICE\/SIAR du 02 octobre 2019 fixant les tarifs plafonds des offres tarifaires du catalogue d\u2019interconnexion et d\u2019acc\u00e8s pour les SMS MT (Mobile Terminating), Bulk SMS, codes USSD et la grille de partage de revenus de la surtaxe sur les services voix, SMS et USSD de l\u2019exercice 2019\u2009\u00bb, \u00e9crit le DG de l\u2019ART.<\/p>\n<p class=\"yiv5092320020ydp3046ef5yiv1834181442MsoNormal\">Comme \u00e9nonc\u00e9 par \u00ab\u00a0Investir au Cameroun\u00a0\u00bb, l\u2019ART relate qu\u2019Orange Cameroun lui a adress\u00e9 son projet de catalogue d\u2019interconnexion, qui est un outil permettant d\u2019assurer la r\u00e9gulation fonctionnelle et harmonieuse de l\u2019interconnexion, de l\u2019acc\u00e8s et du partage des infrastructures des r\u00e9seaux de communications \u00e9lectroniques ouverts au public. Ce document reconduisait in extenso les offres tarifaires d\u2019interconnexion de l\u2019exercice 2018, soit 22 FCFA\/min en heures pleines, 20 FCFA\/min en heures creuses pour la voix et 6 FCFA pour le SMS.<\/p>\n<p class=\"yiv5092320020ydp3046ef5yiv1834181442MsoNormal\">En r\u00e9ponse \u00e0 cette offre, l\u2019ART a recommand\u00e9 \u00e0 Orange Cameroun de baisser de 45% les tarifs de la terminaison d\u2019appel voix, soit 12 FCFA en heures pleines et 10 FCFA en heures creuses\u2009; de 25% ceux de la terminaison des SMS\u2009; ainsi que ceux des liaisons lou\u00e9es urbains et interurbains.<\/p>\n<p class=\"yiv5092320020ydp3046ef5yiv1834181442MsoNormal\">Orange avait alors soumis \u00e0 l\u2019Agence par correspondance du 15 mai 2019, son projet de catalogue d\u2019interconnexion r\u00e9vis\u00e9, mais qui ne respectait pas les recommandations formul\u00e9es plus haut. Orange n\u2019entendait pas baisser ses tarifs de terminaison d\u2019appel de l\u2019ordre de 45%, alors qu\u2019elle consent d\u2019\u00e9normes investissements pour le d\u00e9veloppement de son r\u00e9seau.<\/p>\n<div class=\"sharedaddy sd-sharing-enabled robots-nocontent sd-block sd-social sd-social-icon-text sd-sharing\">\n<h3 class=\"sd-title\">Partager\u00a0:<\/h3>\n<\/div>\n<p><h3 class=\"jp-relatedposts-headline\"><em>Articles similaires<\/em><\/h3>\n<\/p>\n<\/div>\n<div class=\"toggle-post-content clearfix\"><a id=\"toggle-post-button\" class=\"button\" href=\"#\">Afficher plus <\/a><\/div>\n<p>Auteur: Joel Abissek<br \/>\n<a href=\"https:\/\/ecomatin.net\/orange-cameroun-sommee-de-baisser-les-couts-des-appels-et-sms\/\">Cliquez ici pour lire l&rsquo;article depuis sa source.<\/a><\/p>\n","protected":false},"excerpt":{"rendered":"<p>Orange Cameroun L\u2019Agence de R\u00e9gulation des T\u00e9l\u00e9communications (ART), attend d\u2019Orange Cameroun un catalogue d\u2019interconnexion actualis\u00e9. C\u2019est du moins ce que renseigne la correspondance du directeur g\u00e9n\u00e9ral\u00a0Philemon Zo\u2019o Zame\u00a0dat\u00e9e du 8 janvier 2020.\u00a0\u00ab\u2009L\u2019offre 2020 destin\u00e9e aux op\u00e9rateurs titulaires de concession n\u2019a pas \u00e9t\u00e9 re\u00e7ue et l\u2019offre 2019 destin\u00e9e aux fournisseurs de services de communication \u00e9lectronique n\u2019est [&hellip;]<\/p>\n","protected":false},"author":1969,"featured_media":0,"comment_status":"closed","ping_status":"closed","sticky":false,"template":"","format":"standard","meta":{"fifu_image_url":"","fifu_image_alt":"","footnotes":""},"categories":[82,78],"tags":[],"class_list":["post-76503","post","type-post","status-publish","format-standard","hentry","category-cameroun","category-economie"],"_links":{"self":[{"href":"https:\/\/linitiative.ca\/International\/wp-json\/wp\/v2\/posts\/76503","targetHints":{"allow":["GET"]}}],"collection":[{"href":"https:\/\/linitiative.ca\/International\/wp-json\/wp\/v2\/posts"}],"about":[{"href":"https:\/\/linitiative.ca\/International\/wp-json\/wp\/v2\/types\/post"}],"author":[{"embeddable":true,"href":"https:\/\/linitiative.ca\/International\/wp-json\/wp\/v2\/users\/1969"}],"replies":[{"embeddable":true,"href":"https:\/\/linitiative.ca\/International\/wp-json\/wp\/v2\/comments?post=76503"}],"version-history":[{"count":0,"href":"https:\/\/linitiative.ca\/International\/wp-json\/wp\/v2\/posts\/76503\/revisions"}],"wp:attachment":[{"href":"https:\/\/linitiative.ca\/International\/wp-json\/wp\/v2\/media?parent=76503"}],"wp:term":[{"taxonomy":"category","embeddable":true,"href":"https:\/\/linitiative.ca\/International\/wp-json\/wp\/v2\/categories?post=76503"},{"taxonomy":"post_tag","embeddable":true,"href":"https:\/\/linitiative.ca\/International\/wp-json\/wp\/v2\/tags?post=76503"}],"curies":[{"name":"wp","href":"https:\/\/api.w.org\/{rel}","templated":true}]}}