{"id":76504,"date":"2020-02-19T08:40:23","date_gmt":"2020-02-19T13:40:23","guid":{"rendered":"https:\/\/linitiative.ca\/International\/syan-luka-un-acteur-autodidacte-et-accompli\/"},"modified":"2020-02-19T08:40:23","modified_gmt":"2020-02-19T13:40:23","slug":"syan-luka-un-acteur-autodidacte-et-accompli","status":"publish","type":"post","link":"https:\/\/linitiative.ca\/International\/syan-luka-un-acteur-autodidacte-et-accompli\/","title":{"rendered":"Syan Luka, un acteur autodidacte et accompli"},"content":{"rendered":"<p><img decoding=\"async\" class=\"post_layout_5_img\" src=\"http:\/\/aujourdhui.ma\/wp-content\/uploads\/2020\/02\/Lartiste-franco-marocain-Syan-Luka.jpg?x29840\" alt=\"Syan Luka, un acteur autodidacte et accompli\"\/><\/p>\n<p class=\"p1\"><span class=\"c5\"><strong><span class=\"c4\"><em>L\u2019artiste franco-marocain se fraie un chemin doucement mais s\u00fbrement<\/em><\/span><\/strong><\/span><span id=\"more-333836\"\/><\/p>\n<div class=\"base-box mom_box_sc_custom mom_box_sc clear c6\" readability=\"10\">\n<p class=\"p1\"><span class=\"s1\"><strong>Le grand public le conna\u00eet pour avoir fait le bonheur de la s\u00e9rie\u00a0<\/strong><\/span><span class=\"s1\"><strong>\u00e0 succ\u00e8s \u00abGuyane\u00bb de Canal Plus.\u00a0<\/strong><\/span><span class=\"s1\"><strong>Il y campe le r\u00f4le d\u2019un Br\u00e9silien,\u00a0<\/strong><\/span><span class=\"s1\"><strong>un personnage qui l\u2019oblige\u00a0<\/strong><\/span><span class=\"s1\"><strong>\u00e0 apprendre le portugais br\u00e9silien.\u00a0<\/strong><\/span><span class=\"s1\"><strong>Un apprentissage qui vaut la peine.<\/strong><\/span><\/p>\n<\/div>\n<p class=\"p1\"><span class=\"s1\">Le jeune acteur franco-marocain Syan Luka, de son vrai nom<span class=\"Apple-converted-space\">\u00a0<\/span> Soufiane Ait, vient de terminer le tournage d\u2019un long-m\u00e9trage fran\u00e7ais avec Aline Bendahar. Une \u0153uvre dans laquelle il se produit apr\u00e8s avoir s\u00e9duit dans la s\u00e9rie \u00abGuyane\u00bb de Canal Plus. Une performance qu\u2019il suit d\u2019une autre sur les planches avec \u00abJ\u2019appelle mes fr\u00e8res\u00bb de Jonas Hassen Khemiri, \u00e9galement Obie Award Winner.<\/span><\/p>\n<p class=\"p1\"><span class=\"s1\">En se produisant dans le nouveau long-m\u00e9trage sur le grand \u00e9cran, le jeune artiste, Syan Luka, qui semble charismatique, prouve \u00eatre \u00abpassionn\u00e9 et t\u00e9m\u00e9raire\u00bb comme il se qualifie. C\u2019est donc une \u00e9toile montante marocaine bien qu\u2019elle se fraie son chemin doucement mais s\u00fbrement.<\/span><\/p>\n<p class=\"p1\"><span class=\"s1\">D\u00e9j\u00e0, le grand public le conna\u00eet pour avoir fait le bonheur de la s\u00e9rie \u00e0 succ\u00e8s \u00abGuyane\u00bb de Canal Plus. Il y campe le r\u00f4le d\u2019un Br\u00e9silien, un personnage qui l\u2019oblige \u00e0 apprendre le portugais br\u00e9silien. Un apprentissage qui vaut la peine. Un d\u00e9fi qu\u2019il rel\u00e8ve haut la main puisque l\u2019acteur aime jouer dangereusement et visc\u00e9ralement. Un trait de caract\u00e8re qu\u2019il doit \u00e0 une enfance pas des plus faciles. <em>\u00abJe venais de quitter le Sahara et d\u2019arriver en France. Je ne parlais pas encore le fran\u00e7ais. Il y avait une collection de cassettes VHS dans la maison o\u00f9 je vivais. Cela a \u00e9t\u00e9 mon premier contact avec l\u2019image. J\u2019\u00e9tais litt\u00e9ralement hypnotis\u00e9. Comme j\u2019\u00e9tais limit\u00e9 par la langue, j\u2019\u00e9tais alerte et r\u00e9ceptif \u00e0 tout ce que les films offraient, au-del\u00e0 des mots : ce que la mise en sc\u00e8ne laissait deviner, ce que la musique racontait\u00bb,<\/em> confie l\u2019acteur qui dit avoir quitt\u00e9 sa Zagora natale \u00e0 cause d\u2019un probl\u00e8me de sant\u00e9.<\/span><\/p>\n<p class=\"p1\"><span class=\"s1\">Pour apprendre la langue fran\u00e7aise, il ne faisait que m\u00e9moriser les r\u00e9pliques de Walt Disney. Il a commenc\u00e9 \u00e0 travailler tr\u00e8s t\u00f4t. Il s\u2019est inscrit \u00e0 Paris aux auditions d\u2019un professeur r\u00e9put\u00e9 qui avait d\u00e9couvert les v\u00e9t\u00e9rans du cin\u00e9ma et de l\u2019art dans l\u2019Hexagone \u00e0 l\u2019instar de G\u00e9rard Depardieu, Isabelle Huppert, Fabrice Lucchini et Daniel Auteuil.\u00a0<\/span><\/p>\n<p class=\"p1\"><span class=\"s1\">Pour l\u2019heure, le jeune acteur, qui vient de terminer la pi\u00e8ce de th\u00e9\u00e2tre de Jonas Hassen Khemiri, attend la sortie du long-m\u00e9trage fran\u00e7ais dont le lancement est pr\u00e9vu en fin d\u2019ann\u00e9e. Une sortie qu\u2019il doit attendre sur des charbons ardents. Et ce n\u2019est pas tout. Syan Luka travaille \u00e9galement sur un roman qu\u2019il compte sortir au courant de cette ann\u00e9e. De quoi se forger une carri\u00e8re d\u2019artiste polyvalent, autodidacte et accompli dont les ambitions semblent \u00eatre sans limites.<\/span><\/p>\n<p>Auteur: ALM<br \/>\n<a href=\"http:\/\/aujourdhui.ma\/culture\/syan-luka-un-acteur-autodidacte-et-accompli\">Cliquez ici pour lire l&rsquo;article depuis sa source.<\/a><\/p>\n","protected":false},"excerpt":{"rendered":"<p>L\u2019artiste franco-marocain se fraie un chemin doucement mais s\u00fbrement Le grand public le conna\u00eet pour avoir fait le bonheur de la s\u00e9rie\u00a0\u00e0 succ\u00e8s \u00abGuyane\u00bb de Canal Plus.\u00a0Il y campe le r\u00f4le d\u2019un Br\u00e9silien,\u00a0un personnage qui l\u2019oblige\u00a0\u00e0 apprendre le portugais br\u00e9silien.\u00a0Un apprentissage qui vaut la peine. Le jeune acteur franco-marocain Syan Luka, de son vrai nom\u00a0 [&hellip;]<\/p>\n","protected":false},"author":1759,"featured_media":0,"comment_status":"closed","ping_status":"closed","sticky":false,"template":"","format":"standard","meta":{"fifu_image_url":"","fifu_image_alt":"","footnotes":""},"categories":[73,54],"tags":[],"class_list":["post-76504","post","type-post","status-publish","format-standard","hentry","category-actualite","category-maroc"],"_links":{"self":[{"href":"https:\/\/linitiative.ca\/International\/wp-json\/wp\/v2\/posts\/76504","targetHints":{"allow":["GET"]}}],"collection":[{"href":"https:\/\/linitiative.ca\/International\/wp-json\/wp\/v2\/posts"}],"about":[{"href":"https:\/\/linitiative.ca\/International\/wp-json\/wp\/v2\/types\/post"}],"author":[{"embeddable":true,"href":"https:\/\/linitiative.ca\/International\/wp-json\/wp\/v2\/users\/1759"}],"replies":[{"embeddable":true,"href":"https:\/\/linitiative.ca\/International\/wp-json\/wp\/v2\/comments?post=76504"}],"version-history":[{"count":0,"href":"https:\/\/linitiative.ca\/International\/wp-json\/wp\/v2\/posts\/76504\/revisions"}],"wp:attachment":[{"href":"https:\/\/linitiative.ca\/International\/wp-json\/wp\/v2\/media?parent=76504"}],"wp:term":[{"taxonomy":"category","embeddable":true,"href":"https:\/\/linitiative.ca\/International\/wp-json\/wp\/v2\/categories?post=76504"},{"taxonomy":"post_tag","embeddable":true,"href":"https:\/\/linitiative.ca\/International\/wp-json\/wp\/v2\/tags?post=76504"}],"curies":[{"name":"wp","href":"https:\/\/api.w.org\/{rel}","templated":true}]}}