{"id":76506,"date":"2020-02-19T09:40:30","date_gmt":"2020-02-19T14:40:30","guid":{"rendered":"https:\/\/linitiative.ca\/International\/meteor-airlines-lance-warru\/"},"modified":"2020-02-19T09:40:30","modified_gmt":"2020-02-19T14:40:30","slug":"meteor-airlines-lance-warru","status":"publish","type":"post","link":"https:\/\/linitiative.ca\/International\/meteor-airlines-lance-warru\/","title":{"rendered":"Meteor Airlines lance \u00abWarru\u00bb"},"content":{"rendered":"<p><img decoding=\"async\" class=\"post_layout_5_img\" src=\"http:\/\/aujourdhui.ma\/wp-content\/uploads\/2020\/02\/Meteor-Airlines-lance-Warru-.jpg?x29840\" alt=\"Meteor Airlines lance \u00abWarru\u00bb\"\/><\/p>\n<p class=\"p1\"><span class=\"c4\"><strong><em>Le groupe comm\u00e9more en musique\u00a0<\/em><em>le 87<sup>\u00e8me<\/sup> anniversaire de la bataille Bougafer<\/em><\/strong><\/span><span id=\"more-333825\"\/><\/p>\n<div class=\"base-box mom_box_sc_custom mom_box_sc clear c5\" readability=\"8\">\n<p class=\"p1\"><strong><em>\u00abWarru\u00bb est un voyage dans le temps et dans l\u2019espace. Le groupe essaye \u00e0 la fois et avec finesse de capturer le drame des cons\u00e9quences et la beaut\u00e9 des motivations.<\/em><\/strong><\/p>\n<\/div>\n<p class=\"p2\"><span class=\"s1\">La bataille de Bougafer demeure l\u2019un des \u00e9v\u00e9nements historiques m\u00e9morables de la r\u00e9sistance marocaine face aux colonisateurs. En envahissant le sud-est marocain, il y a 87 ans, l\u2019arm\u00e9e fran\u00e7aise s\u2019\u00e9tait retrouv\u00e9e face aux combattants hardis des tribus d\u2019A\u00eft Atta, qui refusaient toute sorte de soumission. Ces hommes et femmes s\u2019\u00e9taient positionn\u00e9s dans les montagnes de Bougafer comme endroit strat\u00e9gique inaccessible \u00e0 l\u2019ennemi. Celui-ci recourt aux bombardements a\u00e9riens pour mettre fin \u00e0 cette opposition qui s\u2019\u00e9tait \u00e9tal\u00e9e sur une quarantaine de jours. Aujourd\u2019hui, le groupe de rock Meteor Airlines, issu de la m\u00eame r\u00e9gion, rend hommage \u00e0 la bravoure des anc\u00eatres et aux victimes de ce souvenir tragique. <em>\u00abLe titre Warru est une c\u00e9l\u00e9bration des valeurs inscrites dans les g\u00e8nes des Amazighs, qui signifient hommes libres.<\/em><\/span><\/p>\n<p class=\"p2\"><span class=\"s1\"><em>En f\u00e9vrier 1933, l\u2019envie de jouir de cette libert\u00e9 \u00e9tait exprim\u00e9e avec des armes. En f\u00e9vrier 2020, nous l\u2019exprimons avec indulgence \u00e0 travers notre musique\u00bb,<\/em> indiquent les membres du groupe. En effet, \u00abWarru\u00bb est un voyage dans le temps et dans l\u2019espace. Le groupe essaye \u00e0 la fois et avec finesse de capturer le drame des cons\u00e9quences et la beaut\u00e9 des motivations. L\u2019inutilit\u00e9 de la violence et l\u2019importance de s\u2019attacher \u00e0 sa terre natale. L\u2019absurdit\u00e9 du pass\u00e9 et l\u2019espoir du futur. En effet, c\u2019est cette ambivalence d\u2019\u00e9motions qui d\u00e9finit la qualit\u00e9 intrins\u00e8que du morceau et \u00e9tend sa perception au multidimensionnel. Les chants de la m\u00e9moire collective chant\u00e9s en 1933, retravaill\u00e9s en 2020 et les images archiv\u00e9es des faits, marcott\u00e9es sur une musique originale donnent un aspect audacieux au groupe Meteor Airlines qui vise \u00e0 pr\u00e9server l\u2019h\u00e9ritage artistique historique amazigh via cette chanson.<\/span><\/p>\n<p class=\"p2\"><span class=\"s1\">Pour rappel,<span class=\"Apple-converted-space\">\u00a0<\/span> Meteor Airlines est un groupe de rock marocain, originaire de Kelaat M\u2019gouna, form\u00e9 en 2016 par ses membres actuels : le pianiste et vocaliste Davie Jones, le guitariste Cherrystone et le bassiste Ian Penev. En d\u00e9cembre 2017, la compagnie commence \u00e0 publier des singles qu\u2019elle appela Flights ou \u00abVols\u00bb. Elle en poss\u00e8de actuellement quatre en anglais et deux en leur langue maternelle l\u2019amazigh, en plus de leur album South by Southeast sorti en novembre 2018. La musique du groupe fait la synth\u00e8se entre le rock et des rythmes propres au sud-est marocain. Les paroles traitent des th\u00e9matiques principalement li\u00e9es \u00e0 ces origines telles que le climat dur, la mis\u00e8re, l\u2019immigration, la fraternit\u00e9 et l\u2019amour.<\/span><\/p>\n<p>Auteur: Siham Jadraoui<br \/>\n<a href=\"http:\/\/aujourdhui.ma\/culture\/musique\/meteor-airlines-lance-warru\">Cliquez ici pour lire l&rsquo;article depuis sa source.<\/a><\/p>\n","protected":false},"excerpt":{"rendered":"<p>Le groupe comm\u00e9more en musique\u00a0le 87\u00e8me anniversaire de la bataille Bougafer \u00abWarru\u00bb est un voyage dans le temps et dans l\u2019espace. Le groupe essaye \u00e0 la fois et avec finesse de capturer le drame des cons\u00e9quences et la beaut\u00e9 des motivations. La bataille de Bougafer demeure l\u2019un des \u00e9v\u00e9nements historiques m\u00e9morables de la r\u00e9sistance marocaine [&hellip;]<\/p>\n","protected":false},"author":1759,"featured_media":0,"comment_status":"closed","ping_status":"closed","sticky":false,"template":"","format":"standard","meta":{"fifu_image_url":"","fifu_image_alt":"","footnotes":""},"categories":[73,54],"tags":[],"class_list":["post-76506","post","type-post","status-publish","format-standard","hentry","category-actualite","category-maroc"],"_links":{"self":[{"href":"https:\/\/linitiative.ca\/International\/wp-json\/wp\/v2\/posts\/76506","targetHints":{"allow":["GET"]}}],"collection":[{"href":"https:\/\/linitiative.ca\/International\/wp-json\/wp\/v2\/posts"}],"about":[{"href":"https:\/\/linitiative.ca\/International\/wp-json\/wp\/v2\/types\/post"}],"author":[{"embeddable":true,"href":"https:\/\/linitiative.ca\/International\/wp-json\/wp\/v2\/users\/1759"}],"replies":[{"embeddable":true,"href":"https:\/\/linitiative.ca\/International\/wp-json\/wp\/v2\/comments?post=76506"}],"version-history":[{"count":0,"href":"https:\/\/linitiative.ca\/International\/wp-json\/wp\/v2\/posts\/76506\/revisions"}],"wp:attachment":[{"href":"https:\/\/linitiative.ca\/International\/wp-json\/wp\/v2\/media?parent=76506"}],"wp:term":[{"taxonomy":"category","embeddable":true,"href":"https:\/\/linitiative.ca\/International\/wp-json\/wp\/v2\/categories?post=76506"},{"taxonomy":"post_tag","embeddable":true,"href":"https:\/\/linitiative.ca\/International\/wp-json\/wp\/v2\/tags?post=76506"}],"curies":[{"name":"wp","href":"https:\/\/api.w.org\/{rel}","templated":true}]}}