{"id":76507,"date":"2020-02-19T10:05:51","date_gmt":"2020-02-19T15:05:51","guid":{"rendered":"https:\/\/linitiative.ca\/International\/bmw-lance-son-imposant-x6-au-maroc\/"},"modified":"2020-02-19T10:05:51","modified_gmt":"2020-02-19T15:05:51","slug":"bmw-lance-son-imposant-x6-au-maroc","status":"publish","type":"post","link":"https:\/\/linitiative.ca\/International\/bmw-lance-son-imposant-x6-au-maroc\/","title":{"rendered":"BMW lance son imposant X6 au Maroc"},"content":{"rendered":"<p><img decoding=\"async\" class=\"post_layout_5_img\" src=\"http:\/\/aujourdhui.ma\/wp-content\/uploads\/2020\/02\/BMW-X6.jpg?x29840\" alt=\"BMW lance son imposant X6 au Maroc\"\/><\/p>\n<p class=\"p1\"><span class=\"s1 c4\"><strong>Avis aux amoureux de la marque allemande<\/strong><\/span><span id=\"more-333865\"\/><\/p>\n<div class=\"base-box mom_box_sc_custom mom_box_sc clear c6\" readability=\"23\">\n<p class=\"p1\"><span class=\"c5\"><strong><span class=\"s1\"><em>Smeia d\u00e9marre l\u2019ann\u00e9e 2020 sous le signe de la robustesse avec le lancement sur le march\u00e9 marocain de son nouveau BMW X6. Charismatique et s\u00e9duisante, cette nouvelle voiture en impose. En termes de confort, tous les \u00e9l\u00e9ments sont r\u00e9unis pour attirer le c\u0153ur de cible de la marque et au-del\u00e0. Le luxe et le raffinement n\u2019ont aucun secret pour la nouvelle BMW X6 qui constitue la troisi\u00e8me g\u00e9n\u00e9ration d\u2019un segment innovant : le Sports Activity Coup\u00e9 (SAC). Le X6 sera produit \u00e0 l\u2019usine BMW Group de Spartanburg, aux \u00c9tats-Unis. Pour son lancement au Maroc, il est disponible en 3 finitions, Heritage, xLine et Pack M. En termes de motorisation, sont propos\u00e9s actuellement le X6 30d, X6 40i, X6 M50d, X6 M50i, ainsi que la radicale X6 M. Ainsi, le X6 a \u00e9t\u00e9 lanc\u00e9 par le r\u00e9seau Smeia BMW le 17 f\u00e9vrier 2020 \u00e0 un prix d\u00e9marrant \u00e0 838.000,00 DH.<\/em><\/span><\/strong><\/span><\/p>\n<\/div>\n<p class=\"p1\"><span class=\"c7\"><strong><span class=\"s1\">Un design et un style plus affirm\u00e9s<\/span><\/strong><\/span><\/p>\n<p class=\"p2\"><span class=\"s2\">En termes de design, The X6 se d\u00e9marque par des formes plus g\u00e9n\u00e9reuses. Compar\u00e9 \u00e0 la g\u00e9n\u00e9ration pr\u00e9c\u00e9dente, le nouveau BMW X6 s\u2019allonge de 26 mm (4.935 mm) et s\u2019\u00e9largit de 15 mm (2.004 mm). Abaiss\u00e9 de 6 mm (1.696 mm), il dispose de proportions particuli\u00e8rement dynamiques. L\u2019empattement s\u2019accro\u00eet de 42 mm (2.975 mm). Le X6 est muni des projecteurs laser avec \u00e9clairage \u00e0 LED adaptatif propos\u00e9s en option.<\/span><\/p>\n<p class=\"p2\"><span class=\"s2\">Il b\u00e9n\u00e9ficie de phares laser avec faisceau s\u00e9lectif offrant une fonction feux de route anti-\u00e9blouissement et une port\u00e9e accrue d\u2019environ 500 m. Les projecteurs de la marque allemande se distinguent par les \u00e9l\u00e9ments bleus en forme de X situ\u00e9s \u00e0 l\u2019int\u00e9rieur des doubles phares BMW caract\u00e9ristiques lui donnant un regard per\u00e7ant. Ses jantes 19 pouces en alliage l\u00e9ger sont fournies de s\u00e9rie. Des variantes allant de 20 \u00e0 22 pouces sont disponibles en option, explique la marque. Pour ce qui est des BMW X6 M50i et BMW X6 M50d, ils sont \u00e9quip\u00e9s de s\u00e9rie de jantes 21 pouces en alliage l\u00e9ger. Par ailleurs, les finitions xLine et M Sport, qui se diff\u00e9rencient par des signatures stylistiques distinctives, sont \u00e9galement propos\u00e9es.<\/span><\/p>\n<p><a href=\"http:\/\/aujourdhui.ma\/wp-content\/uploads\/2020\/02\/BMW-X6-1-1.jpg?x29840\"><img loading=\"lazy\" decoding=\"async\" class=\"size-full wp-image-333884 aligncenter\" src=\"http:\/\/aujourdhui.ma\/wp-content\/uploads\/2020\/02\/BMW-X6-1-1.jpg?x29840\" alt=\"\" width=\"746\" height=\"380\" srcset=\"http:\/\/aujourdhui.ma\/wp-content\/uploads\/2020\/02\/BMW-X6-1-1.jpg 746w, http:\/\/aujourdhui.ma\/wp-content\/uploads\/2020\/02\/BMW-X6-1-1-300x153.jpg 300w\" sizes=\"auto, (max-width: 746px) 100vw, 746px\"\/><\/a><\/p>\n<p class=\"p1\"><span class=\"c7\"><strong><span class=\"s1\">Int\u00e9rieur centr\u00e9 sur le confort des passagers<\/span><\/strong><\/span><\/p>\n<p class=\"p2\"><span class=\"s2\">BMW est d\u2019abord un \u00e9tat d\u2019esprit qui s\u2019affirme \u00e0 travers l\u2019atmosph\u00e8re exclusive qu\u2019elle offre. Ainsi, le cockpit r\u00e9interpr\u00e8te le design ax\u00e9 sur le conducteur typique de BMW en proposant des \u00e9l\u00e9ments de commande r\u00e9agenc\u00e9s au design repens\u00e9. Le X6 est \u00e9quip\u00e9 de s\u00e9rie de la sellerie en cuir Vernasca. L\u2019int\u00e9rieur du v\u00e9hicule se d\u00e9marque aussi par la configuration 40\/20\/40 de la banquette arri\u00e8re rabattable, qui permet de faire passer la capacit\u00e9 du coffre de 580 \u00e0 1.530 litres.<\/span><\/p>\n<p class=\"p2\"><span class=\"s2\">De m\u00eame, de nombreux \u00e9quipements et fonctionnalit\u00e9s sont disponibles en option, tels que les si\u00e8ges multifonctions avec fonction massage pour le conducteur et le passager avant, la climatisation automatique 4 zones, les porte-boissons chauffant et r\u00e9frig\u00e9rant, les applications en verre CraftedClarity, le toit panoramique en verre \u00abSky Lounge\u00bb, le Pack Parfums d\u2019ambiance et le syst\u00e8me audio Bowers &#038; Wilkins Diamond+ 3D Surround.<\/span><\/p>\n<p class=\"p1\"><span class=\"c7\"><strong><span class=\"s1\">Puissance dans la motorisation<\/span><\/strong><\/span><\/p>\n<p class=\"p2\"><span class=\"s2\">Cette nouvelle voiture dispose de quatre variantes de motorisation : deux moteurs essence et deux moteurs diesel derni\u00e8re g\u00e9n\u00e9ration. <em>\u00abGr\u00e2ce \u00e0 son V8 essence de conception nouvelle d\u00e9veloppant 530 ch, BMW X6 M50i (consommation de carburant en cycle mixte : 11,5 l\/100 km ; \u00e9missions de CO2 en cycle mixte : 263 g\/km) s\u2019impose d\u2019ores et d\u00e9j\u00e0 comme le fleuron de la nouvelle g\u00e9n\u00e9ration\u00bb<\/em>, indique la marque allemande ajoutant que BMW X6 M50d (consommation de carburant en cycle mixte : 7,2 l\/100 km ; \u00e9missions de CO2 en cycle mixte : 191 g\/km) est quant \u00e0 lui dot\u00e9 d\u2019un moteur diesel six cylindres en ligne d\u00e9veloppant 400 ch dot\u00e9 de quatre turbocompresseurs.<\/span><\/p>\n<p class=\"p2\"><span class=\"s2\">Du c\u00f4t\u00e9 du BMW X6 xDrive40i (consommation de carburant en cycle mixte : 9,0 l\/100 km ; \u00e9missions de CO2 en cycle mixte : 206 g\/km), il embarque un bloc essence six cylindres en ligne d\u00e9livrant 340 ch. Pour ce qui est du BMW X6 xDrive30d (consommation de carburant en cycle mixte : 6,6 \u2013 6,1 l\/100 km ; \u00e9missions de CO2 en cycle mixte : 180 g\/km), il est \u00e9quip\u00e9 d\u2019un moteur diesel six cylindres en ligne d\u00e9veloppant 265 ch. <em>\u00abFourni de s\u00e9rie sur les deux mod\u00e8les M, le syst\u00e8me d\u2019\u00e9chappement M Sport est propos\u00e9 en option pour les autres versions du BMW X6 et est \u00e9galement inclus dans la finition M Sport. Ce syst\u00e8me d\u2019\u00e9chappement offre au BMW X6 une acoustique unique et riche en \u00e9motions\u00bb<\/em>, souligne le constructeur.<\/span><\/p>\n<p><a href=\"http:\/\/aujourdhui.ma\/wp-content\/uploads\/2020\/02\/BMW-X6-.jpg?x29840\"><img loading=\"lazy\" decoding=\"async\" class=\"size-full wp-image-333883 aligncenter\" src=\"http:\/\/aujourdhui.ma\/wp-content\/uploads\/2020\/02\/BMW-X6-.jpg?x29840\" alt=\"\" width=\"746\" height=\"380\" srcset=\"http:\/\/aujourdhui.ma\/wp-content\/uploads\/2020\/02\/BMW-X6-.jpg 746w, http:\/\/aujourdhui.ma\/wp-content\/uploads\/2020\/02\/BMW-X6--300x153.jpg 300w\" sizes=\"auto, (max-width: 746px) 100vw, 746px\"\/><\/a><\/p>\n<p>Auteur: Ouchagour Leila<br \/>\n<a href=\"http:\/\/aujourdhui.ma\/automobile\/bmw-lance-son-imposant-x6-au-maroc\">Cliquez ici pour lire l&rsquo;article depuis sa source.<\/a><\/p>\n","protected":false},"excerpt":{"rendered":"<p>Avis aux amoureux de la marque allemande Smeia d\u00e9marre l\u2019ann\u00e9e 2020 sous le signe de la robustesse avec le lancement sur le march\u00e9 marocain de son nouveau BMW X6. Charismatique et s\u00e9duisante, cette nouvelle voiture en impose. En termes de confort, tous les \u00e9l\u00e9ments sont r\u00e9unis pour attirer le c\u0153ur de cible de la marque [&hellip;]<\/p>\n","protected":false},"author":1759,"featured_media":0,"comment_status":"closed","ping_status":"closed","sticky":false,"template":"","format":"standard","meta":{"fifu_image_url":"","fifu_image_alt":"","footnotes":""},"categories":[73,54],"tags":[],"class_list":["post-76507","post","type-post","status-publish","format-standard","hentry","category-actualite","category-maroc"],"_links":{"self":[{"href":"https:\/\/linitiative.ca\/International\/wp-json\/wp\/v2\/posts\/76507","targetHints":{"allow":["GET"]}}],"collection":[{"href":"https:\/\/linitiative.ca\/International\/wp-json\/wp\/v2\/posts"}],"about":[{"href":"https:\/\/linitiative.ca\/International\/wp-json\/wp\/v2\/types\/post"}],"author":[{"embeddable":true,"href":"https:\/\/linitiative.ca\/International\/wp-json\/wp\/v2\/users\/1759"}],"replies":[{"embeddable":true,"href":"https:\/\/linitiative.ca\/International\/wp-json\/wp\/v2\/comments?post=76507"}],"version-history":[{"count":0,"href":"https:\/\/linitiative.ca\/International\/wp-json\/wp\/v2\/posts\/76507\/revisions"}],"wp:attachment":[{"href":"https:\/\/linitiative.ca\/International\/wp-json\/wp\/v2\/media?parent=76507"}],"wp:term":[{"taxonomy":"category","embeddable":true,"href":"https:\/\/linitiative.ca\/International\/wp-json\/wp\/v2\/categories?post=76507"},{"taxonomy":"post_tag","embeddable":true,"href":"https:\/\/linitiative.ca\/International\/wp-json\/wp\/v2\/tags?post=76507"}],"curies":[{"name":"wp","href":"https:\/\/api.w.org\/{rel}","templated":true}]}}