{"id":76508,"date":"2020-02-19T10:21:16","date_gmt":"2020-02-19T15:21:16","guid":{"rendered":"https:\/\/linitiative.ca\/International\/cash-plus-accompagne-le-groupe-fnaire-pour-leur-20-ans-de-carriere-a-paris\/"},"modified":"2020-02-19T10:21:16","modified_gmt":"2020-02-19T15:21:16","slug":"cash-plus-accompagne-le-groupe-fnaire-pour-leur-20-ans-de-carriere-a-paris","status":"publish","type":"post","link":"https:\/\/linitiative.ca\/International\/cash-plus-accompagne-le-groupe-fnaire-pour-leur-20-ans-de-carriere-a-paris\/","title":{"rendered":"Cash Plus accompagne le groupe Fnaire pour leur 20 ans de carri\u00e8re \u00e0 Paris"},"content":{"rendered":"<header>\n<div class=\"entry-post-meta\">\n<div class=\"author-link\">Publi\u00e9 par <a itemprop=\"author\" itemscope=\"\" itemtype=\"https:\/\/schema.org\/Person\" href=\"http:\/\/aujourdhui.ma\/profile\/kaid\" rel=\"author\"><span itemprop=\"name\">ALM<\/span><\/a><\/div>\n<p>Date\u00a0:<time content=\"2020-02-19T16:21:16+00:00\" class=\"entry-date updated\" datetime=\"2020-02-19T16:21:16+00:00\">f\u00e9vrier 19, 2020<\/time><\/p>\n<div class=\"entry-cat\">dans:<a href=\"http:\/\/aujourdhui.ma\/category\/culture\" rel=\"category tag\">Culture<\/a><\/div>\n<p>0Vues<\/p>\n<\/div>\n<\/header>\n<div class=\"entry-content clearfix\" readability=\"52\"><img decoding=\"async\" class=\"post_layout_5_img\" src=\"http:\/\/aujourdhui.ma\/wp-content\/uploads\/2020\/02\/Fnaire-Paris-sce%CC%80ne-de-lOlympia.jpg?x29840\" alt=\"Cash Plus accompagne le groupe Fnaire pour leur 20 ans de carri\u00e8re \u00e0 Paris\"\/><\/p>\n<p><span class=\"c4\"><strong>Le Groupe Al Fnaire, en partenariat avec Cash Plus et Western Union, f\u00eate ses 20 ans de dons et la sc\u00e8ne artistique, le 20 f\u00e9vrier sur la sc\u00e8ne de l\u2019Olympia, la plus grande salle d\u2019exposition d\u2019art de Paris.<\/strong><\/span><span id=\"more-333942\"\/><\/p>\n<p>Apr\u00e8s Caftan 2019 et les NICKELDEON CHOICE AWARDS \u00e0 Abu Dhabi et la c\u00e9r\u00e9monie de tol\u00e9rance \u00e0 Agadir, Fnaire se r\u00e9unira pour pr\u00e9senter Un nouveau spectacle sur le th\u00e8me marocain-Bollywood.<\/p>\n<p>Le concert comprendra pour la premi\u00e8re fois une performance de la danseuse et actrice marocaine canadienne Nora Fathi.<\/p>\n<p>Ce grand concert, en partenariat avec les \u00e9v\u00e9nements de Mars, mettra en vedette l\u2019humour et le sourire \u00e0 travers l\u2019humoriste Paso.com, un m\u00e9lange lyrique et charismatique de l\u2019h\u00e9ritage marocain et de la magie des couleurs.<\/p>\n<\/div>\n<p>Auteur: ALM<br \/>\n<a href=\"http:\/\/aujourdhui.ma\/culture\/cash-plus-accompagne-le-groupe-fnaire-pour-leur-20-ans-de-carriere-a-paris\">Cliquez ici pour lire l&rsquo;article depuis sa source.<\/a><\/p>\n","protected":false},"excerpt":{"rendered":"<p>Publi\u00e9 par ALM Date\u00a0:f\u00e9vrier 19, 2020 dans:Culture 0Vues Le Groupe Al Fnaire, en partenariat avec Cash Plus et Western Union, f\u00eate ses 20 ans de dons et la sc\u00e8ne artistique, le 20 f\u00e9vrier sur la sc\u00e8ne de l\u2019Olympia, la plus grande salle d\u2019exposition d\u2019art de Paris. Apr\u00e8s Caftan 2019 et les NICKELDEON CHOICE AWARDS \u00e0 [&hellip;]<\/p>\n","protected":false},"author":1759,"featured_media":0,"comment_status":"closed","ping_status":"closed","sticky":false,"template":"","format":"standard","meta":{"fifu_image_url":"","fifu_image_alt":"","footnotes":""},"categories":[73,54],"tags":[],"class_list":["post-76508","post","type-post","status-publish","format-standard","hentry","category-actualite","category-maroc"],"_links":{"self":[{"href":"https:\/\/linitiative.ca\/International\/wp-json\/wp\/v2\/posts\/76508","targetHints":{"allow":["GET"]}}],"collection":[{"href":"https:\/\/linitiative.ca\/International\/wp-json\/wp\/v2\/posts"}],"about":[{"href":"https:\/\/linitiative.ca\/International\/wp-json\/wp\/v2\/types\/post"}],"author":[{"embeddable":true,"href":"https:\/\/linitiative.ca\/International\/wp-json\/wp\/v2\/users\/1759"}],"replies":[{"embeddable":true,"href":"https:\/\/linitiative.ca\/International\/wp-json\/wp\/v2\/comments?post=76508"}],"version-history":[{"count":0,"href":"https:\/\/linitiative.ca\/International\/wp-json\/wp\/v2\/posts\/76508\/revisions"}],"wp:attachment":[{"href":"https:\/\/linitiative.ca\/International\/wp-json\/wp\/v2\/media?parent=76508"}],"wp:term":[{"taxonomy":"category","embeddable":true,"href":"https:\/\/linitiative.ca\/International\/wp-json\/wp\/v2\/categories?post=76508"},{"taxonomy":"post_tag","embeddable":true,"href":"https:\/\/linitiative.ca\/International\/wp-json\/wp\/v2\/tags?post=76508"}],"curies":[{"name":"wp","href":"https:\/\/api.w.org\/{rel}","templated":true}]}}