{"id":76509,"date":"2020-02-19T06:38:05","date_gmt":"2020-02-19T11:38:05","guid":{"rendered":"https:\/\/linitiative.ca\/International\/square-mohamed-abdou-les-jours-malheureux-dun-jardin-prime-de-casablanca%ef%bb%bf\/"},"modified":"2020-02-19T06:38:05","modified_gmt":"2020-02-19T11:38:05","slug":"square-mohamed-abdou-les-jours-malheureux-dun-jardin-prime-de-casablanca%ef%bb%bf","status":"publish","type":"post","link":"https:\/\/linitiative.ca\/International\/square-mohamed-abdou-les-jours-malheureux-dun-jardin-prime-de-casablanca%ef%bb%bf\/","title":{"rendered":"Square Mohamed Abdou: \u00abLes jours malheureux d\u2019un jardin prim\u00e9 de Casablanca\u00bb\ufeff"},"content":{"rendered":"<p class=\"c2\"><strong>Karim Ben Amar<\/strong><\/p>\n<p class=\"has-text-color c3\"><strong>Le parc Mohamed Abdou square entretenu par les habitants du quartier ainsi qu\u2019une partie des commerces et des institutions mitoyennes, ne connait pas des jours heureux, et pour cause: certains commerces avoisinant le jardin d\u00e9versent leurs ordures au beau milieu du poumon du quartier Palmier.\u00a0 T\u00e9moignage.<\/strong><\/p>\n<p>Le square Mohamed Abdou, situ\u00e9 entre le Centre culturel fran\u00e7ais et la CGEM, dans le quartier Palmier, est l\u2019un des rares espaces verts de la capitale \u00e9conomique du Royaume.<\/p>\n<p>En plus d\u2019\u00eatre le poumon du quartier Palmier, le Square Mohamed Abdou \u00e0 la particularit\u00e9 d\u2019\u00eatre entretenu par les riverains et certains commerces mitoyens.<\/p>\n<p>Or, voici d\u00e9j\u00e0 quelques semaines d\u00e9j\u00e0, certains commerces jouxtant le parc, d\u00e9versent sans vergogne d\u2019immenses sacs d\u2019ordures au beau milieu de cet espace vert o\u00f9 les riverains font leur sport, et o\u00f9 les passants fl\u00e2nent o\u00f9 d\u00e9jeunent lors de la pause de midi.<\/p>\n<p>Contact\u00e9 par Al Bayane, le pr\u00e9sident de l\u2019association \u00absquare Mohamed Abdou\u00bb, Said Kerdoudi a d\u00e9clar\u00e9 que \u00abce projet citoyen a \u00e9t\u00e9 cr\u00e9e il a pr\u00e8s de 20 ans gr\u00e2ce \u00e0 la participation de l\u2019ensemble des r\u00e9sidants du quartier ainsi que de quelques soci\u00e9t\u00e9 citoyenne mitoyenne\u00a0 et des autorit\u00e9s locales\u00bb.<\/p>\n<p>\u00abIl y a deux d\u00e9cennies, ce parc \u00e9tait \u00e0 l\u2019abandon et repr\u00e9sentait un quasi- danger\u00a0 public. Apr\u00e8s quelques ann\u00e9es et l\u2019effort du voisinage, on a r\u00e9ussi un beau projet\u00bb a-t-il affirm\u00e9.<\/p>\n<p>Le pr\u00e9sident de l\u2019association a indiqu\u00e9 que le jardin a \u00e9t\u00e9 r\u00e9nov\u00e9 par les \u00e9tudiants en horticulture de Bordeaux.<\/p>\n<p>Quant aux montants vers\u00e9s par les riverains, Said Kerdoudi assure que \u00abl\u2019ensemble des r\u00e9sidants \u00e0 travers leur syndic contribue par une modique somme pour l\u2019entretien du square\u00bb. Et d\u2019ajouter que \u00abl\u2019adh\u00e9sion de tous permet d\u2019assumer le gardiennage, le nettoyage et le jardinage\u00bb.<\/p>\n<p>Mais voil\u00e0, apr\u00e8s des jours heureux, le parc Mohamed Abdou connait une p\u00e9riode critique.<\/p>\n<p>\u00abCertains commerces ne participe pas \u00e0 la pr\u00e9servation de ce square. Plus que \u00e7a, ils jettent sans aucune g\u00eane, les ordures au beau milieu de cet espace-vert\u00a0\u00bb.<\/p>\n<p>Ce jardin qui a \u00e9t\u00e9 prim\u00e9 \u00e0 de nombreuses reprises, meilleur jardin de la Wilaya de Casablanca est d\u00e9sormais malmen\u00e9 par des restaurateurs irresponsables.<\/p>\n<p>\u00abSi l\u2019activit\u00e9 de ces commerces est au beau fixe, c\u2019est en grande partie gr\u00e2ce \u00e0 cet espace-vert. La propret\u00e9 de ce square attire la client\u00e8le\u00bb tonne-t-il.<\/p>\n<p>En conclusion, le pr\u00e9sident de l\u2019association du \u00absquare Mohamed Abdou\u00bb exhorte les commerces mitoyens qui ne sont pas \u00e0 jours de leurs capitations de r\u00e9gulariser leur situation afin de continuer de b\u00e9n\u00e9ficier d\u2019un square propre, square qui ravit la client\u00e8le.<\/p>\n<p>Auteur: M&rsquo;hammed rahal<br \/>\n<a href=\"http:\/\/albayane.press.ma\/square-mohamed-abdou-les-jours-malheureux-dun-jardin-prime-de-casablanca%EF%BB%BF.html\">Cliquez ici pour lire l&rsquo;article depuis sa source.<\/a><\/p>\n","protected":false},"excerpt":{"rendered":"<p>Karim Ben Amar Le parc Mohamed Abdou square entretenu par les habitants du quartier ainsi qu\u2019une partie des commerces et des institutions mitoyennes, ne connait pas des jours heureux, et pour cause: certains commerces avoisinant le jardin d\u00e9versent leurs ordures au beau milieu du poumon du quartier Palmier.\u00a0 T\u00e9moignage. Le square Mohamed Abdou, situ\u00e9 entre [&hellip;]<\/p>\n","protected":false},"author":1760,"featured_media":0,"comment_status":"closed","ping_status":"closed","sticky":false,"template":"","format":"standard","meta":{"fifu_image_url":"","fifu_image_alt":"","footnotes":""},"categories":[73,54],"tags":[],"class_list":["post-76509","post","type-post","status-publish","format-standard","hentry","category-actualite","category-maroc"],"_links":{"self":[{"href":"https:\/\/linitiative.ca\/International\/wp-json\/wp\/v2\/posts\/76509","targetHints":{"allow":["GET"]}}],"collection":[{"href":"https:\/\/linitiative.ca\/International\/wp-json\/wp\/v2\/posts"}],"about":[{"href":"https:\/\/linitiative.ca\/International\/wp-json\/wp\/v2\/types\/post"}],"author":[{"embeddable":true,"href":"https:\/\/linitiative.ca\/International\/wp-json\/wp\/v2\/users\/1760"}],"replies":[{"embeddable":true,"href":"https:\/\/linitiative.ca\/International\/wp-json\/wp\/v2\/comments?post=76509"}],"version-history":[{"count":0,"href":"https:\/\/linitiative.ca\/International\/wp-json\/wp\/v2\/posts\/76509\/revisions"}],"wp:attachment":[{"href":"https:\/\/linitiative.ca\/International\/wp-json\/wp\/v2\/media?parent=76509"}],"wp:term":[{"taxonomy":"category","embeddable":true,"href":"https:\/\/linitiative.ca\/International\/wp-json\/wp\/v2\/categories?post=76509"},{"taxonomy":"post_tag","embeddable":true,"href":"https:\/\/linitiative.ca\/International\/wp-json\/wp\/v2\/tags?post=76509"}],"curies":[{"name":"wp","href":"https:\/\/api.w.org\/{rel}","templated":true}]}}