{"id":76512,"date":"2020-02-19T07:11:15","date_gmt":"2020-02-19T12:11:15","guid":{"rendered":"https:\/\/linitiative.ca\/International\/vers-la-fin-de-lexception-sur-laccord-schengen\/"},"modified":"2020-02-19T07:11:15","modified_gmt":"2020-02-19T12:11:15","slug":"vers-la-fin-de-lexception-sur-laccord-schengen","status":"publish","type":"post","link":"https:\/\/linitiative.ca\/International\/vers-la-fin-de-lexception-sur-laccord-schengen\/","title":{"rendered":"Vers la fin de l\u2019exception sur l\u2019accord Schengen"},"content":{"rendered":"<p class=\"has-text-color has-vivid-red-color c2\"><strong>Pr\u00e9sides occup\u00e9s de Sebta et Melilia<br \/><\/strong><\/p>\n<p class=\"c3\"><strong>Karim Ben Amar<\/strong><\/p>\n<p class=\"has-text-color c4\"><strong>Les Marocains ne pourront plus se rendre librement\u00a0aux pr\u00e9sides marocains occup\u00e9s de Sebta\u00a0et Melilia. Et pour cause, les pr\u00e9sidents r\u00e9gionaux de ces deux territoires sous occupation espagnole veulent mettre fin \u00e0 l\u2019exception sur l\u2019accord de Schengen.<\/strong><\/p>\n<p>Les Marocains du nord du Maroc, notamment les r\u00e9sidents des villes jouxtant les deux pr\u00e9sides ont toujours \u00e9t\u00e9 exempt\u00e9s de visa pour se rendre dans ces territoires marocains occup\u00e9s par l\u2019Espagne.<\/p>\n<p>Mais voil\u00e0 que le pr\u00e9sident de la ville occup\u00e9e Sebta, Juan Vivas, envisage de revoir le statut particulier accord\u00e9 aux Marocains originaires des r\u00e9gions limitrophes des deux enclaves, selon le quotidien \u00absebtaoui\u00bb El Faro.<\/p>\n<p>Pour Juan Vivas, les professionnels de divers secteurs de l\u2019enclave partagent \u00e9galement cette id\u00e9e.<\/p>\n<p>Des \u00e9changes ont eu lieu entre Juan Vivas et Eduardo de Castro, pr\u00e9sident du pr\u00e9side marocain occup\u00e9 de Melilia, lundi 17 f\u00e9vrier.<\/p>\n<p>Suite \u00e0 l\u2019entrevue, ils ont d\u00e9cid\u00e9 de \u00abpr\u00e9parer une s\u00e9rie de mesures afin que les deux villes autonomes n\u2019aient pas \u00e0 d\u00e9pendre du\u00a0<a href=\"https:\/\/www.bladi.net\/maroc.html\">Maroc<\/a>\u00bb.<\/p>\n<p>Selon le porte-parole du gouvernement du pr\u00e9side marocain occup\u00e9 de Sebta, Alberto Gait\u00e1n, ces propositions \u00abn\u2019iront \u00e0 l\u2019encontre de personne, mais seront en faveur de Sebta et Melilia, de leurs int\u00e9r\u00eats et de ceux de leurs citoyens\u00bb.<\/p>\n<p>En plus de ces mesures, le pr\u00e9sident du pr\u00e9side occup\u00e9 de Sebta a fait savoir \u00a0qu\u2019il r\u00e9fl\u00e9chit sur la solution viable \u00e0 trouver au commerce transfrontalier avec le Maroc. Il laisse aussi entendre que les travailleurs et \u00abporteurs\u00bb marocains seront remplac\u00e9s par des \u00abch\u00f4meurs locaux\u00bb.<\/p>\n<p>Auteur: M&rsquo;hammed rahal<br \/>\n<a href=\"http:\/\/albayane.press.ma\/vers-la-fin-de-lexception-sur-laccord-schengen.html\">Cliquez ici pour lire l&rsquo;article depuis sa source.<\/a><\/p>\n","protected":false},"excerpt":{"rendered":"<p>Pr\u00e9sides occup\u00e9s de Sebta et Melilia Karim Ben Amar Les Marocains ne pourront plus se rendre librement\u00a0aux pr\u00e9sides marocains occup\u00e9s de Sebta\u00a0et Melilia. Et pour cause, les pr\u00e9sidents r\u00e9gionaux de ces deux territoires sous occupation espagnole veulent mettre fin \u00e0 l\u2019exception sur l\u2019accord de Schengen. Les Marocains du nord du Maroc, notamment les r\u00e9sidents des [&hellip;]<\/p>\n","protected":false},"author":1760,"featured_media":0,"comment_status":"closed","ping_status":"closed","sticky":false,"template":"","format":"standard","meta":{"fifu_image_url":"","fifu_image_alt":"","footnotes":""},"categories":[73,54],"tags":[],"class_list":["post-76512","post","type-post","status-publish","format-standard","hentry","category-actualite","category-maroc"],"_links":{"self":[{"href":"https:\/\/linitiative.ca\/International\/wp-json\/wp\/v2\/posts\/76512","targetHints":{"allow":["GET"]}}],"collection":[{"href":"https:\/\/linitiative.ca\/International\/wp-json\/wp\/v2\/posts"}],"about":[{"href":"https:\/\/linitiative.ca\/International\/wp-json\/wp\/v2\/types\/post"}],"author":[{"embeddable":true,"href":"https:\/\/linitiative.ca\/International\/wp-json\/wp\/v2\/users\/1760"}],"replies":[{"embeddable":true,"href":"https:\/\/linitiative.ca\/International\/wp-json\/wp\/v2\/comments?post=76512"}],"version-history":[{"count":0,"href":"https:\/\/linitiative.ca\/International\/wp-json\/wp\/v2\/posts\/76512\/revisions"}],"wp:attachment":[{"href":"https:\/\/linitiative.ca\/International\/wp-json\/wp\/v2\/media?parent=76512"}],"wp:term":[{"taxonomy":"category","embeddable":true,"href":"https:\/\/linitiative.ca\/International\/wp-json\/wp\/v2\/categories?post=76512"},{"taxonomy":"post_tag","embeddable":true,"href":"https:\/\/linitiative.ca\/International\/wp-json\/wp\/v2\/tags?post=76512"}],"curies":[{"name":"wp","href":"https:\/\/api.w.org\/{rel}","templated":true}]}}