{"id":76513,"date":"2020-02-19T07:22:36","date_gmt":"2020-02-19T12:22:36","guid":{"rendered":"https:\/\/linitiative.ca\/International\/%ef%bb%bfle-gpj-devoile-sa-contribution\/"},"modified":"2020-02-19T07:22:36","modified_gmt":"2020-02-19T12:22:36","slug":"%ef%bb%bfle-gpj-devoile-sa-contribution","status":"publish","type":"post","link":"https:\/\/linitiative.ca\/International\/%ef%bb%bfle-gpj-devoile-sa-contribution\/","title":{"rendered":"\ufeffLe GPJ  d\u00e9voile sa contribution"},"content":{"rendered":"<p class=\"has-text-color has-vivid-red-color c2\"><strong>Nouveau Mod\u00e8le de D\u00e9veloppement<\/strong><\/p>\n<p class=\"c3\">Par: <strong>Abdeslam Seddiki<\/strong><\/p>\n<p class=\"has-text-color c4\"><strong>C\u2019est au cours d\u2019une rencontre avec la presse vendredi dernier\u00a0 que le Gouvernement Parall\u00e8le des jeunes (GPJ) a rendu publique sa contribution au NMD.<\/strong><\/p>\n<p>Ce document qui sera remis incessamment \u00e0 la CSMD, est articul\u00e9 autour de sept axes\u00a0: le d\u00e9veloppement \u00e9conomique et la consolidation de la gouvernance, la connaissance et l\u2019IA, le d\u00e9veloppement des services sociaux, l\u2019environnement et le d\u00e9veloppement durable, l\u2019am\u00e9nagement du territoire et le d\u00e9veloppement spatial, la jeunesse dans les politiques publiques, le d\u00e9veloppement politique et la ville. Outre ces axes pr\u00e9sent\u00e9s dans l\u2019ordre, le document comporte un axe dit \u00ab\u00a0strat\u00e9gique\u00a0\u00bb portant sur les relations Maroc-Afrique\u00a0 et une annexe consacr\u00e9e aux revendications des utilisateurs des r\u00e9seaux sociaux.<\/p>\n<p>Sans\u00a0 commenter l\u2019ensemble de ces questions et les propositions concr\u00e8tes avanc\u00e9es pour chacun des axes pr\u00e9c\u00e9dents, on se contentera d\u2019insister sur les th\u00e8mes qui ont le plus retenu l\u2019attention de nos jeunes Ministres, \u00e0 savoir\u00a0 \u00a0l\u2019\u00e9ducation, la sant\u00e9, \u00a0l\u2019emploi et les probl\u00e8mes relatifs \u00e0 la jeunesse.<\/p>\n<p>Au sujet de l\u2019\u00e9ducation et de la recherche scientifique, on retiendra un certain nombre de propositions originales telles que l\u2019instauration d\u2019une contribution des entreprises \u00a0\u00e0 l\u2019\u00e9conomie du savoir de l\u2019ordre de 1% de leurs\u00a0 actifs nets,\u00a0 la r\u00e9vision des m\u00e9thodes p\u00e9dagogiques, la formation continue des universitaires\u00a0 (professeurs et administratifs), \u00a0le d\u00e9veloppement de l\u2019innovation pour promouvoir le \u00abmade in Morocco\u00bb.<\/p>\n<p>Cette derni\u00e8re proposition nous parait extr\u00eamement importante pour valoriser notre production nationale et en particulier les produits du terroir et les produits de l\u2019artisanat. Par ailleurs, la formation continue ne doit pas se limiter aux seuls cadres universitaires, mais elle doit int\u00e9resser tous les travailleurs qu\u2019ils soient manuels ou intellectuels car les m\u00e9tiers \u00e9voluent tr\u00e8s vite,\u00a0 les connaissances et les technologies \u00a0deviennent \u00a0rapidement obsol\u00e8tes sous l\u2019effet de nouvelles d\u00e9couvertes.<\/p>\n<p>C\u2019est dans ce sens qu\u2019il faut saluer l\u2019audace du GPJ d\u2019avoir abord\u00e9 la probl\u00e9matique de l\u2019intelligence artificielle (IA) qui est, dit-on, une arme \u00e0 double tranchant\u00a0dans la mesure o\u00f9 elle comporte des aspects positifs certains (am\u00e9liorer le v\u00e9cu des citoyens, r\u00e9duire le gap technologique qui nous s\u00e9pare des pays d\u00e9velopp\u00e9s), mais \u00e9galement des risques sur les relations soci\u00e9tales et l\u2019\u00e9conomie si on n\u2019y prend pas garde.<\/p>\n<p>Au\u00a0 chapitre \u00a0sant\u00e9, il y a lieu de retenir l\u2019id\u00e9e d\u2019un \u00abpacte national pour la sant\u00e9\u00bb \u00e9labor\u00e9 \u00a0\u00e0 la suite d\u2019un d\u00e9bat national sur le secteur et dont les r\u00e9dacteurs ne pr\u00e9cisent \u00a0pas ni les missions ni les finalit\u00e9s. De m\u00eame, la proposition\u00a0 de mettre en place une v\u00e9ritable politique de r\u00e9gionalisation dans le domaine de la sant\u00e9 en transformant lesdirections r\u00e9gionales en entit\u00e9s\u00a0 jouissant d\u2019une autonomie financi\u00e8re et administrative, \u00e0 l\u2019instar des AREF, m\u00e9rite d\u2019\u00eatre prise en compte.<\/p>\n<p>M\u00eame s\u2019il souligne la responsabilit\u00e9 des pouvoirs publics dans la garantie du droit \u00e0 la sant\u00e9, le GPJ n\u2019\u00e9carte pas la participation du secteur priv\u00e9 dans le cadre d\u2019un partenariat mutuellement b\u00e9n\u00e9fique. A cette fin, il est propos\u00e9 de faire des cliniques priv\u00e9es des \u00ab\u00a0instituions patriotiques\u00a0\u00bb qui investissent dans le d\u00e9veloppement humain, au lieu d\u2019\u00eatre de simples entreprises \u00e0 la recherche du profit!<\/p>\n<p>Sur l\u2019emploi, examin\u00e9 \u00e0 juste titre sous l\u2019angle de la dignit\u00e9, le m\u00e9morandum avance une s\u00e9rie de propositions\u00a0: l\u2019ad\u00e9quation formation-emploi, l\u2019am\u00e9nagement d\u2019un climat social favorable et des conditions de travail d\u00e9centes, l\u2019\u00e9galit\u00e9 des sexes, l\u2019incitation au retour des comp\u00e9tences marocaines install\u00e9es \u00e0 l\u2019\u00e9tranger, la mise en place d\u2019une strat\u00e9gie r\u00e9gionale de recrutement, l\u2019int\u00e9gration des personnes en situation de handicap et la promotion de l\u2019auto-emploi.<\/p>\n<p>Enfin, au chapitre de la jeunesse, domaine sur lequel le GPJ est le plus attendu, le document formule un certain nombre de propositions qui visent toutes \u00e0 assurer une meilleure participation\u00a0 des jeunes\u00a0:\u00a0 sensibiliser les familles \u00e0 jouer leur r\u00f4le pour assurer les \u00ab\u00a0capabilit\u00e9s\u00a0\u00bb et\u00a0 l\u2019\u00e9ducation de la jeunesse, renforcer la culture de patriotisme et de citoyennet\u00e9 aupr\u00e8s de jeunes,\u00a0 les encourager au volontariat et \u00e0 la participation citoyenne, instaurer un quota de 50% au b\u00e9n\u00e9fice des \u00a0jeunes dans les instances\u00a0 des parti politiques, amender la loi organique relative \u00e0 lanomination aux postes de responsabilit\u00e9 dans l\u2019administration en vue \u00a0de faciliter l\u2019inclusion des jeunes\u2026<\/p>\n<p>Telles sont bross\u00e9es \u00e0 grands traits les propositions du GPJ pour un Maroc nouveau. Celui que \u00abnous voulons\u00bb pour reprendre le sous-titre du m\u00e9morandum.\u00a0 Sans oublier la cr\u00e9ation d\u2019un Conseil national d\u00e9di\u00e9 aux affaires africaines et diplomatiques charg\u00e9 d\u2019\u00e9valuer les projets et les accords avec les pays du Continent.<\/p>\n<p>A travers cette contribution, que chacun appr\u00e9ciera \u00e0 sa mani\u00e8re, le GPJ s\u2019est montr\u00e9 \u00eatre une organisation qui apporte un plus, et non une simple structure de plus. Ce faisant, il trace \u00e0 la jeunesse la voie \u00e0 suivre\u00a0: celle de l\u2019engagement citoyen et de l\u2019attachement aux valeurs de progr\u00e8s. On regrettera cependant que le document, tel\u00a0 qu\u2019il a \u00e9t\u00e9pr\u00e9sent\u00e9, \u00a0manque de coh\u00e9rence et d\u2019homog\u00e9n\u00e9it\u00e9, et m\u00e9riterait par cons\u00e9quent un v\u00e9ritable lifting pour y rem\u00e9dier.<\/p>\n<p>Auteur: M&rsquo;hammed rahal<br \/>\n<a href=\"http:\/\/albayane.press.ma\/%EF%BB%BFle-gpj-devoile-sa-contribution.html\">Cliquez ici pour lire l&rsquo;article depuis sa source.<\/a><\/p>\n","protected":false},"excerpt":{"rendered":"<p>Nouveau Mod\u00e8le de D\u00e9veloppement Par: Abdeslam Seddiki C\u2019est au cours d\u2019une rencontre avec la presse vendredi dernier\u00a0 que le Gouvernement Parall\u00e8le des jeunes (GPJ) a rendu publique sa contribution au NMD. Ce document qui sera remis incessamment \u00e0 la CSMD, est articul\u00e9 autour de sept axes\u00a0: le d\u00e9veloppement \u00e9conomique et la consolidation de la gouvernance, [&hellip;]<\/p>\n","protected":false},"author":1760,"featured_media":0,"comment_status":"closed","ping_status":"closed","sticky":false,"template":"","format":"standard","meta":{"fifu_image_url":"","fifu_image_alt":"","footnotes":""},"categories":[73,54],"tags":[],"class_list":["post-76513","post","type-post","status-publish","format-standard","hentry","category-actualite","category-maroc"],"_links":{"self":[{"href":"https:\/\/linitiative.ca\/International\/wp-json\/wp\/v2\/posts\/76513","targetHints":{"allow":["GET"]}}],"collection":[{"href":"https:\/\/linitiative.ca\/International\/wp-json\/wp\/v2\/posts"}],"about":[{"href":"https:\/\/linitiative.ca\/International\/wp-json\/wp\/v2\/types\/post"}],"author":[{"embeddable":true,"href":"https:\/\/linitiative.ca\/International\/wp-json\/wp\/v2\/users\/1760"}],"replies":[{"embeddable":true,"href":"https:\/\/linitiative.ca\/International\/wp-json\/wp\/v2\/comments?post=76513"}],"version-history":[{"count":0,"href":"https:\/\/linitiative.ca\/International\/wp-json\/wp\/v2\/posts\/76513\/revisions"}],"wp:attachment":[{"href":"https:\/\/linitiative.ca\/International\/wp-json\/wp\/v2\/media?parent=76513"}],"wp:term":[{"taxonomy":"category","embeddable":true,"href":"https:\/\/linitiative.ca\/International\/wp-json\/wp\/v2\/categories?post=76513"},{"taxonomy":"post_tag","embeddable":true,"href":"https:\/\/linitiative.ca\/International\/wp-json\/wp\/v2\/tags?post=76513"}],"curies":[{"name":"wp","href":"https:\/\/api.w.org\/{rel}","templated":true}]}}