{"id":76514,"date":"2020-02-19T06:50:12","date_gmt":"2020-02-19T11:50:12","guid":{"rendered":"https:\/\/linitiative.ca\/International\/secteur-prive-demarrage-des-negociations-sociales-en-mars\/"},"modified":"2020-02-19T06:50:12","modified_gmt":"2020-02-19T11:50:12","slug":"secteur-prive-demarrage-des-negociations-sociales-en-mars","status":"publish","type":"post","link":"https:\/\/linitiative.ca\/International\/secteur-prive-demarrage-des-negociations-sociales-en-mars\/","title":{"rendered":"Secteur priv\u00e9 : D\u00e9marrage des n\u00e9gociations sociales en mars"},"content":{"rendered":"<p>L\u2019Union g\u00e9n\u00e9rale tunisienne du travail (UGTT) s\u2019appr\u00eate \u00e0 entamer un nouveau round de n\u00e9gociations sociales dans le secteur priv\u00e9 au titre de 2020 dont le d\u00e9marrage est pr\u00e9vu en mars prochain, en vertu de l\u2019accord conclu entre la centrale syndicale et l\u2019Union tunisienne de l\u2019industrie, du commerce, et de l\u2019artisanat (UTICA) en septembre 2018, a d\u00e9clar\u00e9, mardi \u00e0 Hammamet, le secr\u00e9taire g\u00e9n\u00e9ral adjoint de l\u2019UGTT charg\u00e9 du secteur priv\u00e9, Mohamed Ali Boughdiri.<\/p>\n<p>Dans une d\u00e9claration en marge du congr\u00e8s unificateur de la f\u00e9d\u00e9ration g\u00e9n\u00e9rale des agents des minist\u00e8res de la Justice, des Domaines de l\u2019Etat et des Affaires fonci\u00e8res, Boughdiri a indiqu\u00e9 que les n\u00e9gociations porteront sur l\u2019aspect organisationnel et financier. Il a soulign\u00e9 la n\u00e9cessit\u00e9 de r\u00e9viser \u00ab les chapitres abusifs \u00bb en rapport, notamment, avec les formules contractuelles. Selon lui la dur\u00e9e du contrat ne doit pas d\u00e9passer les deux ans et la titularisation doit s\u2019effectuer de fa\u00e7on syst\u00e9matique apr\u00e8s l\u2019expiration de cette p\u00e9riode.<\/p>\n<p>Nourredine Tabboubi, secr\u00e9taire g\u00e9n\u00e9ral de l\u2019UGTT, avait soulign\u00e9, vendredi dernier, lors de la conf\u00e9rence nationale relative aux n\u00e9gociations sociales au titre de l\u2019ann\u00e9e 2020, que la centrale ouvri\u00e8re est pr\u00eate \u00e0 entamer les n\u00e9gociations, d\u2019autant que les agents du secteur priv\u00e9, sont dans l\u2019attente de l\u2019aboutissement de ces n\u00e9gociations en raison de la flamb\u00e9e des prix et de l\u2019effondrement du pouvoir d\u2019achat.<\/p>\n<div class=\"wp-post-author-wrap wp-post-author-shortcode left\">\n<h3 class=\"awpa-title\"\/>\n<div class=\"wp-post-author\">\n<div class=\"awpa-img awpa-author-block square\"><a href=\"http:\/\/lexpertjournal.net\/fr\/author\/expert\/\"><img loading=\"lazy\" decoding=\"async\" alt=\"\" src=\"http:\/\/0.gravatar.com\/avatar\/97f8e10a1c1125ba104a76514ee07b16?s=150&#038;d=mm&#038;r=g\" srcset=\"http:\/\/0.gravatar.com\/avatar\/97f8e10a1c1125ba104a76514ee07b16?s=300&#038;d=mm&#038;r=g 2x\" class=\"avatar avatar-150 photo\" height=\"150\" width=\"150\"\/><\/a><\/div>\n<\/div>\n<\/div>\n<div class=\"ssba-classic-2 ssba ssbp-wrap left ssbp--theme-1 c2\"><span class=\"ssba-share-text\">Share this&#8230;<\/span><br \/><a data-site=\"\" class=\"ssba_facebook_share\" href=\"http:\/\/www.facebook.com\/sharer.php?u=http:\/\/lexpertjournal.net\/fr\/2020\/02\/19\/secteur-prive-demarrage-des-negociations-sociales-en-mars\/\" target=\"_blank\" rel=\"noopener noreferrer\"><img decoding=\"async\" src=\"http:\/\/lexpertjournal.net\/fr\/wp-content\/plugins\/simple-share-buttons-adder\/buttons\/somacro\/facebook.png\" title=\"Facebook\" class=\"ssba ssba-img c1\" alt=\"Share on Facebook\"\/><\/a><\/p>\n<p><a data-site=\"pinterest\" class=\"ssba_pinterest_share\" href=\"javascript:void((function()%7Bvar%20e=document.createElement('script');e.setAttribute('type','text\/javascript');e.setAttribute('charset','UTF-8');e.setAttribute('src','\/\/assets.pinterest.com\/js\/pinmarklet.js?r='+Math.random()*99999999);document.body.appendChild(e)%7D)());\"><img decoding=\"async\" src=\"http:\/\/lexpertjournal.net\/fr\/wp-content\/plugins\/simple-share-buttons-adder\/buttons\/somacro\/pinterest.png\" title=\"Pinterest\" class=\"ssba ssba-img c1\" alt=\"Pin on Pinterest\"\/><\/a><\/p>\n<p><a data-site=\"\" class=\"ssba_twitter_share\" href=\"http:\/\/twitter.com\/share?url=http:\/\/lexpertjournal.net\/fr\/2020\/02\/19\/secteur-prive-demarrage-des-negociations-sociales-en-mars\/&#038;text=Secteur%20priv%C3%A9%20%3A%20D%C3%A9marrage%20des%20n%C3%A9gociations%20sociales%20en%20mars%20\" target=\"\"_blank\"\"><img decoding=\"async\" src=\"http:\/\/lexpertjournal.net\/fr\/wp-content\/plugins\/simple-share-buttons-adder\/buttons\/somacro\/twitter.png\" title=\"Twitter\" class=\"ssba ssba-img c1\" alt=\"Tweet about this on Twitter\"\/><\/a><\/p>\n<p><a data-site=\"linkedin\" class=\"ssba_linkedin_share ssba_share_link\" href=\"http:\/\/www.linkedin.com\/shareArticle?mini=true&#038;url=http:\/\/lexpertjournal.net\/fr\/2020\/02\/19\/secteur-prive-demarrage-des-negociations-sociales-en-mars\/\" target=\"\"_blank\"\"><img decoding=\"async\" src=\"http:\/\/lexpertjournal.net\/fr\/wp-content\/plugins\/simple-share-buttons-adder\/buttons\/somacro\/linkedin.png\" title=\"LinkedIn\" class=\"ssba ssba-img c1\" alt=\"Share on LinkedIn\"\/><\/a><\/p>\n<\/div>\n<p>Auteur: L&rsquo;expert<br \/>\n<a href=\"http:\/\/lexpertjournal.net\/fr\/2020\/02\/19\/secteur-prive-demarrage-des-negociations-sociales-en-mars\/\">Cliquez ici pour lire l&rsquo;article depuis sa source.<\/a><\/p>\n","protected":false},"excerpt":{"rendered":"<p>L\u2019Union g\u00e9n\u00e9rale tunisienne du travail (UGTT) s\u2019appr\u00eate \u00e0 entamer un nouveau round de n\u00e9gociations sociales dans le secteur priv\u00e9 au titre de 2020 dont le d\u00e9marrage est pr\u00e9vu en mars prochain, en vertu de l\u2019accord conclu entre la centrale syndicale et l\u2019Union tunisienne de l\u2019industrie, du commerce, et de l\u2019artisanat (UTICA) en septembre 2018, a [&hellip;]<\/p>\n","protected":false},"author":1775,"featured_media":0,"comment_status":"closed","ping_status":"closed","sticky":false,"template":"","format":"standard","meta":{"fifu_image_url":"","fifu_image_alt":"","footnotes":""},"categories":[78,55],"tags":[],"class_list":["post-76514","post","type-post","status-publish","format-standard","hentry","category-economie","category-tunisie"],"_links":{"self":[{"href":"https:\/\/linitiative.ca\/International\/wp-json\/wp\/v2\/posts\/76514","targetHints":{"allow":["GET"]}}],"collection":[{"href":"https:\/\/linitiative.ca\/International\/wp-json\/wp\/v2\/posts"}],"about":[{"href":"https:\/\/linitiative.ca\/International\/wp-json\/wp\/v2\/types\/post"}],"author":[{"embeddable":true,"href":"https:\/\/linitiative.ca\/International\/wp-json\/wp\/v2\/users\/1775"}],"replies":[{"embeddable":true,"href":"https:\/\/linitiative.ca\/International\/wp-json\/wp\/v2\/comments?post=76514"}],"version-history":[{"count":0,"href":"https:\/\/linitiative.ca\/International\/wp-json\/wp\/v2\/posts\/76514\/revisions"}],"wp:attachment":[{"href":"https:\/\/linitiative.ca\/International\/wp-json\/wp\/v2\/media?parent=76514"}],"wp:term":[{"taxonomy":"category","embeddable":true,"href":"https:\/\/linitiative.ca\/International\/wp-json\/wp\/v2\/categories?post=76514"},{"taxonomy":"post_tag","embeddable":true,"href":"https:\/\/linitiative.ca\/International\/wp-json\/wp\/v2\/tags?post=76514"}],"curies":[{"name":"wp","href":"https:\/\/api.w.org\/{rel}","templated":true}]}}