{"id":76515,"date":"2020-02-19T06:53:16","date_gmt":"2020-02-19T11:53:16","guid":{"rendered":"https:\/\/linitiative.ca\/International\/decouvert-par-les-forces-securitaires-et-militaires-un-camp-de-terroristes-sur-les-hauteurs-de-kasserine\/"},"modified":"2020-02-19T06:53:16","modified_gmt":"2020-02-19T11:53:16","slug":"decouvert-par-les-forces-securitaires-et-militaires-un-camp-de-terroristes-sur-les-hauteurs-de-kasserine","status":"publish","type":"post","link":"https:\/\/linitiative.ca\/International\/decouvert-par-les-forces-securitaires-et-militaires-un-camp-de-terroristes-sur-les-hauteurs-de-kasserine\/","title":{"rendered":"D\u00e9couvert par les forces s\u00e9curitaires et militaires :  Un camp de terroristes sur les hauteurs de Kasserine"},"content":{"rendered":"<p>Un camp de terroristes a \u00e9t\u00e9 d\u00e9couvert, lundi, sur les hauteurs du gouvernorat de Kasserine, annonce, mardi, le minist\u00e8re de l\u2019Int\u00e9rieur.<\/p>\n<p>Les services r\u00e9gionaux sp\u00e9cialis\u00e9s ont d\u00e9couvert ce camp apr\u00e8s des renseignements fournis sur des mouvements d\u2019\u00e9l\u00e9ments terroristes sur les hauteurs du gouvernorat de Kasserine, pr\u00e9cise le minist\u00e8re dans un communiqu\u00e9.<\/p>\n<p>Des v\u00eatements et des provisions ainsi que du mat\u00e9riel sp\u00e9cifique ont \u00e9t\u00e9 saisis.<\/p>\n<p>Cette op\u00e9ration a \u00e9t\u00e9 men\u00e9e conjointement avec la Brigade antiterroriste de Kasserine et les unit\u00e9s de la Garde et de l\u2019arm\u00e9e nationales, ajoute le communiqu\u00e9.<\/p>\n<p>Ce camp terroriste est le deuxi\u00e8me d\u00e9couvert en une semaine. Le minist\u00e8re de l\u2019Int\u00e9rieur avait annonc\u00e9 le 11 f\u00e9vrier dernier, que les unit\u00e9s s\u00e9curitaires ont d\u00e9couvert un camp de terroristes au mont Semmama, dans un lieu connu sous l\u2019appellation \u00ab Cho\u00e2bat Oued Addiar \u00bb.<\/p>\n<p>Des mines de diff\u00e9rents calibres ainsi que du mat\u00e9riel destin\u00e9 \u00e0 la fabrication d\u2019explosifs ont \u00e9t\u00e9 saisis lors de cette op\u00e9ration.<\/p>\n<div class=\"wp-post-author-wrap wp-post-author-shortcode left\">\n<h3 class=\"awpa-title\"\/>\n<div class=\"wp-post-author\">\n<div class=\"awpa-img awpa-author-block square\"><a href=\"http:\/\/lexpertjournal.net\/fr\/author\/expert\/\"><img loading=\"lazy\" decoding=\"async\" alt=\"\" src=\"http:\/\/0.gravatar.com\/avatar\/97f8e10a1c1125ba104a76514ee07b16?s=150&#038;d=mm&#038;r=g\" srcset=\"http:\/\/0.gravatar.com\/avatar\/97f8e10a1c1125ba104a76514ee07b16?s=300&#038;d=mm&#038;r=g 2x\" class=\"avatar avatar-150 photo\" height=\"150\" width=\"150\"\/><\/a><\/div>\n<\/div>\n<\/div>\n<div class=\"ssba-classic-2 ssba ssbp-wrap left ssbp--theme-1 c2\"><span class=\"ssba-share-text\">Share this&#8230;<\/span><br \/><a data-site=\"\" class=\"ssba_facebook_share\" href=\"http:\/\/www.facebook.com\/sharer.php?u=http:\/\/lexpertjournal.net\/fr\/2020\/02\/19\/decouvert-par-les-forces-securitaires-et-militaires-un-camp-de-terroristes-sur-les-hauteurs-de-kasserine\/\" target=\"_blank\" rel=\"noopener noreferrer\"><img decoding=\"async\" src=\"http:\/\/lexpertjournal.net\/fr\/wp-content\/plugins\/simple-share-buttons-adder\/buttons\/somacro\/facebook.png\" title=\"Facebook\" class=\"ssba ssba-img c1\" alt=\"Share on Facebook\"\/><\/a><\/p>\n<p><a data-site=\"pinterest\" class=\"ssba_pinterest_share\" href=\"javascript:void((function()%7Bvar%20e=document.createElement('script');e.setAttribute('type','text\/javascript');e.setAttribute('charset','UTF-8');e.setAttribute('src','\/\/assets.pinterest.com\/js\/pinmarklet.js?r='+Math.random()*99999999);document.body.appendChild(e)%7D)());\"><img decoding=\"async\" src=\"http:\/\/lexpertjournal.net\/fr\/wp-content\/plugins\/simple-share-buttons-adder\/buttons\/somacro\/pinterest.png\" title=\"Pinterest\" class=\"ssba ssba-img c1\" alt=\"Pin on Pinterest\"\/><\/a><\/p>\n<p><a data-site=\"\" class=\"ssba_twitter_share\" href=\"http:\/\/twitter.com\/share?url=http:\/\/lexpertjournal.net\/fr\/2020\/02\/19\/decouvert-par-les-forces-securitaires-et-militaires-un-camp-de-terroristes-sur-les-hauteurs-de-kasserine\/&#038;text=D%C3%A9couvert%20par%20les%20forces%20s%C3%A9curitaires%20et%20militaires%20%3A%20%20Un%20camp%20de%20terroristes%20sur%20les%20hauteurs%20de%20Kasserine%20\" target=\"\"_blank\"\"><img decoding=\"async\" src=\"http:\/\/lexpertjournal.net\/fr\/wp-content\/plugins\/simple-share-buttons-adder\/buttons\/somacro\/twitter.png\" title=\"Twitter\" class=\"ssba ssba-img c1\" alt=\"Tweet about this on Twitter\"\/><\/a><\/p>\n<p><a data-site=\"linkedin\" class=\"ssba_linkedin_share ssba_share_link\" href=\"http:\/\/www.linkedin.com\/shareArticle?mini=true&#038;url=http:\/\/lexpertjournal.net\/fr\/2020\/02\/19\/decouvert-par-les-forces-securitaires-et-militaires-un-camp-de-terroristes-sur-les-hauteurs-de-kasserine\/\" target=\"\"_blank\"\"><img decoding=\"async\" src=\"http:\/\/lexpertjournal.net\/fr\/wp-content\/plugins\/simple-share-buttons-adder\/buttons\/somacro\/linkedin.png\" title=\"LinkedIn\" class=\"ssba ssba-img c1\" alt=\"Share on LinkedIn\"\/><\/a><\/p>\n<\/div>\n<p>Auteur: L&rsquo;expert<br \/>\n<a href=\"http:\/\/lexpertjournal.net\/fr\/2020\/02\/19\/decouvert-par-les-forces-securitaires-et-militaires-un-camp-de-terroristes-sur-les-hauteurs-de-kasserine\/\">Cliquez ici pour lire l&rsquo;article depuis sa source.<\/a><\/p>\n","protected":false},"excerpt":{"rendered":"<p>Un camp de terroristes a \u00e9t\u00e9 d\u00e9couvert, lundi, sur les hauteurs du gouvernorat de Kasserine, annonce, mardi, le minist\u00e8re de l\u2019Int\u00e9rieur. Les services r\u00e9gionaux sp\u00e9cialis\u00e9s ont d\u00e9couvert ce camp apr\u00e8s des renseignements fournis sur des mouvements d\u2019\u00e9l\u00e9ments terroristes sur les hauteurs du gouvernorat de Kasserine, pr\u00e9cise le minist\u00e8re dans un communiqu\u00e9. Des v\u00eatements et des [&hellip;]<\/p>\n","protected":false},"author":1775,"featured_media":0,"comment_status":"closed","ping_status":"closed","sticky":false,"template":"","format":"standard","meta":{"fifu_image_url":"","fifu_image_alt":"","footnotes":""},"categories":[78,55],"tags":[],"class_list":["post-76515","post","type-post","status-publish","format-standard","hentry","category-economie","category-tunisie"],"_links":{"self":[{"href":"https:\/\/linitiative.ca\/International\/wp-json\/wp\/v2\/posts\/76515","targetHints":{"allow":["GET"]}}],"collection":[{"href":"https:\/\/linitiative.ca\/International\/wp-json\/wp\/v2\/posts"}],"about":[{"href":"https:\/\/linitiative.ca\/International\/wp-json\/wp\/v2\/types\/post"}],"author":[{"embeddable":true,"href":"https:\/\/linitiative.ca\/International\/wp-json\/wp\/v2\/users\/1775"}],"replies":[{"embeddable":true,"href":"https:\/\/linitiative.ca\/International\/wp-json\/wp\/v2\/comments?post=76515"}],"version-history":[{"count":0,"href":"https:\/\/linitiative.ca\/International\/wp-json\/wp\/v2\/posts\/76515\/revisions"}],"wp:attachment":[{"href":"https:\/\/linitiative.ca\/International\/wp-json\/wp\/v2\/media?parent=76515"}],"wp:term":[{"taxonomy":"category","embeddable":true,"href":"https:\/\/linitiative.ca\/International\/wp-json\/wp\/v2\/categories?post=76515"},{"taxonomy":"post_tag","embeddable":true,"href":"https:\/\/linitiative.ca\/International\/wp-json\/wp\/v2\/tags?post=76515"}],"curies":[{"name":"wp","href":"https:\/\/api.w.org\/{rel}","templated":true}]}}