{"id":76520,"date":"2020-02-19T13:04:04","date_gmt":"2020-02-19T18:04:04","guid":{"rendered":"https:\/\/linitiative.ca\/International\/khenchela-ouverture-de-la-1e-edition-des-journees-cinematographiques\/"},"modified":"2020-02-19T13:04:04","modified_gmt":"2020-02-19T18:04:04","slug":"khenchela-ouverture-de-la-1e-edition-des-journees-cinematographiques","status":"publish","type":"post","link":"https:\/\/linitiative.ca\/International\/khenchela-ouverture-de-la-1e-edition-des-journees-cinematographiques\/","title":{"rendered":"Khenchela: ouverture de la 1e \u00e9dition des journ\u00e9es cin\u00e9matographiques"},"content":{"rendered":"<div readability=\"35\">\n<p><strong>KHENCHELA &#8211; La premi\u00e8re \u00e9dition des journ\u00e9es cin\u00e9matographiques de Khenchela a \u00e9t\u00e9 ouverte mardi \u00e0 la maison de la culture Ali Soua\u00efhi sous le th\u00e8me \u00ab\u00a0la R\u00e9volution lib\u00e9ratrice, vue par le cin\u00e9ma alg\u00e9rien\u00a0\u00bb.<\/strong><\/p>\n<\/div>\n<div readability=\"72.3927986907\">\n<p>Dix films (10) alg\u00e9riens sur la R\u00e9volution seront ainsi projet\u00e9s \u00e0 la maison de la culture et, par le cin\u00e9ma mobile, dans les communes de Tamaza, Ka\u00efs et Chechar durant cette manifestation de cinq jours ouverte par le secr\u00e9taire g\u00e9n\u00e9ral de la wilaya Rachid Boukara.<\/p>\n<p>Le directeur de la culture, Abdelkader Djaaleb, a indiqu\u00e9, \u00e0 l\u2019ouverture des journ\u00e9es cin\u00e9matographiques, que la manifestation met en exergue le r\u00f4le du cin\u00e9ma dans la pr\u00e9sentation de l\u2019action r\u00e9volutionnaire des chouhada et moudjahidine pour que l\u2019Alg\u00e9rie recouvre son ind\u00e9pendance et sa libert\u00e9.<\/p>\n<p>De son c\u00f4t\u00e9, Noureddine Kouider, directeur de la maison de la culture co-organisatrice de ces journ\u00e9es avec le Centre national du cin\u00e9ma et de l\u2019audiovisuel, a pr\u00e9cis\u00e9 que ce rendez-vous cin\u00e9matographique est inscrit dans le cadre des festivit\u00e9s locales de comm\u00e9moration de la Journ\u00e9e nationale du chahid (18 f\u00e9vrier de chaque ann\u00e9e).<\/p>\n<hr\/>\n<h3>Lire aussi:\u00a0<a href=\"http:\/\/www.aps.dz\/culture\/101546-premieres-journees-cinematographiques-a-khenchela-dix-films-historiques-sur-la-revolution-au-programme\" target=\"_blank\" rel=\"noopener noreferrer\">1es Journ\u00e9es cin\u00e9matographiques: 10 films historiques sur la r\u00e9volution au programme<\/a><\/h3>\n<hr\/>\n<p>Des conf\u00e9rences sur la production cin\u00e9matographique en Alg\u00e9rie apr\u00e8s l\u2019ind\u00e9pendance et ses challenges actuels et des ateliers th\u00e9matiques sur la r\u00e9daction de sc\u00e9narii, le tournage et l\u2019art du com\u00e9dien seront anim\u00e9s durant ces journ\u00e9es par des professionnels du cin\u00e9ma et des critiques.<\/p>\n<p>La c\u00e9r\u00e9monie d\u2019ouverture a donn\u00e9 lieu \u00e0 la projection du film \u00ab\u00a0Celle qui vivra\u00a0\u00bb de Omar Hakkar, natif de Khenchela, qui a \u00e9t\u00e9 honor\u00e9 \u00e0 l\u2019occasion apr\u00e8s la projection d\u2019un documentaire sur son parcours professionnel.<\/p>\n<p>Les journ\u00e9es cin\u00e9matographiques de Khenchela verront la pr\u00e9sentation des films \u00ab\u00a0La bataille d\u2019Alger\u00a0\u00bb, \u00ab\u00a0L\u2019opium et le b\u00e2ton\u00a0\u00bb, \u00ab\u00a0Patrouille \u00e0 l\u2019Est\u00a0\u00bb, \u00ab\u00a0Lamb\u00e8se\u00a0\u00bb, \u00ab\u00a0Le colonel Lotfi\u00a0\u00bb, \u00ab\u00a0Mustapha Benboula\u00efd\u00a0\u00bb et \u00ab\u00a0Pont vers la vie\u00a0\u00bb, selon les organisateurs.<\/p>\n<\/div>\n<p>Auteur:<br \/>\n<a href=\"http:\/\/www.aps.dz\/culture\/101846-khenchela-ouverture-de-la-1e-edition-des-journees-cinematographiques\">Cliquez ici pour lire l&rsquo;article depuis sa source.<\/a><\/p>\n","protected":false},"excerpt":{"rendered":"<p>KHENCHELA &#8211; La premi\u00e8re \u00e9dition des journ\u00e9es cin\u00e9matographiques de Khenchela a \u00e9t\u00e9 ouverte mardi \u00e0 la maison de la culture Ali Soua\u00efhi sous le th\u00e8me \u00ab\u00a0la R\u00e9volution lib\u00e9ratrice, vue par le cin\u00e9ma alg\u00e9rien\u00a0\u00bb. Dix films (10) alg\u00e9riens sur la R\u00e9volution seront ainsi projet\u00e9s \u00e0 la maison de la culture et, par le cin\u00e9ma mobile, dans [&hellip;]<\/p>\n","protected":false},"author":1790,"featured_media":0,"comment_status":"closed","ping_status":"closed","sticky":false,"template":"","format":"standard","meta":{"fifu_image_url":"","fifu_image_alt":"","footnotes":""},"categories":[53,79],"tags":[],"class_list":["post-76520","post","type-post","status-publish","format-standard","hentry","category-algerie","category-culture"],"_links":{"self":[{"href":"https:\/\/linitiative.ca\/International\/wp-json\/wp\/v2\/posts\/76520","targetHints":{"allow":["GET"]}}],"collection":[{"href":"https:\/\/linitiative.ca\/International\/wp-json\/wp\/v2\/posts"}],"about":[{"href":"https:\/\/linitiative.ca\/International\/wp-json\/wp\/v2\/types\/post"}],"author":[{"embeddable":true,"href":"https:\/\/linitiative.ca\/International\/wp-json\/wp\/v2\/users\/1790"}],"replies":[{"embeddable":true,"href":"https:\/\/linitiative.ca\/International\/wp-json\/wp\/v2\/comments?post=76520"}],"version-history":[{"count":0,"href":"https:\/\/linitiative.ca\/International\/wp-json\/wp\/v2\/posts\/76520\/revisions"}],"wp:attachment":[{"href":"https:\/\/linitiative.ca\/International\/wp-json\/wp\/v2\/media?parent=76520"}],"wp:term":[{"taxonomy":"category","embeddable":true,"href":"https:\/\/linitiative.ca\/International\/wp-json\/wp\/v2\/categories?post=76520"},{"taxonomy":"post_tag","embeddable":true,"href":"https:\/\/linitiative.ca\/International\/wp-json\/wp\/v2\/tags?post=76520"}],"curies":[{"name":"wp","href":"https:\/\/api.w.org\/{rel}","templated":true}]}}