{"id":76521,"date":"2020-02-19T13:04:08","date_gmt":"2020-02-19T18:04:08","guid":{"rendered":"https:\/\/linitiative.ca\/International\/et-si-je-les-tuais-tous-madame-le-monologue-des-silences-bavards\/"},"modified":"2020-02-19T13:04:08","modified_gmt":"2020-02-19T18:04:08","slug":"et-si-je-les-tuais-tous-madame-le-monologue-des-silences-bavards","status":"publish","type":"post","link":"https:\/\/linitiative.ca\/International\/et-si-je-les-tuais-tous-madame-le-monologue-des-silences-bavards\/","title":{"rendered":"\u00ab\u00a0Et si je les tuais tous Madame\u00a0\u00bb, le monologue des silences bavards"},"content":{"rendered":"<div readability=\"41\">\n<p><strong>BEJAIA- \u00abEt si je les tuais tous Madame\u00bb, est une cr\u00e9ation th\u00e9\u00e2trale S\u00e9n\u00e9galo-Burkinab\u00e9, pr\u00e9sent\u00e9e, mardi soir au th\u00e9\u00e2tre\u00a0\u00bbAbdelmalek Bouguermouh\u00a0\u00bb, au quatri\u00e8me jour du festival international du th\u00e9\u00e2tre de Bejaia. Elle traite \u00e0 la fois de l\u2019exil et du mal pays, en mettant en lumi\u00e8re les souffrances sourdes endur\u00e9es, selon que l\u2019on est dans un cas ou dans l\u2019autre.<\/strong><\/p>\n<\/div>\n<div readability=\"80\">\n<p>Ecrite et mise en sc\u00e8ne par le dramaturge du Burkinab\u00e9, Aristide Tamagda, la pi\u00e8ce est pr\u00e9sent\u00e9e, sous forme d\u2019un monologue pour le moins singulier, qui fait la place belle \u00e0 une flop\u00e9e de personnages qui n\u2019apparaissent jamais, mais qui occupent furieusement son esprit d\u00e9brid\u00e9 et rythment son existence et sa condition de migrant. Tels des fant\u00f4mes, son p\u00e8re, sa m\u00e8re, sa femme, son enfant, ses amis, laiss\u00e9s au pays occupent et hantent, en permanence, ses pens\u00e9es, exacerbant a chaque apparition son mal \u00eatre et son d\u00e9sespoir.<\/p>\n<blockquote readability=\"10\">\n<p><em><strong>Par un banal hasard, Lamine, se retrouve \u00e0 un carrefour ou le feu tricolore est au rouge. En attendant son passage au vert, il interpelle une femme au volant de sa voiture et tente d\u2019engage la conversation mais en vain. Elle ne remarque pas sa pr\u00e9sence.<\/strong><\/em><\/p>\n<\/blockquote>\n<p>Et comme l\u2019attente lui parait longue, il s\u2019\u00e9mbarque dans un r\u00eaverie, un voyage imaginaire dans lequel, il d\u00e9roule sa vie inaccomplie, depuis son enfance, jusqu\u2019\u00e0 l\u2019\u00e9tape de son \u00e9migration en Europe. Il s\u2019arr\u00eate sur ses \u00e9checs, ses d\u00e9sillusions, ses r\u00eaves et il se surprend a en sortir un flot de paroles et de discours qui le submerge comme un \u00ab orage du mois d\u2019Aout \u00bb avec une violence qui n\u2019a d\u2019\u00e9gal que la violence de sa vie.<\/p>\n<p>Partir ou rester ? tel est le dilemme qu\u2019il n\u2019arrive pas \u00e0 trancher, balan\u00e7ant entre deux mondes a priori peu conciliable et qui complique son choix pour l\u2019un ou l\u2019autre. Seule \u00e9chappatoire, un voyage vers une autre destin\u00e9e mais dont il n\u2019arrive pas encore \u00e0 en dessiner les contours.<\/p>\n<blockquote readability=\"12\">\n<p><em><strong>Et si seulement la petite dame au volant de sa voiture daignait lui rendre le salut et la politesse .Assur\u00e9ment, elle mettrait fin a sa folle r\u00e9flexion, et son attente d\u00e9sesp\u00e9r\u00e9e et d\u00e9sesp\u00e9rante C\u2019est la panac\u00e9e et le rem\u00e8de pour tuer ses fant\u00f4mes, voire m\u00eame, ceux de son interlocutrice \u00e0 savoir.<\/strong><\/em><\/p>\n<\/blockquote>\n<p>La chronique reste aussi silencieuse que bavarde et met en avant les rapports Franco-africains, se c\u00f4toyant tous les jours depuis un si\u00e8cle se parlant peu.<\/p>\n<\/div>\n<p>Auteur:<br \/>\n<a href=\"http:\/\/www.aps.dz\/culture\/101862-et-si-je-les-tuais-tous-madame-le-monologue-des-silences-bavards\">Cliquez ici pour lire l&rsquo;article depuis sa source.<\/a><\/p>\n","protected":false},"excerpt":{"rendered":"<p>BEJAIA- \u00abEt si je les tuais tous Madame\u00bb, est une cr\u00e9ation th\u00e9\u00e2trale S\u00e9n\u00e9galo-Burkinab\u00e9, pr\u00e9sent\u00e9e, mardi soir au th\u00e9\u00e2tre\u00a0\u00bbAbdelmalek Bouguermouh\u00a0\u00bb, au quatri\u00e8me jour du festival international du th\u00e9\u00e2tre de Bejaia. Elle traite \u00e0 la fois de l\u2019exil et du mal pays, en mettant en lumi\u00e8re les souffrances sourdes endur\u00e9es, selon que l\u2019on est dans un cas [&hellip;]<\/p>\n","protected":false},"author":1790,"featured_media":0,"comment_status":"closed","ping_status":"closed","sticky":false,"template":"","format":"standard","meta":{"fifu_image_url":"","fifu_image_alt":"","footnotes":""},"categories":[53,79],"tags":[],"class_list":["post-76521","post","type-post","status-publish","format-standard","hentry","category-algerie","category-culture"],"_links":{"self":[{"href":"https:\/\/linitiative.ca\/International\/wp-json\/wp\/v2\/posts\/76521","targetHints":{"allow":["GET"]}}],"collection":[{"href":"https:\/\/linitiative.ca\/International\/wp-json\/wp\/v2\/posts"}],"about":[{"href":"https:\/\/linitiative.ca\/International\/wp-json\/wp\/v2\/types\/post"}],"author":[{"embeddable":true,"href":"https:\/\/linitiative.ca\/International\/wp-json\/wp\/v2\/users\/1790"}],"replies":[{"embeddable":true,"href":"https:\/\/linitiative.ca\/International\/wp-json\/wp\/v2\/comments?post=76521"}],"version-history":[{"count":0,"href":"https:\/\/linitiative.ca\/International\/wp-json\/wp\/v2\/posts\/76521\/revisions"}],"wp:attachment":[{"href":"https:\/\/linitiative.ca\/International\/wp-json\/wp\/v2\/media?parent=76521"}],"wp:term":[{"taxonomy":"category","embeddable":true,"href":"https:\/\/linitiative.ca\/International\/wp-json\/wp\/v2\/categories?post=76521"},{"taxonomy":"post_tag","embeddable":true,"href":"https:\/\/linitiative.ca\/International\/wp-json\/wp\/v2\/tags?post=76521"}],"curies":[{"name":"wp","href":"https:\/\/api.w.org\/{rel}","templated":true}]}}